{"id":845,"date":"2013-09-30T09:01:06","date_gmt":"2013-09-30T12:01:06","guid":{"rendered":"https:\/\/www.orlandia.sp.gov.br\/novo\/?p=845"},"modified":"2013-11-04T14:07:22","modified_gmt":"2013-11-04T17:07:22","slug":"processo-seletivo-0012011","status":"publish","type":"post","link":"https:\/\/www.orlandia.sp.gov.br\/novo\/publicacoes\/processo-seletivo-0012011","title":{"rendered":"Processo Seletivo 001\/2011"},"content":{"rendered":"<p style=\"text-align: justify;\">Realiza\u00e7\u00e3o: 19\/12\/2011 \u00e0s 00:00hs.<\/p>\n<p style=\"text-align: justify;\">Objeto: O Processo Seletivo destina-se a contrata\u00e7\u00e3o tempor\u00e1ria de docentes, sendo que o prazo de vig\u00eancia da contrata\u00e7\u00e3o limita-se ao ano letivo fixado no calend\u00e1rio escolar.<\/p>\n<p style=\"text-align: justify;\">24\/02\/2012 &#8211; <a href=\"https:\/\/www.orlandia.sp.gov.br\/editais\/ps001.2011_12.pdf\" target=\"_blank\">Convoca\u00e7\u00e3o n\u00ba 03<\/a><\/p>\n<p style=\"text-align: justify;\">09\/02\/2012 &#8211; <a href=\"https:\/\/www.orlandia.sp.gov.br\/editais\/ps001.2011_11.pdf\" target=\"_blank\">Convoca\u00e7\u00e3o n\u00ba 02<\/a><\/p>\n<p style=\"text-align: justify;\">03\/02\/2012 &#8211; <a href=\"https:\/\/www.orlandia.sp.gov.br\/editais\/ps001.2011_10.pdf\" target=\"_blank\">Convoca\u00e7\u00e3o n\u00ba 01<\/a><\/p>\n<p style=\"text-align: justify;\">03\/02\/2012 &#8211; <a href=\"https:\/\/www.orlandia.sp.gov.br\/editais\/ps001.2011_9.pdf\" target=\"_blank\">Resultado Homologa\u00e7\u00e3o<\/a><\/p>\n<p style=\"text-align: justify;\">02\/02\/2012 &#8211; <a href=\"https:\/\/187.61.13.178\/Concursos\/ORLANDIA-01-2011\/isencao\/\" target=\"_blank\">Resultado da Solicita\u00e7\u00e3o de Isen\u00e7\u00e3o do Pagamento da Taxa de Inscri\u00e7\u00e3o<\/a><\/p>\n<p style=\"text-align: justify;\">02\/02\/2012 &#8211; <a href=\"https:\/\/www.orlandia.sp.gov.br\/editais\/ps001.2011_7.pdf\" target=\"_blank\">Comunicado n\u00ba 02<\/a><\/p>\n<p style=\"text-align: justify;\">02\/02\/2012 &#8211; <a href=\"https:\/\/www.orlandia.sp.gov.br\/editais\/ps001.2011_6.pdf\" target=\"_blank\">Comunicado n\u00ba 01<\/a><\/p>\n<p style=\"text-align: justify;\">16\/12\/2011 &#8211; <a href=\"https:\/\/www.orlandia.sp.gov.br\/editais\/retificacao3_ps001.2011.pdf\" target=\"_blank\">Edital de Retifica\u00e7\u00e3o 3<\/a><\/p>\n<p style=\"text-align: justify;\">16\/12\/2011 &#8211; <a href=\"https:\/\/www.orlandia.sp.gov.br\/editais\/retificacao2_ps001.2011.pdf\" target=\"_blank\">Edital de Retifica\u00e7\u00e3o 2<\/a><\/p>\n<p style=\"text-align: justify;\">10\/01\/2012 &#8211; <a href=\"https:\/\/www.orlandia.sp.gov.br\/editais\/convocacao_provas_ps001.2011.pdf\" target=\"_blank\">Convoca\u00e7\u00e3o para Prova<\/a><\/p>\n<p style=\"text-align: justify;\">16\/12\/2011 &#8211; <a href=\"https:\/\/www.orlandia.sp.gov.br\/editais\/retificacao001.2011.pdf\" target=\"_blank\">Edital de Retifica\u00e7\u00e3o 1<\/a><\/p>\n<p style=\"text-align: justify;\">15\/12\/2011 &#8211; <a href=\"https:\/\/www.orlandia.sp.gov.br\/editais\/edital_abertura001_2011.pdf\" target=\"_blank\">Edital de Abertura<\/a><\/p>\n","protected":false},"excerpt":{"rendered":"<p>Realiza\u00e7\u00e3o: 19\/12\/2011 \u00e0s 00:00hs. Objeto: O Processo Seletivo destina-se a contrata\u00e7\u00e3o tempor\u00e1ria de docentes, sendo que o prazo de vig\u00eancia<\/p>\n","protected":false},"author":1,"featured_media":1256,"comment_status":"open","ping_status":"open","sticky":false,"template":"","format":"standard","meta":{"ngg_post_thumbnail":0,"footnotes":""},"categories":[43,38],"tags":[],"magazineBlocksPostFeaturedMedia":{"thumbnail":"https:\/\/www.orlandia.sp.gov.br\/novo\/wp-content\/uploads\/ngg_featured\/icone-citacao-1-150x150.png","medium":"https:\/\/www.orlandia.sp.gov.br\/novo\/wp-content\/uploads\/ngg_featured\/icone-citacao-1.png","medium_large":"https:\/\/www.orlandia.sp.gov.br\/novo\/wp-content\/uploads\/ngg_featured\/icone-citacao-1.png","large":"https:\/\/www.orlandia.sp.gov.br\/novo\/wp-content\/uploads\/ngg_featured\/icone-citacao-1.png","1536x1536":"https:\/\/www.orlandia.sp.gov.br\/novo\/wp-content\/uploads\/ngg_featured\/icone-citacao-1.png","2048x2048":"https:\/\/www.orlandia.sp.gov.br\/novo\/wp-content\/uploads\/ngg_featured\/icone-citacao-1.png","colormag-highlighted-post":"https:\/\/www.orlandia.sp.gov.br\/novo\/wp-content\/uploads\/ngg_featured\/icone-citacao-1.png","colormag-featured-post-medium":"https:\/\/www.orlandia.sp.gov.br\/novo\/wp-content\/uploads\/ngg_featured\/icone-citacao-1.png","colormag-featured-post-small":"https:\/\/www.orlandia.sp.gov.br\/novo\/wp-content\/uploads\/ngg_featured\/icone-citacao-1.png","colormag-featured-image":"https:\/\/www.orlandia.sp.gov.br\/novo\/wp-content\/uploads\/ngg_featured\/icone-citacao-1.png","colormag-default-news":"https:\/\/www.orlandia.sp.gov.br\/novo\/wp-content\/uploads\/ngg_featured\/icone-citacao-1.png","colormag-featured-image-large":"https:\/\/www.orlandia.sp.gov.br\/novo\/wp-content\/uploads\/ngg_featured\/icone-citacao-1.png"},"magazineBlocksPostAuthor":{"name":"admin","avatar":"https:\/\/secure.gravatar.com\/avatar\/5140b312f1bcbe8516bfaa79917f11b3?s=96&d=mm&r=g"},"magazineBlocksPostCommentsNumber":false,"magazineBlocksPostExcerpt":"Realiza\u00e7\u00e3o: 19\/12\/2011 \u00e0s 00:00hs. Objeto: O Processo Seletivo destina-se a contrata\u00e7\u00e3o tempor\u00e1ria de docentes, sendo que o prazo de vig\u00eancia","magazineBlocksPostCategories":["Processo Seletivo","Publica\u00e7\u00f5es"],"magazine_blocks_featured_image_url":{"full":["https:\/\/www.orlandia.sp.gov.br\/novo\/wp-content\/uploads\/ngg_featured\/icone-citacao-1.png",250,170,false],"medium":["https:\/\/www.orlandia.sp.gov.br\/novo\/wp-content\/uploads\/ngg_featured\/icone-citacao-1.png",250,170,false],"thumbnail":["https:\/\/www.orlandia.sp.gov.br\/novo\/wp-content\/uploads\/ngg_featured\/icone-citacao-1-150x150.png",150,150,true]},"magazine_blocks_author":{"display_name":"admin","author_link":"https:\/\/www.orlandia.sp.gov.br\/novo\/author\/admin"},"magazine_blocks_comment":0,"magazine_blocks_author_image":"https:\/\/secure.gravatar.com\/avatar\/5140b312f1bcbe8516bfaa79917f11b3?s=96&d=mm&r=g","magazine_blocks_category":"<a href=\"https:\/\/www.orlandia.sp.gov.br\/novo\/category\/publicacoes\/processo-seletivo\" rel=\"category tag\">Processo Seletivo<\/a> <a href=\"https:\/\/www.orlandia.sp.gov.br\/novo\/category\/publicacoes\" rel=\"category tag\">Publica\u00e7\u00f5es<\/a>","_links":{"self":[{"href":"https:\/\/www.orlandia.sp.gov.br\/novo\/wp-json\/wp\/v2\/posts\/845"}],"collection":[{"href":"https:\/\/www.orlandia.sp.gov.br\/novo\/wp-json\/wp\/v2\/posts"}],"about":[{"href":"https:\/\/www.orlandia.sp.gov.br\/novo\/wp-json\/wp\/v2\/types\/post"}],"author":[{"embeddable":true,"href":"https:\/\/www.orlandia.sp.gov.br\/novo\/wp-json\/wp\/v2\/users\/1"}],"replies":[{"embeddable":true,"href":"https:\/\/www.orlandia.sp.gov.br\/novo\/wp-json\/wp\/v2\/comments?post=845"}],"version-history":[{"count":2,"href":"https:\/\/www.orlandia.sp.gov.br\/novo\/wp-json\/wp\/v2\/posts\/845\/revisions"}],"predecessor-version":[{"id":1428,"href":"https:\/\/www.orlandia.sp.gov.br\/novo\/wp-json\/wp\/v2\/posts\/845\/revisions\/1428"}],"wp:featuredmedia":[{"embeddable":true,"href":"https:\/\/www.orlandia.sp.gov.br\/novo\/wp-json\/wp\/v2\/media\/1256"}],"wp:attachment":[{"href":"https:\/\/www.orlandia.sp.gov.br\/novo\/wp-json\/wp\/v2\/media?parent=845"}],"wp:term":[{"taxonomy":"category","embeddable":true,"href":"https:\/\/www.orlandia.sp.gov.br\/novo\/wp-json\/wp\/v2\/categories?post=845"},{"taxonomy":"post_tag","embeddable":true,"href":"https:\/\/www.orlandia.sp.gov.br\/novo\/wp-json\/wp\/v2\/tags?post=845"}],"curies":[{"name":"wp","href":"https:\/\/api.w.org\/{rel}","templated":true}]}}