{"id":818,"date":"2013-09-27T16:00:18","date_gmt":"2013-09-27T19:00:18","guid":{"rendered":"https:\/\/www.orlandia.sp.gov.br\/novo\/?p=818"},"modified":"2013-11-04T14:14:03","modified_gmt":"2013-11-04T17:14:03","slug":"pregao-0822013","status":"publish","type":"post","link":"https:\/\/www.orlandia.sp.gov.br\/novo\/publicacoes\/pregao-0822013","title":{"rendered":"Preg\u00e3o 082\/2013"},"content":{"rendered":"<p style=\"text-align: justify;\">Realiza\u00e7\u00e3o: 12\/09\/2013 \u00e0s 14:00hs.<\/p>\n<p style=\"text-align: justify;\">\nObjeto: REGISTRO DE PRE\u00c7O PARA EVENTUAIS E FUTURAS AQUISI\u00c7\u00d5ES DE COMBUST\u00cdVEIS PARA ABASTECIMENTO DA FROTA MUNICIPAL.<\/p>\n<p style=\"text-align: justify;\">02\/09\/2013 &#8211; <a href=\"https:\/\/www.orlandia.sp.gov.br\/editais\/pr45208220131.pdf\" target=\"_blank\">Download do edital<\/a><\/p>\n","protected":false},"excerpt":{"rendered":"<p>Realiza\u00e7\u00e3o: 12\/09\/2013 \u00e0s 14:00hs. Objeto: REGISTRO DE PRE\u00c7O PARA EVENTUAIS E FUTURAS AQUISI\u00c7\u00d5ES DE COMBUST\u00cdVEIS PARA ABASTECIMENTO DA FROTA MUNICIPAL.<\/p>\n","protected":false},"author":1,"featured_media":0,"comment_status":"open","ping_status":"open","sticky":false,"template":"","format":"standard","meta":{"ngg_post_thumbnail":0,"footnotes":""},"categories":[42,38],"tags":[],"magazineBlocksPostFeaturedMedia":{"thumbnail":false,"medium":false,"medium_large":false,"large":false,"1536x1536":false,"2048x2048":false,"colormag-highlighted-post":false,"colormag-featured-post-medium":false,"colormag-featured-post-small":false,"colormag-featured-image":false,"colormag-default-news":false,"colormag-featured-image-large":false},"magazineBlocksPostAuthor":{"name":"admin","avatar":"https:\/\/secure.gravatar.com\/avatar\/5140b312f1bcbe8516bfaa79917f11b3?s=96&d=mm&r=g"},"magazineBlocksPostCommentsNumber":false,"magazineBlocksPostExcerpt":"Realiza\u00e7\u00e3o: 12\/09\/2013 \u00e0s 14:00hs. Objeto: REGISTRO DE PRE\u00c7O PARA EVENTUAIS E FUTURAS AQUISI\u00c7\u00d5ES DE COMBUST\u00cdVEIS PARA ABASTECIMENTO DA FROTA MUNICIPAL.","magazineBlocksPostCategories":["Preg\u00e3o Presencial","Publica\u00e7\u00f5es"],"magazine_blocks_featured_image_url":{"full":false,"medium":false,"thumbnail":false},"magazine_blocks_author":{"display_name":"admin","author_link":"https:\/\/www.orlandia.sp.gov.br\/novo\/author\/admin"},"magazine_blocks_comment":0,"magazine_blocks_author_image":"https:\/\/secure.gravatar.com\/avatar\/5140b312f1bcbe8516bfaa79917f11b3?s=96&d=mm&r=g","magazine_blocks_category":"<a href=\"https:\/\/www.orlandia.sp.gov.br\/novo\/category\/publicacoes\/pregao-presencial\" rel=\"category tag\">Preg\u00e3o Presencial<\/a> <a href=\"https:\/\/www.orlandia.sp.gov.br\/novo\/category\/publicacoes\" rel=\"category tag\">Publica\u00e7\u00f5es<\/a>","_links":{"self":[{"href":"https:\/\/www.orlandia.sp.gov.br\/novo\/wp-json\/wp\/v2\/posts\/818"}],"collection":[{"href":"https:\/\/www.orlandia.sp.gov.br\/novo\/wp-json\/wp\/v2\/posts"}],"about":[{"href":"https:\/\/www.orlandia.sp.gov.br\/novo\/wp-json\/wp\/v2\/types\/post"}],"author":[{"embeddable":true,"href":"https:\/\/www.orlandia.sp.gov.br\/novo\/wp-json\/wp\/v2\/users\/1"}],"replies":[{"embeddable":true,"href":"https:\/\/www.orlandia.sp.gov.br\/novo\/wp-json\/wp\/v2\/comments?post=818"}],"version-history":[{"count":1,"href":"https:\/\/www.orlandia.sp.gov.br\/novo\/wp-json\/wp\/v2\/posts\/818\/revisions"}],"predecessor-version":[{"id":819,"href":"https:\/\/www.orlandia.sp.gov.br\/novo\/wp-json\/wp\/v2\/posts\/818\/revisions\/819"}],"wp:attachment":[{"href":"https:\/\/www.orlandia.sp.gov.br\/novo\/wp-json\/wp\/v2\/media?parent=818"}],"wp:term":[{"taxonomy":"category","embeddable":true,"href":"https:\/\/www.orlandia.sp.gov.br\/novo\/wp-json\/wp\/v2\/categories?post=818"},{"taxonomy":"post_tag","embeddable":true,"href":"https:\/\/www.orlandia.sp.gov.br\/novo\/wp-json\/wp\/v2\/tags?post=818"}],"curies":[{"name":"wp","href":"https:\/\/api.w.org\/{rel}","templated":true}]}}