{"id":6993,"date":"2015-11-27T09:01:22","date_gmt":"2015-11-27T12:01:22","guid":{"rendered":"https:\/\/www.orlandia.sp.gov.br\/novo\/?p=6993"},"modified":"2016-01-28T09:03:15","modified_gmt":"2016-01-28T12:03:15","slug":"pregao-presencial-772015","status":"publish","type":"post","link":"https:\/\/www.orlandia.sp.gov.br\/novo\/publicacoes\/pregao-presencial\/pregao-presencial-772015","title":{"rendered":"PREG\u00c3O PRESENCIAL 77\/2015"},"content":{"rendered":"<p>O MUNIC\u00cdPIO DE ORL\u00c2NDIA, pessoa jur\u00eddica de direito p\u00fablico interno, com sede na cidade de Orl\u00e2ndia, Estado de S\u00e3o Paulo, na Pra\u00e7a Coronel Orlando n\u00ba 600, centro, CEP 14620-000, telefone (16) 3820-8000, inscrita no CNPJ\/MF sob n\u00ba 45.351.749\/0001\u201311, inscrita na I.E 491.040.101.110, por determina\u00e7\u00e3o da Excelent\u00edssima Prefeita Municipal, SENHORA FL\u00c1VIA MENDES GOMES, torna p\u00fablico que se acha aberta \u00e0 licita\u00e7\u00e3o na modalidade PREG\u00c3O &#8211; PRESENCIAL, do tipo MENOR PRE\u00c7O \u2013 Processo n\u00ba 121\/2015, objetivando o REGISTRO DE PRE\u00c7OS PARA EVENTUAIS E FUTURAS AQUISI\u00c7\u00d5ES DE G\u00caNEROS ALIMENT\u00cdCIOS PARA ALIMENTA\u00c7\u00c3O ESCOLAR REFERENTE AO 1\u00ba SEMESTRE DE 2016, que ser\u00e1 regida pela Lei Federal n\u00ba 10.520, de 17 de julho de 2002, Decreto Municipal n\u00ba 3.373, de 30 de maio de 2005, Decreto Municipal 4.111, de 06 de fevereiro de 2012, Decreto n.\u00ba 4.266, de 03 de setembro de 2013, aplicando-se subsidiariamente, no que couberem, as disposi\u00e7\u00f5es contidas na Lei Federal n\u00ba 8.666, de 21 de junho de 1993, e demais normas regulamentares aplic\u00e1veis \u00e0 esp\u00e9cie.<br \/>\nAs propostas dever\u00e3o obedecer \u00e0s especifica\u00e7\u00f5es estabelecidas por este instrumento convocat\u00f3rio e seus anexos, que dele fazem parte integrante.<br \/>\nAs amostras e os envelopes contendo as propostas dever\u00e3o ser entregues no Departamento Municipal de Licita\u00e7\u00f5es, na Pra\u00e7a Coronel Orlando, n\u00ba 652, centro, do munic\u00edpio de Orl\u00e2ndia, no dia 06\/01\/2016 \u00e0s 09:00h, onde ocorrer\u00e1 a abertura do procedimento licitat\u00f3rio em ep\u00edgrafe.<\/p>\n<p><a id=\"linkEdital\"onclick=\"validaDownload();\"onmouseover=\"carrega();\"id=\"linkEdital\" href=\"https:\/\/www.orlandia.sp.gov.br\/novo\/wp-content\/uploads\/2015\/11\/EDITAL-PREG\u00c3O-077-2015-Registro-Pre\u00e7os-aquisi\u00e7\u00e3o-g\u00eaneros-aliment\u00edcios-1-semestre-2015-Educa\u00e7\u00e3o.pdf\">Download Edital<\/a><\/p>\n<p><a href=\"https:\/\/www.orlandia.sp.gov.br\/novo\/wp-content\/uploads\/2015\/11\/Ata-PR-077-2015-Alimenta\u00e7\u00e3o-Escolar-Nutricionale.pdf\" rel=\"\">Ata PR 077-2015 &#8211; Alimenta\u00e7\u00e3o Escolar &#8211; Nutricionale<\/a><\/p>\n<p><a href=\"https:\/\/www.orlandia.sp.gov.br\/novo\/wp-content\/uploads\/2015\/11\/Ata-PR-077-2015-Alimenta\u00e7\u00e3o-Escolar-Nutri-Arthi.pdf\" rel=\"\">Ata PR 077-2015 &#8211; Alimenta\u00e7\u00e3o Escolar &#8211; Nutri Arthi<\/a><\/p>\n<p><a href=\"https:\/\/www.orlandia.sp.gov.br\/novo\/wp-content\/uploads\/2015\/11\/Ata-PR-077-2015-Alimenta\u00e7\u00e3o-Escolar-Nori.pdf\" rel=\"\">Ata PR 077-2015 &#8211; Alimenta\u00e7\u00e3o Escolar &#8211; Nori<\/a><\/p>\n<p><a href=\"https:\/\/www.orlandia.sp.gov.br\/novo\/wp-content\/uploads\/2015\/11\/Ata-PR-077-2015-Alimenta\u00e7\u00e3o-Escolar-Massas-Roz.pdf\" rel=\"\">Ata PR 077-2015 &#8211; Alimenta\u00e7\u00e3o Escolar &#8211; Massas Roz<\/a><\/p>\n<p><a href=\"https:\/\/www.orlandia.sp.gov.br\/novo\/wp-content\/uploads\/2015\/11\/Ata-PR-077-2015-Alimenta\u00e7\u00e3o-Escolar-Maktub.pdf\" rel=\"\">Ata PR 077-2015 &#8211; Alimenta\u00e7\u00e3o Escolar &#8211; Maktub<\/a><\/p>\n<p><a href=\"https:\/\/www.orlandia.sp.gov.br\/novo\/wp-content\/uploads\/2015\/11\/Ata-PR-077-2015-Alimenta\u00e7\u00e3o-Escolar-Frigoboi.pdf\" rel=\"\">Ata PR 077-2015 &#8211; Alimenta\u00e7\u00e3o Escolar &#8211; Frigoboi<\/a><\/p>\n<p><a href=\"https:\/\/www.orlandia.sp.gov.br\/novo\/wp-content\/uploads\/2015\/11\/Ata-PR-077-2015-Alimenta\u00e7\u00e3o-Escolar-Emp\u00f3rio-Hospitalar.pdf\" rel=\"\">Ata PR 077-2015 &#8211; Alimenta\u00e7\u00e3o Escolar &#8211; Emp\u00f3rio Hospitalar<\/a><\/p>\n<p><a href=\"https:\/\/www.orlandia.sp.gov.br\/novo\/wp-content\/uploads\/2015\/11\/Ata-PR-077-2015-Alimenta\u00e7\u00e3o-Escolar-Coml.-Jo\u00e3o-Afonso.pdf\" rel=\"\">Ata PR 077-2015 &#8211; Alimenta\u00e7\u00e3o Escolar &#8211; Coml. Jo\u00e3o Afonso<\/a><\/p>\n<p><a href=\"https:\/\/www.orlandia.sp.gov.br\/novo\/wp-content\/uploads\/2015\/11\/Ata-PR-077-2015-Alimenta\u00e7\u00e3o-Escolar-Alimentar.pdf\" rel=\"\">Ata PR 077-2015 &#8211; Alimenta\u00e7\u00e3o Escolar &#8211; Alimentar<\/a><\/p>\n<p>&nbsp;<\/p>\n","protected":false},"excerpt":{"rendered":"<p>PROCESSO n\u00b0 121\/2015<br \/>\nOBJETO: REGISTRO DE PRE\u00c7OS PARA EVENTUAIS E FUTURAS AQUISI\u00c7\u00d5ES DE G\u00caNEROS ALIMENT\u00cdCIOS PARA ALIMENTA\u00c7\u00c3O ESCOLAR REFERENTE AO 1\u00ba SEMESTRE DE 2016.<br \/>\nDATA DA REALIZA\u00c7\u00c3O: 06\/01\/2016<br \/>\nHOR\u00c1RIO: 09:00 horas<br \/>\nLOCAL: Pra\u00e7a Coronel Orlando n\u00ba 652, centro.<br \/>\nOBS.: D\u00favidas somente por e-mail: licitacao@orlandia.sp.gov.br a partir da data de disponibiliza\u00e7\u00e3o<\/p>\n","protected":false},"author":10,"featured_media":0,"comment_status":"open","ping_status":"open","sticky":false,"template":"","format":"standard","meta":{"ngg_post_thumbnail":0,"footnotes":""},"categories":[42],"tags":[],"magazineBlocksPostFeaturedMedia":{"thumbnail":false,"medium":false,"medium_large":false,"large":false,"1536x1536":false,"2048x2048":false,"colormag-highlighted-post":false,"colormag-featured-post-medium":false,"colormag-featured-post-small":false,"colormag-featured-image":false,"colormag-default-news":false,"colormag-featured-image-large":false},"magazineBlocksPostAuthor":{"name":"Licita\u00e7\u00e3o","avatar":"https:\/\/secure.gravatar.com\/avatar\/510039dcf0c0f298820adcefb2dc032d?s=96&d=mm&r=g"},"magazineBlocksPostCommentsNumber":false,"magazineBlocksPostExcerpt":"PROCESSO n\u00b0 121\/2015\r\nOBJETO: REGISTRO DE PRE\u00c7OS PARA EVENTUAIS E FUTURAS AQUISI\u00c7\u00d5ES DE G\u00caNEROS ALIMENT\u00cdCIOS PARA ALIMENTA\u00c7\u00c3O ESCOLAR REFERENTE AO 1\u00ba SEMESTRE DE 2016.\r\nDATA DA REALIZA\u00c7\u00c3O: 06\/01\/2016\r\nHOR\u00c1RIO: 09:00 horas \r\nLOCAL: Pra\u00e7a Coronel Orlando n\u00ba 652, centro.\r\nOBS.: D\u00favidas somente por e-mail: licitacao@orlandia.sp.gov.br a partir da data de disponibiliza\u00e7\u00e3o","magazineBlocksPostCategories":["Preg\u00e3o Presencial"],"magazine_blocks_featured_image_url":{"full":false,"medium":false,"thumbnail":false},"magazine_blocks_author":{"display_name":"Licita\u00e7\u00e3o","author_link":"https:\/\/www.orlandia.sp.gov.br\/novo\/author\/licitacao"},"magazine_blocks_comment":0,"magazine_blocks_author_image":"https:\/\/secure.gravatar.com\/avatar\/510039dcf0c0f298820adcefb2dc032d?s=96&d=mm&r=g","magazine_blocks_category":"<a href=\"https:\/\/www.orlandia.sp.gov.br\/novo\/category\/publicacoes\/pregao-presencial\" rel=\"category tag\">Preg\u00e3o Presencial<\/a>","_links":{"self":[{"href":"https:\/\/www.orlandia.sp.gov.br\/novo\/wp-json\/wp\/v2\/posts\/6993"}],"collection":[{"href":"https:\/\/www.orlandia.sp.gov.br\/novo\/wp-json\/wp\/v2\/posts"}],"about":[{"href":"https:\/\/www.orlandia.sp.gov.br\/novo\/wp-json\/wp\/v2\/types\/post"}],"author":[{"embeddable":true,"href":"https:\/\/www.orlandia.sp.gov.br\/novo\/wp-json\/wp\/v2\/users\/10"}],"replies":[{"embeddable":true,"href":"https:\/\/www.orlandia.sp.gov.br\/novo\/wp-json\/wp\/v2\/comments?post=6993"}],"version-history":[{"count":7,"href":"https:\/\/www.orlandia.sp.gov.br\/novo\/wp-json\/wp\/v2\/posts\/6993\/revisions"}],"predecessor-version":[{"id":7247,"href":"https:\/\/www.orlandia.sp.gov.br\/novo\/wp-json\/wp\/v2\/posts\/6993\/revisions\/7247"}],"wp:attachment":[{"href":"https:\/\/www.orlandia.sp.gov.br\/novo\/wp-json\/wp\/v2\/media?parent=6993"}],"wp:term":[{"taxonomy":"category","embeddable":true,"href":"https:\/\/www.orlandia.sp.gov.br\/novo\/wp-json\/wp\/v2\/categories?post=6993"},{"taxonomy":"post_tag","embeddable":true,"href":"https:\/\/www.orlandia.sp.gov.br\/novo\/wp-json\/wp\/v2\/tags?post=6993"}],"curies":[{"name":"wp","href":"https:\/\/api.w.org\/{rel}","templated":true}]}}