{"id":6814,"date":"2015-11-27T08:50:43","date_gmt":"2015-11-27T11:50:43","guid":{"rendered":"https:\/\/www.orlandia.sp.gov.br\/novo\/?p=6814"},"modified":"2015-12-03T11:50:41","modified_gmt":"2015-12-03T14:50:41","slug":"convite-102015","status":"publish","type":"post","link":"https:\/\/www.orlandia.sp.gov.br\/novo\/publicacoes\/carta-convite\/convite-102015","title":{"rendered":"CONVITE 10\/2015 &#8211; CANCELADO"},"content":{"rendered":"<p>AVISO DE CANCELAMENTO DE LICITA\u00c7\u00c3O<\/p>\n<p>CONVITE N\u00ba 010\/2015<\/p>\n<p>PROCESSO N\u00ba 120\/2015<\/p>\n<p>A Prefeitura Municipal de Orl\u00e2ndia torna p\u00fablico o CANCELAMENTO da licita\u00e7\u00e3o na modalidade Convite n\u00ba 010\/2015, processo n\u00ba 120\/2015, o qual tem como objeto a LOCA\u00c7\u00c3O, COM FORNECIMENTO DE MATERIAL E M\u00c3O DE OBRA, COMPRENDENDO A EXECU\u00c7\u00c3O DE SERVI\u00c7OS, PARA A MONTAGEM, ELETROMEC\u00c2NICA E MANUTEN\u00c7\u00c3O DA \u00c1RVORE DE NATAL DE 15 METROS; E DA INSTALA\u00c7\u00c3O DA ILUMINA\u00c7\u00c3O DECORATIVA NAS \u00c1RVORES, ARBUSTOS E COQUEIROS LOCALIZADOS NA PRA\u00c7A M\u00c1RIO FURTADO; INSTALA\u00c7\u00c3O DA CASCATA DE LED, CONFORME ESPECIFICA\u00c7\u00c3O, NO CORETO,\u00a0 E RETIRADA DE TODO MATERIAL AP\u00d3S O PRAZO ESPECIFICADO.<\/p>\n<p><em>\u00a0<\/em><\/p>\n","protected":false},"excerpt":{"rendered":"<p>A Prefeitura Municipal de Orl\u00e2ndia torna p\u00fablico o CANCELAMENTO da licita\u00e7\u00e3o na modalidade Convite n\u00ba 010\/2015, processo n\u00ba 120\/2015, o qual tem como objeto a LOCA\u00c7\u00c3O, COM FORNECIMENTO DE MATERIAL E M\u00c3O DE OBRA, COMPRENDENDO A EXECU\u00c7\u00c3O DE SERVI\u00c7OS, PARA A MONTAGEM, ELETROMEC\u00c2NICA E MANUTEN\u00c7\u00c3O DA \u00c1RVORE DE NATAL DE 15 METROS; E DA INSTALA\u00c7\u00c3O DA ILUMINA\u00c7\u00c3O DECORATIVA NAS \u00c1RVORES, ARBUSTOS E COQUEIROS LOCALIZADOS NA PRA\u00c7A M\u00c1RIO FURTADO; INSTALA\u00c7\u00c3O DA CASCATA DE LED, CONFORME ESPECIFICA\u00c7\u00c3O, NO CORETO,\u00a0 E RETIRADA DE TODO MATERIAL AP\u00d3S O PRAZO ESPECIFICADO.<\/p>\n","protected":false},"author":10,"featured_media":0,"comment_status":"open","ping_status":"open","sticky":false,"template":"","format":"standard","meta":{"ngg_post_thumbnail":0,"footnotes":""},"categories":[32],"tags":[],"magazineBlocksPostFeaturedMedia":{"thumbnail":false,"medium":false,"medium_large":false,"large":false,"1536x1536":false,"2048x2048":false,"colormag-highlighted-post":false,"colormag-featured-post-medium":false,"colormag-featured-post-small":false,"colormag-featured-image":false,"colormag-default-news":false,"colormag-featured-image-large":false},"magazineBlocksPostAuthor":{"name":"Licita\u00e7\u00e3o","avatar":"https:\/\/secure.gravatar.com\/avatar\/510039dcf0c0f298820adcefb2dc032d?s=96&d=mm&r=g"},"magazineBlocksPostCommentsNumber":false,"magazineBlocksPostExcerpt":"A Prefeitura Municipal de Orl\u00e2ndia torna p\u00fablico o CANCELAMENTO da licita\u00e7\u00e3o na modalidade Convite n\u00ba 010\/2015, processo n\u00ba 120\/2015, o qual tem como objeto a LOCA\u00c7\u00c3O, COM FORNECIMENTO DE MATERIAL E M\u00c3O DE OBRA, COMPRENDENDO A EXECU\u00c7\u00c3O DE SERVI\u00c7OS, PARA A MONTAGEM, ELETROMEC\u00c2NICA E MANUTEN\u00c7\u00c3O DA \u00c1RVORE DE NATAL DE 15 METROS; E DA INSTALA\u00c7\u00c3O DA ILUMINA\u00c7\u00c3O DECORATIVA NAS \u00c1RVORES, ARBUSTOS E COQUEIROS LOCALIZADOS NA PRA\u00c7A M\u00c1RIO FURTADO; INSTALA\u00c7\u00c3O DA CASCATA DE LED, CONFORME ESPECIFICA\u00c7\u00c3O, NO CORETO,\u00a0 E RETIRADA DE TODO MATERIAL AP\u00d3S O PRAZO ESPECIFICADO.","magazineBlocksPostCategories":["Carta Convite"],"magazine_blocks_featured_image_url":{"full":false,"medium":false,"thumbnail":false},"magazine_blocks_author":{"display_name":"Licita\u00e7\u00e3o","author_link":"https:\/\/www.orlandia.sp.gov.br\/novo\/author\/licitacao"},"magazine_blocks_comment":0,"magazine_blocks_author_image":"https:\/\/secure.gravatar.com\/avatar\/510039dcf0c0f298820adcefb2dc032d?s=96&d=mm&r=g","magazine_blocks_category":"<a href=\"https:\/\/www.orlandia.sp.gov.br\/novo\/category\/publicacoes\/carta-convite\" rel=\"category tag\">Carta Convite<\/a>","_links":{"self":[{"href":"https:\/\/www.orlandia.sp.gov.br\/novo\/wp-json\/wp\/v2\/posts\/6814"}],"collection":[{"href":"https:\/\/www.orlandia.sp.gov.br\/novo\/wp-json\/wp\/v2\/posts"}],"about":[{"href":"https:\/\/www.orlandia.sp.gov.br\/novo\/wp-json\/wp\/v2\/types\/post"}],"author":[{"embeddable":true,"href":"https:\/\/www.orlandia.sp.gov.br\/novo\/wp-json\/wp\/v2\/users\/10"}],"replies":[{"embeddable":true,"href":"https:\/\/www.orlandia.sp.gov.br\/novo\/wp-json\/wp\/v2\/comments?post=6814"}],"version-history":[{"count":13,"href":"https:\/\/www.orlandia.sp.gov.br\/novo\/wp-json\/wp\/v2\/posts\/6814\/revisions"}],"predecessor-version":[{"id":6875,"href":"https:\/\/www.orlandia.sp.gov.br\/novo\/wp-json\/wp\/v2\/posts\/6814\/revisions\/6875"}],"wp:attachment":[{"href":"https:\/\/www.orlandia.sp.gov.br\/novo\/wp-json\/wp\/v2\/media?parent=6814"}],"wp:term":[{"taxonomy":"category","embeddable":true,"href":"https:\/\/www.orlandia.sp.gov.br\/novo\/wp-json\/wp\/v2\/categories?post=6814"},{"taxonomy":"post_tag","embeddable":true,"href":"https:\/\/www.orlandia.sp.gov.br\/novo\/wp-json\/wp\/v2\/tags?post=6814"}],"curies":[{"name":"wp","href":"https:\/\/api.w.org\/{rel}","templated":true}]}}