{"id":6305,"date":"2015-08-24T12:43:33","date_gmt":"2015-08-24T15:43:33","guid":{"rendered":"https:\/\/www.orlandia.sp.gov.br\/novo\/?p=6305"},"modified":"2015-08-25T09:09:05","modified_gmt":"2015-08-25T12:09:05","slug":"convite-092015","status":"publish","type":"post","link":"https:\/\/www.orlandia.sp.gov.br\/novo\/publicacoes\/carta-convite\/convite-092015","title":{"rendered":"CONVITE 09\/2015"},"content":{"rendered":"<p>Artigo 22, \u00a73.\u00ba da Lei de Licita\u00e7\u00f5es (n.\u00ba 8.666\/93), in verbis:<\/p>\n<p>Art. 22. S\u00e3o modalidades de licita\u00e7\u00e3o:<\/p>\n<p>(&#8230;) \u00a7 3\u00ba <span style=\"text-decoration: underline;\"><strong>Convite<\/strong><\/span> \u00e9 a modalidade de licita\u00e7\u00e3o entre interessados do ramo pertinente ao seu objeto, cadastrados ou n\u00e3o, <span style=\"text-decoration: underline;\">escolhidos<\/span> e <span style=\"text-decoration: underline;\">convidados<\/span> em <span style=\"text-decoration: underline;\">n\u00famero m\u00ednimo de 3 (tr\u00eas)<\/span> pela unidade administrativa, a qual afixar\u00e1, em local apropriado, c\u00f3pia do instrumento convocat\u00f3rio e o estender\u00e1 aos demais cadastrados na correspondente especialidade <span style=\"text-decoration: underline;\">que manifestarem seu interesse<\/span> com <strong><span style=\"text-decoration: underline;\">anteced\u00eancia de at\u00e9 24 (vinte e quatro) horas<\/span><\/strong> da apresenta\u00e7\u00e3o das propostas.<\/p>\n<p><a id=\"linkEdital\" href=\"https:\/\/www.orlandia.sp.gov.br\/novo\/wp-content\/uploads\/2015\/08\/Docs-Exigidos.pdf\">Documentos Exigidos<\/a><br \/>\n<a id=\"linkEdital\" href=\"https:\/\/www.orlandia.sp.gov.br\/novo\/wp-content\/uploads\/2015\/08\/Folha-de-rosto.pdf\">Folha de rosto<\/a><br \/>\n<a id=\"linkEdital\" href=\"https:\/\/www.orlandia.sp.gov.br\/novo\/wp-content\/uploads\/2015\/08\/Planilha-e-Mem.-Descritivo.pdf\">Planilha e Mem. Descritivo<\/a><\/p>\n","protected":false},"excerpt":{"rendered":"<p>PROCESSO n\u00b0 93\/2015<br \/>\nOBJETO: AQUISI\u00c7\u00c3O DE PLACAS DE TR\u00c2NSITO PARA SINALIZA\u00c7\u00c3O VERTICAL.<br \/>\nDATA DA REALIZA\u00c7\u00c3O: 31\/08\/2015<br \/>\nHOR\u00c1RIO: 09:00 horas<br \/>\nLOCAL: Pra\u00e7a Coronel Orlando n\u00ba 652, centro.<br \/>\nOBS.: D\u00favidas somente solicita\u00e7\u00e3o via e-mail: licitacao@orlandia.sp.gov.br a partir da data de disponibiliza\u00e7\u00e3o.<\/p>\n","protected":false},"author":10,"featured_media":0,"comment_status":"open","ping_status":"open","sticky":false,"template":"","format":"standard","meta":{"ngg_post_thumbnail":0,"footnotes":""},"categories":[32],"tags":[],"magazineBlocksPostFeaturedMedia":{"thumbnail":false,"medium":false,"medium_large":false,"large":false,"1536x1536":false,"2048x2048":false,"colormag-highlighted-post":false,"colormag-featured-post-medium":false,"colormag-featured-post-small":false,"colormag-featured-image":false,"colormag-default-news":false,"colormag-featured-image-large":false},"magazineBlocksPostAuthor":{"name":"Licita\u00e7\u00e3o","avatar":"https:\/\/secure.gravatar.com\/avatar\/510039dcf0c0f298820adcefb2dc032d?s=96&d=mm&r=g"},"magazineBlocksPostCommentsNumber":false,"magazineBlocksPostExcerpt":"PROCESSO n\u00b0 93\/2015\r\nOBJETO: AQUISI\u00c7\u00c3O DE PLACAS DE TR\u00c2NSITO PARA SINALIZA\u00c7\u00c3O VERTICAL.\r\nDATA DA REALIZA\u00c7\u00c3O: 31\/08\/2015\r\nHOR\u00c1RIO: 09:00 horas\r\nLOCAL: Pra\u00e7a Coronel Orlando n\u00ba 652, centro.\r\nOBS.: D\u00favidas somente solicita\u00e7\u00e3o via e-mail: licitacao@orlandia.sp.gov.br a partir da data de disponibiliza\u00e7\u00e3o.","magazineBlocksPostCategories":["Carta Convite"],"magazine_blocks_featured_image_url":{"full":false,"medium":false,"thumbnail":false},"magazine_blocks_author":{"display_name":"Licita\u00e7\u00e3o","author_link":"https:\/\/www.orlandia.sp.gov.br\/novo\/author\/licitacao"},"magazine_blocks_comment":0,"magazine_blocks_author_image":"https:\/\/secure.gravatar.com\/avatar\/510039dcf0c0f298820adcefb2dc032d?s=96&d=mm&r=g","magazine_blocks_category":"<a href=\"https:\/\/www.orlandia.sp.gov.br\/novo\/category\/publicacoes\/carta-convite\" rel=\"category tag\">Carta Convite<\/a>","_links":{"self":[{"href":"https:\/\/www.orlandia.sp.gov.br\/novo\/wp-json\/wp\/v2\/posts\/6305"}],"collection":[{"href":"https:\/\/www.orlandia.sp.gov.br\/novo\/wp-json\/wp\/v2\/posts"}],"about":[{"href":"https:\/\/www.orlandia.sp.gov.br\/novo\/wp-json\/wp\/v2\/types\/post"}],"author":[{"embeddable":true,"href":"https:\/\/www.orlandia.sp.gov.br\/novo\/wp-json\/wp\/v2\/users\/10"}],"replies":[{"embeddable":true,"href":"https:\/\/www.orlandia.sp.gov.br\/novo\/wp-json\/wp\/v2\/comments?post=6305"}],"version-history":[{"count":3,"href":"https:\/\/www.orlandia.sp.gov.br\/novo\/wp-json\/wp\/v2\/posts\/6305\/revisions"}],"predecessor-version":[{"id":6316,"href":"https:\/\/www.orlandia.sp.gov.br\/novo\/wp-json\/wp\/v2\/posts\/6305\/revisions\/6316"}],"wp:attachment":[{"href":"https:\/\/www.orlandia.sp.gov.br\/novo\/wp-json\/wp\/v2\/media?parent=6305"}],"wp:term":[{"taxonomy":"category","embeddable":true,"href":"https:\/\/www.orlandia.sp.gov.br\/novo\/wp-json\/wp\/v2\/categories?post=6305"},{"taxonomy":"post_tag","embeddable":true,"href":"https:\/\/www.orlandia.sp.gov.br\/novo\/wp-json\/wp\/v2\/tags?post=6305"}],"curies":[{"name":"wp","href":"https:\/\/api.w.org\/{rel}","templated":true}]}}