{"id":4976,"date":"2015-02-18T13:20:38","date_gmt":"2015-02-18T16:20:38","guid":{"rendered":"https:\/\/www.orlandia.sp.gov.br\/novo\/?p=4976"},"modified":"2015-03-02T16:03:19","modified_gmt":"2015-03-02T19:03:19","slug":"pregao-presencial-n-132015-sera-disponibilizado-em-23022015-as-1600h","status":"publish","type":"post","link":"https:\/\/www.orlandia.sp.gov.br\/novo\/publicacoes\/pregao-presencial\/pregao-presencial-n-132015-sera-disponibilizado-em-23022015-as-1600h","title":{"rendered":"PREG\u00c3O PRESENCIAL N.\u00b0 13\/2015 (arquivo de auto cota\u00e7\u00e3o dispon\u00edvel para download)."},"content":{"rendered":"<p>O <strong>MUNIC\u00cdPIO DE ORL\u00c2NDIA<\/strong>, pessoa jur\u00eddica de direito p\u00fablico interno, com sede na cidade de Orl\u00e2ndia, Estado de S\u00e3o Paulo, na Pra\u00e7a Coronel Orlando n\u00ba 600, centro, CEP 14620-000, telefone (16) 3820-8000, inscrita no CNPJ\/MF sob n\u00ba 45.351.749\/0001\u201311, por determina\u00e7\u00e3o da Excelent\u00edssima Senhora Prefeita Municipal FL\u00c1VIA MENDES GOMES, torna p\u00fablico que se acha aberta \u00e0 licita\u00e7\u00e3o na modalidade <strong>PREG\u00c3O &#8211; PRESENCIAL<\/strong>, do tipo <strong>MENOR PRE\u00c7O UNIT\u00c1RIO<\/strong> \u2013 <em><span style=\"text-decoration: underline;\">Processo n\u00ba 016\/2015,<\/span><\/em> objetivando <strong>REGISTRO DE PRE\u00c7O PARA EVENTUAIS E FUTURAS AQUISI\u00c7\u00d5ES DE MATERIAL DE EXPEDIENTE<\/strong><strong>,<\/strong> que ser\u00e1 regida pela Lei Federal n\u00ba 10.520, de 17 de julho de 2002, Decreto Municipal n\u00ba 3.373, de 30 de maio de 2005, Decreto Municipal n\u00ba 3.520, de 08 de setembro de 2006, Decreto Municipal 4.111, de 06 de fevereiro de 2012, aplicando-se subsidiariamente, no que couberem, as disposi\u00e7\u00f5es contidas na Lei Federal n\u00ba 8.666, de 21 de junho de 1993, e demais normas regulamentares aplic\u00e1veis \u00e0 esp\u00e9cie.<\/p>\n<p>As propostas dever\u00e3o obedecer \u00e0s especifica\u00e7\u00f5es estabelecidas por este instrumento convocat\u00f3rio e seus anexos, que dele fazem parte integrante.<\/p>\n<p>As amostras e os envelopes contendo as propostas dever\u00e3o ser entregues no Departamento Municipal de Licita\u00e7\u00f5es, na Pra\u00e7a Coronel Orlando, n\u00ba 652, centro, do munic\u00edpio de Orl\u00e2ndia, no dia <strong>05\/03\/2015<\/strong> \u00e0s <strong>09:00h<\/strong>, onde ocorrer\u00e1 a abertura do procedimento licitat\u00f3rio em ep\u00edgrafe.<\/p>\n<p>As amostras dever\u00e3o vir acompanhadas da rela\u00e7\u00e3o de recebimento das amostras emitida pela licitante. Os documentos de habilita\u00e7\u00e3o ser\u00e3o recebidos no endere\u00e7o acima mencionado, na sess\u00e3o p\u00fablica de processamento do Preg\u00e3o, ap\u00f3s o credenciamento dos interessados que se apresentarem para participar do certame.<\/p>\n<p>A sess\u00e3o de processamento do Preg\u00e3o ser\u00e1 realizada em depend\u00eancia pr\u00f3pria da Administra\u00e7\u00e3o P\u00fablica Municipal, localizada na Pra\u00e7a Coronel Orlando n\u00ba 652, centro, na cidade de Orl\u00e2ndia, Estado de S\u00e3o Paulo, iniciando-se no dia <strong>05\/03\/2015<\/strong> \u00e0s <strong>09<\/strong><strong>:00<\/strong> horas e ser\u00e1 conduzida por um dos Pregoeiros, com o aux\u00edlio da Equipe de Apoio, designados pelo Decreto n\u00ba 4.206, de 09 de janeiro de 2013.<\/p>\n<p><a id=\"linkEdital\"onclick=\"validaDownload();\"onmouseover=\"carrega();\"id=\"linkEdital\" href=\"https:\/\/www.orlandia.sp.gov.br\/novo\/wp-content\/uploads\/2015\/02\/EDITAL-PREG\u00c3O-013-2015-REGISTRO-DE-PRE\u00c7O-AQUISI\u00c7\u00c3O-DE-MATERIAL-DE-EXPEDIENTE-DIVERSAS-SECRETARIAS.pdf\">Download Edital<\/a><\/p>\n<p><a id=\"linkEdital\"onclick=\"validaDownload();\"onmouseover=\"carrega();\"id=\"linkEdital\" href=\"https:\/\/www.orlandia.sp.gov.br\/novo\/wp-content\/uploads\/2015\/02\/Aut.Cot-PR-13.2015.rar\">Aut.Cot PR 13.2015<\/a><\/p>\n","protected":false},"excerpt":{"rendered":"<p>OBS: SER\u00c1 UTILIZADO ARQUIVO DE COTA\u00c7\u00c3O AUTOM\u00c1TICA (DISPON\u00cdVEL JUNTO AO ARQUIVO DO EDITAL). A N\u00c3O APRESENTA\u00c7\u00c3O DO CD NO MOMENTO DA LICITA\u00c7\u00c3O IMPLICAR\u00c1 NA SUSPENS\u00c3O DA SESS\u00c3O PARA LAN\u00c7AMENTO MANUAL DAS PROPOSTAS, GERANDO ATRASO NAS ETAPAS PRESENCIAIS DO CERTAME.<\/p>\n<p>PROCESSO n\u00b0 016\/2015<br \/>\nOBJETO: REGISTRO DE PRE\u00c7O PARA EVENTUAIS E FUTURAS AQUISI\u00c7\u00d5ES DE MATERIAL DE EXPEDIENTE<br \/>\nDATA DA REALIZA\u00c7\u00c3O: 05\/03\/2015<br \/>\nHOR\u00c1RIO: 09:00 horas<br \/>\nLOCAL: Pra\u00e7a Coronel Orlando n\u00ba 652, centro.<br \/>\nObs.: a) D\u00favidas somente solicita\u00e7\u00e3o via e-mail: licitacao@orlandia.sp.gov.br. b) Atentar para a exig\u00eancia de amostras.<\/p>\n","protected":false},"author":10,"featured_media":0,"comment_status":"open","ping_status":"open","sticky":false,"template":"","format":"standard","meta":{"ngg_post_thumbnail":0,"footnotes":""},"categories":[42],"tags":[],"magazineBlocksPostFeaturedMedia":{"thumbnail":false,"medium":false,"medium_large":false,"large":false,"1536x1536":false,"2048x2048":false,"colormag-highlighted-post":false,"colormag-featured-post-medium":false,"colormag-featured-post-small":false,"colormag-featured-image":false,"colormag-default-news":false,"colormag-featured-image-large":false},"magazineBlocksPostAuthor":{"name":"Licita\u00e7\u00e3o","avatar":"https:\/\/secure.gravatar.com\/avatar\/510039dcf0c0f298820adcefb2dc032d?s=96&d=mm&r=g"},"magazineBlocksPostCommentsNumber":false,"magazineBlocksPostExcerpt":"OBS: SER\u00c1 UTILIZADO ARQUIVO DE COTA\u00c7\u00c3O AUTOM\u00c1TICA (DISPON\u00cdVEL JUNTO AO ARQUIVO DO EDITAL). A N\u00c3O APRESENTA\u00c7\u00c3O DO CD NO MOMENTO DA LICITA\u00c7\u00c3O IMPLICAR\u00c1 NA SUSPENS\u00c3O DA SESS\u00c3O PARA LAN\u00c7AMENTO MANUAL DAS PROPOSTAS, GERANDO ATRASO NAS ETAPAS PRESENCIAIS DO CERTAME.\r\n\r\nPROCESSO n\u00b0 016\/2015\r\nOBJETO: REGISTRO DE PRE\u00c7O PARA EVENTUAIS E FUTURAS AQUISI\u00c7\u00d5ES DE MATERIAL DE EXPEDIENTE\r\nDATA DA REALIZA\u00c7\u00c3O: 05\/03\/2015\r\nHOR\u00c1RIO: 09:00 horas \r\nLOCAL: Pra\u00e7a Coronel Orlando n\u00ba 652, centro.\r\nObs.: a) D\u00favidas somente solicita\u00e7\u00e3o via e-mail: licitacao@orlandia.sp.gov.br. b) Atentar para a exig\u00eancia de amostras.","magazineBlocksPostCategories":["Preg\u00e3o Presencial"],"magazine_blocks_featured_image_url":{"full":false,"medium":false,"thumbnail":false},"magazine_blocks_author":{"display_name":"Licita\u00e7\u00e3o","author_link":"https:\/\/www.orlandia.sp.gov.br\/novo\/author\/licitacao"},"magazine_blocks_comment":0,"magazine_blocks_author_image":"https:\/\/secure.gravatar.com\/avatar\/510039dcf0c0f298820adcefb2dc032d?s=96&d=mm&r=g","magazine_blocks_category":"<a href=\"https:\/\/www.orlandia.sp.gov.br\/novo\/category\/publicacoes\/pregao-presencial\" rel=\"category tag\">Preg\u00e3o Presencial<\/a>","_links":{"self":[{"href":"https:\/\/www.orlandia.sp.gov.br\/novo\/wp-json\/wp\/v2\/posts\/4976"}],"collection":[{"href":"https:\/\/www.orlandia.sp.gov.br\/novo\/wp-json\/wp\/v2\/posts"}],"about":[{"href":"https:\/\/www.orlandia.sp.gov.br\/novo\/wp-json\/wp\/v2\/types\/post"}],"author":[{"embeddable":true,"href":"https:\/\/www.orlandia.sp.gov.br\/novo\/wp-json\/wp\/v2\/users\/10"}],"replies":[{"embeddable":true,"href":"https:\/\/www.orlandia.sp.gov.br\/novo\/wp-json\/wp\/v2\/comments?post=4976"}],"version-history":[{"count":11,"href":"https:\/\/www.orlandia.sp.gov.br\/novo\/wp-json\/wp\/v2\/posts\/4976\/revisions"}],"predecessor-version":[{"id":5066,"href":"https:\/\/www.orlandia.sp.gov.br\/novo\/wp-json\/wp\/v2\/posts\/4976\/revisions\/5066"}],"wp:attachment":[{"href":"https:\/\/www.orlandia.sp.gov.br\/novo\/wp-json\/wp\/v2\/media?parent=4976"}],"wp:term":[{"taxonomy":"category","embeddable":true,"href":"https:\/\/www.orlandia.sp.gov.br\/novo\/wp-json\/wp\/v2\/categories?post=4976"},{"taxonomy":"post_tag","embeddable":true,"href":"https:\/\/www.orlandia.sp.gov.br\/novo\/wp-json\/wp\/v2\/tags?post=4976"}],"curies":[{"name":"wp","href":"https:\/\/api.w.org\/{rel}","templated":true}]}}