{"id":4617,"date":"2014-12-23T12:32:08","date_gmt":"2014-12-23T15:32:08","guid":{"rendered":"https:\/\/www.orlandia.sp.gov.br\/novo\/?p=4617"},"modified":"2015-01-06T13:53:39","modified_gmt":"2015-01-06T16:53:39","slug":"tomada-de-precos-n-112014","status":"publish","type":"post","link":"https:\/\/www.orlandia.sp.gov.br\/novo\/publicacoes\/tomada-de-preco\/tomada-de-precos-n-112014","title":{"rendered":"TOMADA DE PRE\u00c7OS N.\u00b0 11\/2014"},"content":{"rendered":"<p>A <strong>PREFEITURA MUNICIPAL DE ORL\u00c2NDIA<\/strong>, do Estado de S\u00e3o Paulo, inscrita no CNPJ\/MF sob o n\u00ba 45.351.749\/0001\u201311, inscrita na I.E n\u00ba 491.040.101.110, por determina\u00e7\u00e3o da Excelent\u00edssima Senhora Prefeita Municipal <strong>SENHORA FL\u00c1VIA MENDES GOMES<\/strong>, no uso de suas atribui\u00e7\u00f5es legais, faz p\u00fablico que se acha aberta a <strong>TOMADA DE PRE\u00c7OS N\u00ba 011\/2014, <\/strong>tipo <strong>MENOR VALOR GLOBAL<\/strong>, que tem por objeto a <strong>CONTRATA\u00c7\u00c3O DE EMPRESA ESPECIALIZADA PARA EXECU\u00c7\u00c3O DOS SERVI\u00c7OS DE REFORMA E ADAPTA\u00c7\u00d5ES DO CENTRO DO IDOSO SITUADO A RUA 06 N\u00ba 451<\/strong>, que ser\u00e1 procedida e julgada de acordo com os princ\u00edpios e normas gerais estabelecidas pela Lei Federal n\u00ba 8.666, de 21 de junho de 1993, bem como pelas disposi\u00e7\u00f5es deste edital.<\/p>\n<p>&nbsp;<\/p>\n<p>O futuro contrato a ser assinado nos presentes autos reger-se-\u00e1 pelas disposi\u00e7\u00f5es legais contidas na Lei n.\u00ba 8.666\/93,na Lei Org\u00e2nica do Munic\u00edpio de Orl\u00e2ndia e demais normas legais pertinentes.<\/p>\n<p><a id=\"linkEdital\"onclick=\"validaDownload();\"onmouseover=\"carrega();\"id=\"linkEdital\" href=\"https:\/\/www.orlandia.sp.gov.br\/novo\/wp-content\/uploads\/2014\/12\/TOMADA-DE-PRE\u00c7OS-11-2014-Contrata\u00e7\u00e3o-de-empresa-para-reforma-e-adapta\u00e7\u00f5es-do-centro-do-idoso.pdf\">Download Edital<\/a><\/p>\n<p><a href=\"https:\/\/www.orlandia.sp.gov.br\/novo\/wp-content\/uploads\/2014\/12\/Anexos4.rar\">Anexos<\/a><\/p>\n","protected":false},"excerpt":{"rendered":"<p>PROCESSO n\u00b0: 173\/2014<br \/>\nOBJETO: CONTRATA\u00c7\u00c3O PARA EXECU\u00c7\u00c3O DOS SERVI\u00c7OS DE REFORMA E ADAPTA\u00c7\u00d5ES DO CENTRO DO IDOSO  REALIZA\u00c7\u00c3O: 14\/01\/2014 \u00e0s 09:00 horas<br \/>\nLOCAL: Pra\u00e7a Cel. Orlando n\u00ba 652, centro<\/p>\n","protected":false},"author":10,"featured_media":0,"comment_status":"open","ping_status":"open","sticky":false,"template":"","format":"standard","meta":{"ngg_post_thumbnail":0,"footnotes":""},"categories":[44],"tags":[],"magazineBlocksPostFeaturedMedia":{"thumbnail":false,"medium":false,"medium_large":false,"large":false,"1536x1536":false,"2048x2048":false,"colormag-highlighted-post":false,"colormag-featured-post-medium":false,"colormag-featured-post-small":false,"colormag-featured-image":false,"colormag-default-news":false,"colormag-featured-image-large":false},"magazineBlocksPostAuthor":{"name":"Licita\u00e7\u00e3o","avatar":"https:\/\/secure.gravatar.com\/avatar\/510039dcf0c0f298820adcefb2dc032d?s=96&d=mm&r=g"},"magazineBlocksPostCommentsNumber":false,"magazineBlocksPostExcerpt":"PROCESSO n\u00b0: 173\/2014\r\nOBJETO: CONTRATA\u00c7\u00c3O PARA EXECU\u00c7\u00c3O DOS SERVI\u00c7OS DE REFORMA E ADAPTA\u00c7\u00d5ES DO CENTRO DO IDOSO  REALIZA\u00c7\u00c3O: 14\/01\/2014 \u00e0s 09:00 horas\r\nLOCAL: Pra\u00e7a Cel. Orlando n\u00ba 652, centro","magazineBlocksPostCategories":["Tomada de Pre\u00e7o"],"magazine_blocks_featured_image_url":{"full":false,"medium":false,"thumbnail":false},"magazine_blocks_author":{"display_name":"Licita\u00e7\u00e3o","author_link":"https:\/\/www.orlandia.sp.gov.br\/novo\/author\/licitacao"},"magazine_blocks_comment":0,"magazine_blocks_author_image":"https:\/\/secure.gravatar.com\/avatar\/510039dcf0c0f298820adcefb2dc032d?s=96&d=mm&r=g","magazine_blocks_category":"<a href=\"https:\/\/www.orlandia.sp.gov.br\/novo\/category\/publicacoes\/tomada-de-preco\" rel=\"category tag\">Tomada de Pre\u00e7o<\/a>","_links":{"self":[{"href":"https:\/\/www.orlandia.sp.gov.br\/novo\/wp-json\/wp\/v2\/posts\/4617"}],"collection":[{"href":"https:\/\/www.orlandia.sp.gov.br\/novo\/wp-json\/wp\/v2\/posts"}],"about":[{"href":"https:\/\/www.orlandia.sp.gov.br\/novo\/wp-json\/wp\/v2\/types\/post"}],"author":[{"embeddable":true,"href":"https:\/\/www.orlandia.sp.gov.br\/novo\/wp-json\/wp\/v2\/users\/10"}],"replies":[{"embeddable":true,"href":"https:\/\/www.orlandia.sp.gov.br\/novo\/wp-json\/wp\/v2\/comments?post=4617"}],"version-history":[{"count":11,"href":"https:\/\/www.orlandia.sp.gov.br\/novo\/wp-json\/wp\/v2\/posts\/4617\/revisions"}],"predecessor-version":[{"id":4711,"href":"https:\/\/www.orlandia.sp.gov.br\/novo\/wp-json\/wp\/v2\/posts\/4617\/revisions\/4711"}],"wp:attachment":[{"href":"https:\/\/www.orlandia.sp.gov.br\/novo\/wp-json\/wp\/v2\/media?parent=4617"}],"wp:term":[{"taxonomy":"category","embeddable":true,"href":"https:\/\/www.orlandia.sp.gov.br\/novo\/wp-json\/wp\/v2\/categories?post=4617"},{"taxonomy":"post_tag","embeddable":true,"href":"https:\/\/www.orlandia.sp.gov.br\/novo\/wp-json\/wp\/v2\/tags?post=4617"}],"curies":[{"name":"wp","href":"https:\/\/api.w.org\/{rel}","templated":true}]}}