{"id":4531,"date":"2014-12-09T08:36:39","date_gmt":"2014-12-09T11:36:39","guid":{"rendered":"https:\/\/www.orlandia.sp.gov.br\/novo\/?p=4531"},"modified":"2014-12-30T15:40:50","modified_gmt":"2014-12-30T18:40:50","slug":"concorrencia-publica-n-0072014","status":"publish","type":"post","link":"https:\/\/www.orlandia.sp.gov.br\/novo\/publicacoes\/concorrencia-publica\/concorrencia-publica-n-0072014","title":{"rendered":"CONCORR\u00caNCIA P\u00daBLICA N.\u00b0 007\/2014"},"content":{"rendered":"<p><strong>EDITAL DE CONCORR\u00caNCIA P\u00daBLICA N\u00ba <\/strong><strong>007\/2014 <\/strong><\/p>\n<p><strong>PROCESSO: 167\/2014<\/strong><\/p>\n<p><strong>DATA DA REALIZA\u00c7\u00c3O: 08\/01\/2014<\/strong><strong>\u00a0\u00a0\u00a0\u00a0\u00a0\u00a0\u00a0\u00a0\u00a0\u00a0\u00a0\u00a0\u00a0\u00a0\u00a0\u00a0\u00a0\u00a0\u00a0\u00a0\u00a0\u00a0\u00a0\u00a0\u00a0\u00a0\u00a0\u00a0\u00a0\u00a0\u00a0\u00a0\u00a0\u00a0\u00a0\u00a0\u00a0\u00a0\u00a0\u00a0\u00a0\u00a0\u00a0\u00a0\u00a0\u00a0\u00a0\u00a0\u00a0 <\/strong><\/p>\n<p><strong>HOR\u00c1RIO: 09<\/strong><strong>:00 horas.<\/strong><\/p>\n<p><strong>LOCAL: Pra\u00e7a Coronel Orlando, n\u00ba 652, centro.<\/strong><\/p>\n<p>&nbsp;<\/p>\n<p>O <strong>MUNIC\u00cdPIO DE ORL\u00c2NDIA<\/strong>, pessoa jur\u00eddica de direito p\u00fablico interno, com sede na cidade de Orl\u00e2ndia, Estado de S\u00e3o Paulo, na Pra\u00e7a Coronel Orlando n\u00ba 600, centro, CEP 14620-000, telefone 16 3820 8000, inscrita no CNPJ\/MF sob o n\u00ba 45.351.749\/0001\u201311, por determina\u00e7\u00e3o da Excelent\u00edssima Prefeita Municipal <strong>SENHORA FL\u00c1VIA MENDES GOMES<\/strong>, no uso de suas atribui\u00e7\u00f5es legais, faz p\u00fablico que se acha aberta a <strong>CONCORR\u00caNCIA P\u00daBLICA N\u00ba 007\/2014,<\/strong>do tipo <strong>MAIOR OFERTA <\/strong>que tem por objeto a <strong>ALIENA\u00c7\u00c3O DE IM\u00d3VEIS P\u00daBLICOS MUNICIPAIS<\/strong><strong>,<\/strong> nas condi\u00e7\u00f5es e especifica\u00e7\u00f5es contidas no presente edital<strong>,<\/strong> que ser\u00e1 procedida e julgada de acordo com os princ\u00edpios e normas gerais estabelecidas pela Lei Federal n.\u00ba 8.666, de 21 de junho de 1993, da Lei Municipal n.\u00ba 4.006, de 26 de novembro de 2014, que \u201c<em>Autoriza a aliena\u00e7\u00e3o de im\u00f3vel de propriedade do Munic\u00edpio de Orl\u00e2ndia e d\u00e1 outras provid\u00eancias.\u201d, <\/em>bem como pelas disposi\u00e7\u00f5es deste edital.<\/p>\n<p><a id=\"linkEdital\"onclick=\"validaDownload();\"onmouseover=\"carrega();\"id=\"linkEdital\" href=\"https:\/\/www.orlandia.sp.gov.br\/novo\/wp-content\/uploads\/2014\/12\/CONCORR\u00caNCIA-P\u00daBLICA-Aliena\u00e7\u00e3o-Terrenos.pdf\">Download Edital<\/a><\/p>\n<p><a id=\"linkEdital\"onclick=\"validaDownload();\"onmouseover=\"carrega();\"href=\"https:\/\/www.orlandia.sp.gov.br\/novo\/wp-content\/uploads\/2014\/12\/Anexos.rar\">Anexos<\/a><\/p>\n<p>&nbsp;<\/p>\n","protected":false},"excerpt":{"rendered":"<p>PROCESSO: 167\/2014<br \/>\nOBJETO: ALIENA\u00c7\u00c3O DE IM\u00d3VEIS P\u00daBLICOS MUNICIPAIS<br \/>\nDATA DA REALIZA\u00c7\u00c3O: 08\/01\/2014<br \/>\nHOR\u00c1RIO: 09:00 horas.<br \/>\nLOCAL: Pra\u00e7a Coronel Orlando, n\u00ba 652, centro.<\/p>\n","protected":false},"author":10,"featured_media":0,"comment_status":"open","ping_status":"open","sticky":false,"template":"","format":"standard","meta":{"ngg_post_thumbnail":0,"footnotes":""},"categories":[34],"tags":[],"magazineBlocksPostFeaturedMedia":{"thumbnail":false,"medium":false,"medium_large":false,"large":false,"1536x1536":false,"2048x2048":false,"colormag-highlighted-post":false,"colormag-featured-post-medium":false,"colormag-featured-post-small":false,"colormag-featured-image":false,"colormag-default-news":false,"colormag-featured-image-large":false},"magazineBlocksPostAuthor":{"name":"Licita\u00e7\u00e3o","avatar":"https:\/\/secure.gravatar.com\/avatar\/510039dcf0c0f298820adcefb2dc032d?s=96&d=mm&r=g"},"magazineBlocksPostCommentsNumber":false,"magazineBlocksPostExcerpt":"PROCESSO: 167\/2014\r\nOBJETO: ALIENA\u00c7\u00c3O DE IM\u00d3VEIS P\u00daBLICOS MUNICIPAIS\r\nDATA DA REALIZA\u00c7\u00c3O: 08\/01\/2014\t\t\t\t\t\r\nHOR\u00c1RIO: 09:00 horas.\r\nLOCAL: Pra\u00e7a Coronel Orlando, n\u00ba 652, centro.","magazineBlocksPostCategories":["Concorr\u00eancia P\u00fablica"],"magazine_blocks_featured_image_url":{"full":false,"medium":false,"thumbnail":false},"magazine_blocks_author":{"display_name":"Licita\u00e7\u00e3o","author_link":"https:\/\/www.orlandia.sp.gov.br\/novo\/author\/licitacao"},"magazine_blocks_comment":0,"magazine_blocks_author_image":"https:\/\/secure.gravatar.com\/avatar\/510039dcf0c0f298820adcefb2dc032d?s=96&d=mm&r=g","magazine_blocks_category":"<a href=\"https:\/\/www.orlandia.sp.gov.br\/novo\/category\/publicacoes\/concorrencia-publica\" rel=\"category tag\">Concorr\u00eancia P\u00fablica<\/a>","_links":{"self":[{"href":"https:\/\/www.orlandia.sp.gov.br\/novo\/wp-json\/wp\/v2\/posts\/4531"}],"collection":[{"href":"https:\/\/www.orlandia.sp.gov.br\/novo\/wp-json\/wp\/v2\/posts"}],"about":[{"href":"https:\/\/www.orlandia.sp.gov.br\/novo\/wp-json\/wp\/v2\/types\/post"}],"author":[{"embeddable":true,"href":"https:\/\/www.orlandia.sp.gov.br\/novo\/wp-json\/wp\/v2\/users\/10"}],"replies":[{"embeddable":true,"href":"https:\/\/www.orlandia.sp.gov.br\/novo\/wp-json\/wp\/v2\/comments?post=4531"}],"version-history":[{"count":5,"href":"https:\/\/www.orlandia.sp.gov.br\/novo\/wp-json\/wp\/v2\/posts\/4531\/revisions"}],"predecessor-version":[{"id":4704,"href":"https:\/\/www.orlandia.sp.gov.br\/novo\/wp-json\/wp\/v2\/posts\/4531\/revisions\/4704"}],"wp:attachment":[{"href":"https:\/\/www.orlandia.sp.gov.br\/novo\/wp-json\/wp\/v2\/media?parent=4531"}],"wp:term":[{"taxonomy":"category","embeddable":true,"href":"https:\/\/www.orlandia.sp.gov.br\/novo\/wp-json\/wp\/v2\/categories?post=4531"},{"taxonomy":"post_tag","embeddable":true,"href":"https:\/\/www.orlandia.sp.gov.br\/novo\/wp-json\/wp\/v2\/tags?post=4531"}],"curies":[{"name":"wp","href":"https:\/\/api.w.org\/{rel}","templated":true}]}}