{"id":441,"date":"2013-09-26T16:07:11","date_gmt":"2013-09-26T19:07:11","guid":{"rendered":"https:\/\/www.orlandia.sp.gov.br\/novo\/?p=441"},"modified":"2013-11-04T14:21:01","modified_gmt":"2013-11-04T17:21:01","slug":"pregao-0702011","status":"publish","type":"post","link":"https:\/\/www.orlandia.sp.gov.br\/novo\/publicacoes\/pregao-0702011","title":{"rendered":"Preg\u00e3o 070\/2011"},"content":{"rendered":"<p style=\"text-align: justify;\">Realiza\u00e7\u00e3o: 29\/12\/2011 \u00e0s 09:30hs.<\/p>\n<p style=\"text-align: justify;\">\nObjeto: Aquisi\u00e7\u00e3o de \u00f3culos com lentes corretivas que ser\u00e3o fornecidos aos alunos da rede p\u00fablica de ensino que ir\u00e3o particular do projeto Olhar Brasil.<\/p>\n<p style=\"text-align: justify;\">20\/12\/2011 &#8211; <a href=\"https:\/\/www.orlandia.sp.gov.br\/editais\/pr070.2011.pdf\" target=\"_blank\">Download do edital<\/a><\/p>\n","protected":false},"excerpt":{"rendered":"<p>Realiza\u00e7\u00e3o: 29\/12\/2011 \u00e0s 09:30hs. Objeto: Aquisi\u00e7\u00e3o de \u00f3culos com lentes corretivas que ser\u00e3o fornecidos aos alunos da rede p\u00fablica de<\/p>\n","protected":false},"author":1,"featured_media":0,"comment_status":"open","ping_status":"open","sticky":false,"template":"","format":"standard","meta":{"ngg_post_thumbnail":0,"footnotes":""},"categories":[42,38],"tags":[],"magazineBlocksPostFeaturedMedia":{"thumbnail":false,"medium":false,"medium_large":false,"large":false,"1536x1536":false,"2048x2048":false,"colormag-highlighted-post":false,"colormag-featured-post-medium":false,"colormag-featured-post-small":false,"colormag-featured-image":false,"colormag-default-news":false,"colormag-featured-image-large":false},"magazineBlocksPostAuthor":{"name":"admin","avatar":"https:\/\/secure.gravatar.com\/avatar\/5140b312f1bcbe8516bfaa79917f11b3?s=96&d=mm&r=g"},"magazineBlocksPostCommentsNumber":false,"magazineBlocksPostExcerpt":"Realiza\u00e7\u00e3o: 29\/12\/2011 \u00e0s 09:30hs. Objeto: Aquisi\u00e7\u00e3o de \u00f3culos com lentes corretivas que ser\u00e3o fornecidos aos alunos da rede p\u00fablica de","magazineBlocksPostCategories":["Preg\u00e3o Presencial","Publica\u00e7\u00f5es"],"magazine_blocks_featured_image_url":{"full":false,"medium":false,"thumbnail":false},"magazine_blocks_author":{"display_name":"admin","author_link":"https:\/\/www.orlandia.sp.gov.br\/novo\/author\/admin"},"magazine_blocks_comment":0,"magazine_blocks_author_image":"https:\/\/secure.gravatar.com\/avatar\/5140b312f1bcbe8516bfaa79917f11b3?s=96&d=mm&r=g","magazine_blocks_category":"<a href=\"https:\/\/www.orlandia.sp.gov.br\/novo\/category\/publicacoes\/pregao-presencial\" rel=\"category tag\">Preg\u00e3o Presencial<\/a> <a href=\"https:\/\/www.orlandia.sp.gov.br\/novo\/category\/publicacoes\" rel=\"category tag\">Publica\u00e7\u00f5es<\/a>","_links":{"self":[{"href":"https:\/\/www.orlandia.sp.gov.br\/novo\/wp-json\/wp\/v2\/posts\/441"}],"collection":[{"href":"https:\/\/www.orlandia.sp.gov.br\/novo\/wp-json\/wp\/v2\/posts"}],"about":[{"href":"https:\/\/www.orlandia.sp.gov.br\/novo\/wp-json\/wp\/v2\/types\/post"}],"author":[{"embeddable":true,"href":"https:\/\/www.orlandia.sp.gov.br\/novo\/wp-json\/wp\/v2\/users\/1"}],"replies":[{"embeddable":true,"href":"https:\/\/www.orlandia.sp.gov.br\/novo\/wp-json\/wp\/v2\/comments?post=441"}],"version-history":[{"count":1,"href":"https:\/\/www.orlandia.sp.gov.br\/novo\/wp-json\/wp\/v2\/posts\/441\/revisions"}],"predecessor-version":[{"id":442,"href":"https:\/\/www.orlandia.sp.gov.br\/novo\/wp-json\/wp\/v2\/posts\/441\/revisions\/442"}],"wp:attachment":[{"href":"https:\/\/www.orlandia.sp.gov.br\/novo\/wp-json\/wp\/v2\/media?parent=441"}],"wp:term":[{"taxonomy":"category","embeddable":true,"href":"https:\/\/www.orlandia.sp.gov.br\/novo\/wp-json\/wp\/v2\/categories?post=441"},{"taxonomy":"post_tag","embeddable":true,"href":"https:\/\/www.orlandia.sp.gov.br\/novo\/wp-json\/wp\/v2\/tags?post=441"}],"curies":[{"name":"wp","href":"https:\/\/api.w.org\/{rel}","templated":true}]}}