{"id":41181,"date":"2025-12-05T17:51:31","date_gmt":"2025-12-05T20:51:31","guid":{"rendered":"https:\/\/www.orlandia.sp.gov.br\/novo\/?p=41181"},"modified":"2026-01-12T13:16:24","modified_gmt":"2026-01-12T16:16:24","slug":"pregao-eletronico-165-2025","status":"publish","type":"post","link":"https:\/\/www.orlandia.sp.gov.br\/novo\/publicacoes\/pregao-eletronico\/pregao-eletronico-165-2025","title":{"rendered":"PREG\u00c3O ELETR\u00d4NICO 165\/2025 &#8211; NOVA DATA"},"content":{"rendered":"<p>O MUNIC\u00cdPIO DE ORL\u00c2NDIA, pessoa jur\u00eddica de direito p\u00fablico interno, com sede na cidade de Orl\u00e2ndia, Estado de S\u00e3o Paulo, na Pra\u00e7a Coronel Orlando n\u00ba 600, centro, CEP 14.620-000,<br \/>\ntelefone (16) 3820-8000, inscrita no CNPJ\/MF sob n\u00ba 45.351.749\/0001\u201311, inscrita na I.E 491.040.101.110, por determina\u00e7\u00e3o do Excelent\u00edssimo Prefeito Municipal, senhor JORGE<br \/>\nGABRIEL GRASI, torna p\u00fablico, para conhecimento de todos os interessados, que far\u00e1 realizar licita\u00e7\u00e3o na modalidade PREG\u00c3O ELETR\u00d4NICO, do tipo MENOR PRE\u00c7O GLOBAL,<br \/>\nconforme descrito neste edital e seus anexos, nos termos Decreto Municipal n\u00ba 5.414\/2024, n\u00b0 5.389\/24 e n\u00b0 5.230\/2023, aplicando-se subsidiariamente no que couber as disposi\u00e7\u00f5es da Lei<br \/>\nFederal n\u00ba 14.133\/2021, dentre outras comina\u00e7\u00f5es legais, e pelos princ\u00edpios da supremacia e indisponibilidade do interesse p\u00fablico.<\/p>\n<p>A sess\u00e3o de processamento do Preg\u00e3o ser\u00e1 realizada em endere\u00e7o eletr\u00f4nico https:\/\/bll.org.br, com o per\u00edodo do recebimento das propostas do dia 05\/01\/2026 \u00e0s 17:00h at\u00e9 22\/01\/2026 \u00e0s 08:00h. O hor\u00e1rio do in\u00edcio de disputa ser\u00e1 22\/01\/2026 \u00e0s 08:30h e ser\u00e1 conduzida por um dos Pregoeiros, com o aux\u00edlio da Equipe de Apoio, designados pelo Decreto Municipal n\u00ba 5.249 de 07.06.2023 e Decreto Municipal 5.384 de 20.08.2024<\/p>\n<p><a href=\"https:\/\/www.orlandia.sp.gov.br\/novo\/wp-content\/uploads\/2026\/01\/EDITAL-PREGAO-ELETRONICO-165-2025-Locacao-de-som-e-iluminacao-para-Carnaval-2026.pdf\">EDITAL PREG\u00c3O ELETR\u00d4NICO 165 2025 &#8211; Loca\u00e7\u00e3o de som e ilumina\u00e7\u00e3o para Carnaval 2026<\/a><\/p>\n<p><a href=\"https:\/\/www.orlandia.sp.gov.br\/novo\/wp-content\/uploads\/2025\/12\/EDITAL-PREGAO-ELETRONICO-165-2025-RETIFICADO-Locacao-de-som-e-iluminacao-para-Carnaval-2026-1.pdf\">EDITAL PREG\u00c3O ELETR\u00d4NICO 165 2025 &#8211; RETIFICADO &#8211; Loca\u00e7\u00e3o de som e ilumina\u00e7\u00e3o para Carnaval 2026<\/a><\/p>\n","protected":false},"excerpt":{"rendered":"<p>PREG\u00c3O ELETR\u00d4NICO n\u00ba 165\/2025<br \/>\nPROCESSO n\u00ba 259\/2025<br \/>\nIN\u00cdCIO DO ENVIO DAS PROPOSTAS: 05\/01\/2026 \u00e0s 17:00<br \/>\nFIM DO ENVIO DAS PROPOSTAS: 22\/01\/2026 \u00e0s 08:00<br \/>\nHOR\u00c1RIO DE IN\u00cdCIO DA DISPUTA: 22\/01\/2026 \u00e0s 08:30<br \/>\nENDERE\u00c7O ELETR\u00d4NICO: https:\/\/bll.org.br<\/p>\n","protected":false},"author":10,"featured_media":0,"comment_status":"closed","ping_status":"closed","sticky":false,"template":"","format":"standard","meta":{"ngg_post_thumbnail":0,"footnotes":""},"categories":[116],"tags":[],"magazineBlocksPostFeaturedMedia":{"thumbnail":false,"medium":false,"medium_large":false,"large":false,"1536x1536":false,"2048x2048":false,"colormag-highlighted-post":false,"colormag-featured-post-medium":false,"colormag-featured-post-small":false,"colormag-featured-image":false,"colormag-default-news":false,"colormag-featured-image-large":false},"magazineBlocksPostAuthor":{"name":"Licita\u00e7\u00e3o","avatar":"https:\/\/secure.gravatar.com\/avatar\/510039dcf0c0f298820adcefb2dc032d?s=96&d=mm&r=g"},"magazineBlocksPostCommentsNumber":false,"magazineBlocksPostExcerpt":"PREG\u00c3O ELETR\u00d4NICO n\u00ba 165\/2025\r\nPROCESSO n\u00ba 259\/2025\r\nIN\u00cdCIO DO ENVIO DAS PROPOSTAS: 05\/01\/2026 \u00e0s 17:00\r\nFIM DO ENVIO DAS PROPOSTAS: 22\/01\/2026 \u00e0s 08:00\r\nHOR\u00c1RIO DE IN\u00cdCIO DA DISPUTA: 22\/01\/2026 \u00e0s 08:30\r\nENDERE\u00c7O ELETR\u00d4NICO: https:\/\/bll.org.br","magazineBlocksPostCategories":["Preg\u00e3o Eletr\u00f4nico"],"magazine_blocks_featured_image_url":{"full":false,"medium":false,"thumbnail":false},"magazine_blocks_author":{"display_name":"Licita\u00e7\u00e3o","author_link":"https:\/\/www.orlandia.sp.gov.br\/novo\/author\/licitacao"},"magazine_blocks_comment":0,"magazine_blocks_author_image":"https:\/\/secure.gravatar.com\/avatar\/510039dcf0c0f298820adcefb2dc032d?s=96&d=mm&r=g","magazine_blocks_category":"<a href=\"https:\/\/www.orlandia.sp.gov.br\/novo\/category\/publicacoes\/pregao-eletronico\" rel=\"category tag\">Preg\u00e3o Eletr\u00f4nico<\/a>","_links":{"self":[{"href":"https:\/\/www.orlandia.sp.gov.br\/novo\/wp-json\/wp\/v2\/posts\/41181"}],"collection":[{"href":"https:\/\/www.orlandia.sp.gov.br\/novo\/wp-json\/wp\/v2\/posts"}],"about":[{"href":"https:\/\/www.orlandia.sp.gov.br\/novo\/wp-json\/wp\/v2\/types\/post"}],"author":[{"embeddable":true,"href":"https:\/\/www.orlandia.sp.gov.br\/novo\/wp-json\/wp\/v2\/users\/10"}],"replies":[{"embeddable":true,"href":"https:\/\/www.orlandia.sp.gov.br\/novo\/wp-json\/wp\/v2\/comments?post=41181"}],"version-history":[{"count":4,"href":"https:\/\/www.orlandia.sp.gov.br\/novo\/wp-json\/wp\/v2\/posts\/41181\/revisions"}],"predecessor-version":[{"id":41228,"href":"https:\/\/www.orlandia.sp.gov.br\/novo\/wp-json\/wp\/v2\/posts\/41181\/revisions\/41228"}],"wp:attachment":[{"href":"https:\/\/www.orlandia.sp.gov.br\/novo\/wp-json\/wp\/v2\/media?parent=41181"}],"wp:term":[{"taxonomy":"category","embeddable":true,"href":"https:\/\/www.orlandia.sp.gov.br\/novo\/wp-json\/wp\/v2\/categories?post=41181"},{"taxonomy":"post_tag","embeddable":true,"href":"https:\/\/www.orlandia.sp.gov.br\/novo\/wp-json\/wp\/v2\/tags?post=41181"}],"curies":[{"name":"wp","href":"https:\/\/api.w.org\/{rel}","templated":true}]}}