{"id":40956,"date":"2025-09-22T16:49:09","date_gmt":"2025-09-22T19:49:09","guid":{"rendered":"https:\/\/www.orlandia.sp.gov.br\/novo\/?p=40956"},"modified":"2025-10-01T17:16:08","modified_gmt":"2025-10-01T20:16:08","slug":"pregao-eletronico-139-2025","status":"publish","type":"post","link":"https:\/\/www.orlandia.sp.gov.br\/novo\/publicacoes\/pregao-eletronico\/pregao-eletronico-139-2025","title":{"rendered":"PREG\u00c3O ELETR\u00d4NICO 139\/2025"},"content":{"rendered":"<p align=\"justify\"><span style=\"color: #000000;\">O <\/span><span style=\"color: #000000;\"><b>MUNIC\u00cdPIO DE ORL\u00c2NDIA<\/b><\/span><span style=\"color: #000000;\">, pessoa jur\u00eddica de direito p\u00fablico interno, com sede na cidade de Orl\u00e2ndia, Estado de S\u00e3o Paulo, na Pra\u00e7a Coronel Orlando n\u00ba 600, centro, CEP 14.620-000, telefone (16) 3820-8000, inscrita no CNPJ\/MF sob n\u00ba 45.351.749\/0001\u201311, inscrita na I.E 491.040.101.110, por determina\u00e7\u00e3o do Excelent\u00edssimo Prefeito Municipal, senhor <\/span><span style=\"color: #000000;\"><b>JORGE GABRIEL GRASI<\/b><\/span><span style=\"color: #000000;\">, torna p\u00fablico, para conhecimento de todos os interessados, que far\u00e1 realizar licita\u00e7\u00e3o na modalidade <\/span><span style=\"color: #000000;\"><u><b>PREG\u00c3O ELETR\u00d4NICO<\/b><\/u><\/span><span style=\"color: #000000;\">, do tipo<\/span> <span style=\"color: #000000;\"><b>MENOR PRE\u00c7O GLOBAL<\/b><\/span><span style=\"color: #000000;\">, conforme descrito neste edital e seus<\/span> <span style=\"color: #000000;\">anexos, nos termos Decreto Municipal n\u00ba 5.414\/2024, n\u00b05.238 e n\u00b0 5.230\/2023, aplicando-se subsidiariamente no que couber<\/span> <span style=\"color: #000000;\">as disposi\u00e7\u00f5es da Lei Federal n\u00ba 14.133\/2021, dentre outras comina\u00e7\u00f5es legais, e pelos princ\u00edpios da<\/span> <span style=\"color: #000000;\">supremacia<\/span> <span style=\"color: #000000;\">e indisponibilidade do<\/span> <span style=\"color: #000000;\">interesse p\u00fablico.<\/span><\/p>\n<p align=\"justify\"><span style=\"color: #000000;\">A sess\u00e3o de processamento do Preg\u00e3o ser\u00e1 realizada em endere\u00e7o eletr\u00f4nico <\/span><span style=\"color: #0000ff;\"><a href=\"https:\/\/bll.org.br\/\"><span style=\"color: #000000;\">https:\/\/bll.org.br<\/span><\/a><\/span><span style=\"color: #000000;\">, com o per\u00edodo do recebimento das propostas do dia <\/span><strong><span style=\"color: #000000;\">01\/10<\/span><span style=\"color: #000000;\">\/2025<\/span><span style=\"color: #000000;\"> \u00e0s 17:00h at\u00e9 <\/span><span style=\"color: #000000;\">17\/10<\/span><span style=\"color: #000000;\">\/2025<\/span><\/strong><span style=\"color: #000000;\"><strong> \u00e0s 08:00h.<\/strong> O hor\u00e1rio do in\u00edcio de disputa ser\u00e1<\/span><b> <\/b><strong><span style=\"color: #000000;\">17\/10<\/span><span style=\"color: #000000;\">\/2025<\/span><\/strong><span style=\"color: #000000;\"><strong> \u00e0s 08:30h<\/strong> e ser\u00e1 conduzida por um dos Pregoeiros, com o aux\u00edlio da Equipe de Apoio, designados pelo Decreto Municipal n\u00ba 5.249 de 07.06.2023 e Decreto Municipal 5.384 de 20.08.2024.<\/span><\/p>\n<p><a href=\"https:\/\/www.orlandia.sp.gov.br\/novo\/wp-content\/uploads\/2025\/10\/EDITAL-PREGAO-ELETRONICO-139-2025-Aquisicao-de-01-um-compressor-de-ar-respiravel-para-compor-equipamentos-do-Corpo-de-Bombeiros.pdf\">EDITAL PREG\u00c3O ELETR\u00d4NICO 139 2025 &#8211; Aquisi\u00e7\u00e3o de 01 (um) compressor de ar respir\u00e1vel para compor equipamentos do Corpo de Bombeiros<\/a><\/p>\n","protected":false},"excerpt":{"rendered":"<p>PROCESSO n\u00ba 219\/2025<br \/>\nOBJETO: AQUISI\u00c7\u00c3O DE 01 (UM) COMPRESSOR DE AR RESPIR\u00c1VEL, PARA COMPOR SECRETARIA MUNICIPAL DE SEGURAN\u00c7A P\u00daBLICA \u2013 CORPO DE EQUIPAMENTOS DO CORPO DE BOMBEIROS DA CIDADE DE ORL\u00c2NDIA-SP.<br \/>\nIN\u00cdCIO DO ENVIO DAS PROPOSTAS: 01\/10\/2025 \u00e0s 17:00<br \/>\nFIM DO ENVIO DAS PROPOSTAS: 17\/10\/2025 \u00e0s 08:00<br \/>\nHOR\u00c1RIO DE IN\u00cdCIO DA DISPUTA: 17\/10\/2025 \u00e0s 08:30<br \/>\nENDERE\u00c7O ELETR\u00d4NICO: https:\/\/bll.org.br<\/p>\n","protected":false},"author":10,"featured_media":0,"comment_status":"closed","ping_status":"closed","sticky":false,"template":"","format":"standard","meta":{"ngg_post_thumbnail":0,"footnotes":""},"categories":[116],"tags":[],"magazineBlocksPostFeaturedMedia":{"thumbnail":false,"medium":false,"medium_large":false,"large":false,"1536x1536":false,"2048x2048":false,"colormag-highlighted-post":false,"colormag-featured-post-medium":false,"colormag-featured-post-small":false,"colormag-featured-image":false,"colormag-default-news":false,"colormag-featured-image-large":false},"magazineBlocksPostAuthor":{"name":"Licita\u00e7\u00e3o","avatar":"https:\/\/secure.gravatar.com\/avatar\/510039dcf0c0f298820adcefb2dc032d?s=96&d=mm&r=g"},"magazineBlocksPostCommentsNumber":false,"magazineBlocksPostExcerpt":"PROCESSO n\u00ba 219\/2025\r\nOBJETO: AQUISI\u00c7\u00c3O DE 01 (UM) COMPRESSOR DE AR RESPIR\u00c1VEL, PARA COMPOR SECRETARIA MUNICIPAL DE SEGURAN\u00c7A P\u00daBLICA \u2013 CORPO DE EQUIPAMENTOS DO CORPO DE BOMBEIROS DA CIDADE DE ORL\u00c2NDIA-SP.\r\nIN\u00cdCIO DO ENVIO DAS PROPOSTAS: 01\/10\/2025 \u00e0s 17:00\r\nFIM DO ENVIO DAS PROPOSTAS: 17\/10\/2025 \u00e0s 08:00\r\nHOR\u00c1RIO DE IN\u00cdCIO DA DISPUTA: 17\/10\/2025 \u00e0s 08:30\r\nENDERE\u00c7O ELETR\u00d4NICO: https:\/\/bll.org.br","magazineBlocksPostCategories":["Preg\u00e3o Eletr\u00f4nico"],"magazine_blocks_featured_image_url":{"full":false,"medium":false,"thumbnail":false},"magazine_blocks_author":{"display_name":"Licita\u00e7\u00e3o","author_link":"https:\/\/www.orlandia.sp.gov.br\/novo\/author\/licitacao"},"magazine_blocks_comment":0,"magazine_blocks_author_image":"https:\/\/secure.gravatar.com\/avatar\/510039dcf0c0f298820adcefb2dc032d?s=96&d=mm&r=g","magazine_blocks_category":"<a href=\"https:\/\/www.orlandia.sp.gov.br\/novo\/category\/publicacoes\/pregao-eletronico\" rel=\"category tag\">Preg\u00e3o Eletr\u00f4nico<\/a>","_links":{"self":[{"href":"https:\/\/www.orlandia.sp.gov.br\/novo\/wp-json\/wp\/v2\/posts\/40956"}],"collection":[{"href":"https:\/\/www.orlandia.sp.gov.br\/novo\/wp-json\/wp\/v2\/posts"}],"about":[{"href":"https:\/\/www.orlandia.sp.gov.br\/novo\/wp-json\/wp\/v2\/types\/post"}],"author":[{"embeddable":true,"href":"https:\/\/www.orlandia.sp.gov.br\/novo\/wp-json\/wp\/v2\/users\/10"}],"replies":[{"embeddable":true,"href":"https:\/\/www.orlandia.sp.gov.br\/novo\/wp-json\/wp\/v2\/comments?post=40956"}],"version-history":[{"count":1,"href":"https:\/\/www.orlandia.sp.gov.br\/novo\/wp-json\/wp\/v2\/posts\/40956\/revisions"}],"predecessor-version":[{"id":40958,"href":"https:\/\/www.orlandia.sp.gov.br\/novo\/wp-json\/wp\/v2\/posts\/40956\/revisions\/40958"}],"wp:attachment":[{"href":"https:\/\/www.orlandia.sp.gov.br\/novo\/wp-json\/wp\/v2\/media?parent=40956"}],"wp:term":[{"taxonomy":"category","embeddable":true,"href":"https:\/\/www.orlandia.sp.gov.br\/novo\/wp-json\/wp\/v2\/categories?post=40956"},{"taxonomy":"post_tag","embeddable":true,"href":"https:\/\/www.orlandia.sp.gov.br\/novo\/wp-json\/wp\/v2\/tags?post=40956"}],"curies":[{"name":"wp","href":"https:\/\/api.w.org\/{rel}","templated":true}]}}