{"id":40871,"date":"2025-07-16T14:24:22","date_gmt":"2025-07-16T17:24:22","guid":{"rendered":"https:\/\/www.orlandia.sp.gov.br\/novo\/?p=40871"},"modified":"2025-09-02T13:41:28","modified_gmt":"2025-09-02T16:41:28","slug":"pregao-eletronico-107-2025","status":"publish","type":"post","link":"https:\/\/www.orlandia.sp.gov.br\/novo\/publicacoes\/pregao-eletronico\/pregao-eletronico-107-2025","title":{"rendered":"PREG\u00c3O ELETR\u00d4NICO 107\/2025"},"content":{"rendered":"<p>O MUNIC\u00cdPIO DE ORL\u00c2NDIA, pessoa jur\u00eddica de direito p\u00fablico interno, com sede na cidade<br \/>\nde Orl\u00e2ndia, Estado de S\u00e3o Paulo, na Pra\u00e7a Coronel Orlando n\u00ba 600, centro, CEP 14.620-000,<br \/>\ntelefone (16) 3820-8000, inscrita no CNPJ\/MF sob n\u00ba 45.351.749\/0001\u201311, inscrita na I.E<br \/>\n491.040.101.110, por determina\u00e7\u00e3o do Excelent\u00edssimo Prefeito Municipal, senhor JORGE<br \/>\nGABRIEL GRASI, torna p\u00fablico, para conhecimento de todos os interessados, que far\u00e1 realizar<br \/>\nlicita\u00e7\u00e3o na modalidade PREG\u00c3O ELETR\u00d4NICO, do tipo MENOR PRE\u00c7O UNIT\u00c1RIO<br \/>\n(POR ITEM), para REGISTRO DE PRE\u00c7OS, conforme descrito neste edital e seus anexos, nos<br \/>\ntermos Decreto Municipal n\u00ba 5.414\/2024, n\u00b05.389\/24 e n\u00b0 5.230\/2023, aplicando-se<br \/>\nsubsidiariamente no que couber as disposi\u00e7\u00f5es da Lei Federal n\u00ba 14.133\/2021, dentre outras<br \/>\ncomina\u00e7\u00f5es legais, e pelos princ\u00edpios da supremacia e indisponibilidade do interesse p\u00fablico.<br \/>\nA sess\u00e3o de processamento do Preg\u00e3o ser\u00e1 realizada em endere\u00e7o eletr\u00f4nico https:\/\/bll.org.br, com<br \/>\no per\u00edodo do recebimento das propostas do dia <strong>29\/08\/2025 \u00e0s 17:00h at\u00e9 12\/09\/2025 \u00e0s 08:00h<\/strong>. O<br \/>\nhor\u00e1rio do in\u00edcio de disputa ser\u00e1 <strong>12\/09\/2025 \u00e0s 08:30h<\/strong> e ser\u00e1 conduzida por um dos Pregoeiros,<br \/>\ncom o aux\u00edlio da Equipe de Apoio, designados pelo Decreto Municipal n\u00ba 5.249 de 07.06.2023 e<br \/>\nDecreto Municipal 5.384 de 20.08.2024<\/p>\n<p><a href=\"https:\/\/www.orlandia.sp.gov.br\/novo\/wp-content\/uploads\/2025\/09\/EDITAL-PREGAO-ELETRONICO-107-2025-Registro-de-precos-para-aquisicao-de-insumos-para-bomba-de-insulina-roche-em-processos-judiciais.pdf\">EDITAL PREG\u00c3O ELETR\u00d4NICO 107 2025 &#8211; Registro de pre\u00e7os para aquisi\u00e7\u00e3o de insumos para bomba de insulina roche em processos judiciais<\/a><\/p>\n","protected":false},"excerpt":{"rendered":"<p>PROCESSO n\u00ba 173\/2025<br \/>\nOBJETO: REGISTRO DE PRE\u00c7OS PARA AQUISI\u00c7\u00c3O DE INSUMOS PARA BOMBA DE INSULINA ROCHE, EM ATENDIMENTO A PROCESSOS JUDICIAIS.<br \/>\nIN\u00cdCIO DO ENVIO DAS PROPOSTAS: 29\/08\/2025 \u00e0s 17:00<br \/>\nFIM DO ENVIO DAS PROPOSTAS: 12\/09\/2025 \u00e0s 08:00<br \/>\nHOR\u00c1RIO DE IN\u00cdCIO DA DISPUTA: 12\/09\/2025 \u00e0s 08:30<br \/>\nENDERE\u00c7O ELETR\u00d4NICO: https:\/\/bll.org.br<\/p>\n","protected":false},"author":10,"featured_media":0,"comment_status":"closed","ping_status":"closed","sticky":false,"template":"","format":"standard","meta":{"ngg_post_thumbnail":0,"footnotes":""},"categories":[116],"tags":[],"magazineBlocksPostFeaturedMedia":{"thumbnail":false,"medium":false,"medium_large":false,"large":false,"1536x1536":false,"2048x2048":false,"colormag-highlighted-post":false,"colormag-featured-post-medium":false,"colormag-featured-post-small":false,"colormag-featured-image":false,"colormag-default-news":false,"colormag-featured-image-large":false},"magazineBlocksPostAuthor":{"name":"Licita\u00e7\u00e3o","avatar":"https:\/\/secure.gravatar.com\/avatar\/510039dcf0c0f298820adcefb2dc032d?s=96&d=mm&r=g"},"magazineBlocksPostCommentsNumber":false,"magazineBlocksPostExcerpt":"PROCESSO n\u00ba 173\/2025\r\nOBJETO: REGISTRO DE PRE\u00c7OS PARA AQUISI\u00c7\u00c3O DE INSUMOS PARA BOMBA DE INSULINA ROCHE, EM ATENDIMENTO A PROCESSOS JUDICIAIS.\r\nIN\u00cdCIO DO ENVIO DAS PROPOSTAS: 29\/08\/2025 \u00e0s 17:00\r\nFIM DO ENVIO DAS PROPOSTAS: 12\/09\/2025 \u00e0s 08:00 \r\nHOR\u00c1RIO DE IN\u00cdCIO DA DISPUTA: 12\/09\/2025 \u00e0s 08:30\r\nENDERE\u00c7O ELETR\u00d4NICO: https:\/\/bll.org.br","magazineBlocksPostCategories":["Preg\u00e3o Eletr\u00f4nico"],"magazine_blocks_featured_image_url":{"full":false,"medium":false,"thumbnail":false},"magazine_blocks_author":{"display_name":"Licita\u00e7\u00e3o","author_link":"https:\/\/www.orlandia.sp.gov.br\/novo\/author\/licitacao"},"magazine_blocks_comment":0,"magazine_blocks_author_image":"https:\/\/secure.gravatar.com\/avatar\/510039dcf0c0f298820adcefb2dc032d?s=96&d=mm&r=g","magazine_blocks_category":"<a href=\"https:\/\/www.orlandia.sp.gov.br\/novo\/category\/publicacoes\/pregao-eletronico\" rel=\"category tag\">Preg\u00e3o Eletr\u00f4nico<\/a>","_links":{"self":[{"href":"https:\/\/www.orlandia.sp.gov.br\/novo\/wp-json\/wp\/v2\/posts\/40871"}],"collection":[{"href":"https:\/\/www.orlandia.sp.gov.br\/novo\/wp-json\/wp\/v2\/posts"}],"about":[{"href":"https:\/\/www.orlandia.sp.gov.br\/novo\/wp-json\/wp\/v2\/types\/post"}],"author":[{"embeddable":true,"href":"https:\/\/www.orlandia.sp.gov.br\/novo\/wp-json\/wp\/v2\/users\/10"}],"replies":[{"embeddable":true,"href":"https:\/\/www.orlandia.sp.gov.br\/novo\/wp-json\/wp\/v2\/comments?post=40871"}],"version-history":[{"count":1,"href":"https:\/\/www.orlandia.sp.gov.br\/novo\/wp-json\/wp\/v2\/posts\/40871\/revisions"}],"predecessor-version":[{"id":40873,"href":"https:\/\/www.orlandia.sp.gov.br\/novo\/wp-json\/wp\/v2\/posts\/40871\/revisions\/40873"}],"wp:attachment":[{"href":"https:\/\/www.orlandia.sp.gov.br\/novo\/wp-json\/wp\/v2\/media?parent=40871"}],"wp:term":[{"taxonomy":"category","embeddable":true,"href":"https:\/\/www.orlandia.sp.gov.br\/novo\/wp-json\/wp\/v2\/categories?post=40871"},{"taxonomy":"post_tag","embeddable":true,"href":"https:\/\/www.orlandia.sp.gov.br\/novo\/wp-json\/wp\/v2\/tags?post=40871"}],"curies":[{"name":"wp","href":"https:\/\/api.w.org\/{rel}","templated":true}]}}