{"id":40317,"date":"2025-04-07T16:54:12","date_gmt":"2025-04-07T19:54:12","guid":{"rendered":"https:\/\/www.orlandia.sp.gov.br\/novo\/?p=40317"},"modified":"2025-04-07T16:54:12","modified_gmt":"2025-04-07T19:54:12","slug":"concorrencia-eletronica-04-2025","status":"publish","type":"post","link":"https:\/\/www.orlandia.sp.gov.br\/novo\/publicacoes\/concorrencia-eletronica\/concorrencia-eletronica-04-2025","title":{"rendered":"CONCORR\u00caNCIA ELETR\u00d4NICA 04\/2025"},"content":{"rendered":"<p>O MUNIC\u00cdPIO DE ORL\u00c2NDIA, pessoa jur\u00eddica de direito p\u00fablico interno, com sede na cidade de Orl\u00e2ndia, Estado de S\u00e3o Paulo, na Pra\u00e7a Coronel Orlando n\u00ba 600, centro, CEP 14.620-000, telefone (16) 3820-8000, inscrita no CNPJ\/MF sob n\u00ba 45.351.749\/0001\u201311, inscrita na I.E 491.040.101.110, por determina\u00e7\u00e3o do Excelent\u00edssimo Prefeito Municipal, senhor JORGE GABRIEL GRASI, torna p\u00fablico, para conhecimento de todos os interessados, que far\u00e1 realizar licita\u00e7\u00e3o na modalidade CONCORR\u00caNCIA ELETR\u00d4NICA, do tipo MENOR PRE\u00c7O GLOBAL, conforme descrito neste edital e seus anexos, nos termos Decreto Municipal n\u00ba 5.414\/2024 e n\u00b0 5.230\/2023, aplicando-se subsidiariamente no que couber as disposi\u00e7\u00f5es da Lei Federal n\u00ba 14.133\/2021, dentre outras comina\u00e7\u00f5es legais, e pelos princ\u00edpios da supremacia e indisponibilidade do interesse p\u00fablico.<br \/>\nA sess\u00e3o de processamento da Concorr\u00eancia eletr\u00f4nica ser\u00e1 realizada em endere\u00e7o eletr\u00f4nico https:\/\/bll.org.br, com o per\u00edodo do recebimento das propostas do dia <strong>07\/04\/2025 \u00e0s 17:00h at\u00e9 23\/04\/2025 \u00e0s 08:00h.<\/strong> O hor\u00e1rio do in\u00edcio de disputa ser\u00e1 <strong>23\/04\/2025 \u00e0s 08:30h<\/strong> e ser\u00e1 conduzida por um dos Pregoeiros, com o aux\u00edlio da Equipe de Apoio, designados pelo Decreto Municipal n\u00ba 5.250 de 07.06.2023 e Decreto Municipal 5.384 de 20.08.2024.<\/p>\n<p><a href=\"https:\/\/www.orlandia.sp.gov.br\/novo\/wp-content\/uploads\/2025\/04\/EDITAL-CONCORRENCIA-ELETRONICA-04-2025-Contratacao-de-empresa-especializada-em-engenharia-para-execucao-da-obra-de-ampliacao-e-reforma-da-EMEB-MARIA-LUCIA-BERTI.pdf\">EDITAL CONCORR\u00caNCIA ELETR\u00d4NICA 04 2025 &#8211; Contrata\u00e7\u00e3o de empresa especializada em engenharia para execu\u00e7\u00e3o da obra de amplia\u00e7\u00e3o e reforma da EMEB MARIA L\u00daCIA BERTI<\/a><\/p>\n<p><a href=\"https:\/\/www.orlandia.sp.gov.br\/novo\/wp-content\/uploads\/2025\/04\/BDI-1.pdf\">BDI<\/a><\/p>\n<p><a href=\"https:\/\/www.orlandia.sp.gov.br\/novo\/wp-content\/uploads\/2025\/04\/Crono.pdf\">Crono<\/a><\/p>\n<p><a href=\"https:\/\/www.orlandia.sp.gov.br\/novo\/wp-content\/uploads\/2025\/04\/Memoria-de-Calculo.odt\">Mem\u00f3ria de C\u00e1lculo<\/a><\/p>\n<p><a href=\"https:\/\/www.orlandia.sp.gov.br\/novo\/wp-content\/uploads\/2025\/04\/Planilha-Orcamentaria-Atualizada.pdf\">Planilha Or\u00e7ament\u00e1ria &#8211; Atualizada<\/a><\/p>\n<p><a href=\"https:\/\/www.orlandia.sp.gov.br\/novo\/wp-content\/uploads\/2025\/04\/Planilha-Orcamentaria.ods\">Planilha Or\u00e7ament\u00e1ria<\/a><\/p>\n<p><a href=\"https:\/\/www.orlandia.sp.gov.br\/novo\/wp-content\/uploads\/2025\/04\/Cobertura.pdf\">Cobertura<\/a><\/p>\n<p><a href=\"https:\/\/www.orlandia.sp.gov.br\/novo\/wp-content\/uploads\/2025\/04\/Demolicao.pdf\">Demoli\u00e7\u00e3o<\/a><\/p>\n<p><a href=\"https:\/\/www.orlandia.sp.gov.br\/novo\/wp-content\/uploads\/2025\/04\/Eletrica.pdf\">El\u00e9trica<\/a><\/p>\n<p><a href=\"https:\/\/www.orlandia.sp.gov.br\/novo\/wp-content\/uploads\/2025\/04\/Hidraulica.pdf\">Hidr\u00e1ulica<\/a><\/p>\n<p><a href=\"https:\/\/www.orlandia.sp.gov.br\/novo\/wp-content\/uploads\/2025\/04\/Planilha_cargas_Maria-Lucia-Berti.xlsx\">Planilha_cargas_Maria Lucia Berti<\/a><\/p>\n<p><a href=\"https:\/\/www.orlandia.sp.gov.br\/novo\/wp-content\/uploads\/2025\/04\/Planta-Baixa.pdf\">Planta Baixa<\/a><\/p>\n<p><a href=\"https:\/\/www.orlandia.sp.gov.br\/novo\/wp-content\/uploads\/2025\/04\/Projeto-Maria-Lucia-Berti.rar\">Projeto Maria Lucia Berti<\/a><\/p>\n<p><a href=\"https:\/\/www.orlandia.sp.gov.br\/novo\/wp-content\/uploads\/2025\/04\/Quadra-de-Esportes.pdf\">Quadra de Esportes<\/a><\/p>\n","protected":false},"excerpt":{"rendered":"<p>PROCESSO n\u00ba 62\/2025<br \/>\nOBJETO: CONTRATA\u00c7\u00c3O DE EMPRESA ESPECIALIZADA EM ENGENHARIA PARA EXECU\u00c7\u00c3O DA OBRA DE AMPLIA\u00c7\u00c3O E REFORMA DA EMEB MARIA L\u00daCIA BERTI.<br \/>\nIN\u00cdCIO DO ENVIO DAS PROPOSTAS: 07\/04\/2025  \u00e0s 17:00<br \/>\nFIM DO ENVIO DAS PROPOSTAS: 23\/04\/2025 \u00e0s 08:00<br \/>\nHOR\u00c1RIO DE IN\u00cdCIO DA DISPUTA: 23\/04\/2025 \u00e0s 08:30<br \/>\nENDERE\u00c7O ELETR\u00d4NICO: https:\/\/bll.org.br<\/p>\n","protected":false},"author":10,"featured_media":0,"comment_status":"closed","ping_status":"closed","sticky":false,"template":"","format":"standard","meta":{"ngg_post_thumbnail":0,"footnotes":""},"categories":[147],"tags":[],"magazineBlocksPostFeaturedMedia":{"thumbnail":false,"medium":false,"medium_large":false,"large":false,"1536x1536":false,"2048x2048":false,"colormag-highlighted-post":false,"colormag-featured-post-medium":false,"colormag-featured-post-small":false,"colormag-featured-image":false,"colormag-default-news":false,"colormag-featured-image-large":false},"magazineBlocksPostAuthor":{"name":"Licita\u00e7\u00e3o","avatar":"https:\/\/secure.gravatar.com\/avatar\/510039dcf0c0f298820adcefb2dc032d?s=96&d=mm&r=g"},"magazineBlocksPostCommentsNumber":false,"magazineBlocksPostExcerpt":"PROCESSO n\u00ba 62\/2025\r\nOBJETO: CONTRATA\u00c7\u00c3O DE EMPRESA ESPECIALIZADA EM ENGENHARIA PARA EXECU\u00c7\u00c3O DA OBRA DE AMPLIA\u00c7\u00c3O E REFORMA DA EMEB MARIA L\u00daCIA BERTI.\r\nIN\u00cdCIO DO ENVIO DAS PROPOSTAS: 07\/04\/2025  \u00e0s 17:00\r\nFIM DO ENVIO DAS PROPOSTAS: 23\/04\/2025 \u00e0s 08:00\r\nHOR\u00c1RIO DE IN\u00cdCIO DA DISPUTA: 23\/04\/2025 \u00e0s 08:30\r\nENDERE\u00c7O ELETR\u00d4NICO: https:\/\/bll.org.br","magazineBlocksPostCategories":["Concorr\u00eancia Eletr\u00f4nica"],"magazine_blocks_featured_image_url":{"full":false,"medium":false,"thumbnail":false},"magazine_blocks_author":{"display_name":"Licita\u00e7\u00e3o","author_link":"https:\/\/www.orlandia.sp.gov.br\/novo\/author\/licitacao"},"magazine_blocks_comment":0,"magazine_blocks_author_image":"https:\/\/secure.gravatar.com\/avatar\/510039dcf0c0f298820adcefb2dc032d?s=96&d=mm&r=g","magazine_blocks_category":"<a href=\"https:\/\/www.orlandia.sp.gov.br\/novo\/category\/publicacoes\/concorrencia-eletronica\" rel=\"category tag\">Concorr\u00eancia Eletr\u00f4nica<\/a>","_links":{"self":[{"href":"https:\/\/www.orlandia.sp.gov.br\/novo\/wp-json\/wp\/v2\/posts\/40317"}],"collection":[{"href":"https:\/\/www.orlandia.sp.gov.br\/novo\/wp-json\/wp\/v2\/posts"}],"about":[{"href":"https:\/\/www.orlandia.sp.gov.br\/novo\/wp-json\/wp\/v2\/types\/post"}],"author":[{"embeddable":true,"href":"https:\/\/www.orlandia.sp.gov.br\/novo\/wp-json\/wp\/v2\/users\/10"}],"replies":[{"embeddable":true,"href":"https:\/\/www.orlandia.sp.gov.br\/novo\/wp-json\/wp\/v2\/comments?post=40317"}],"version-history":[{"count":1,"href":"https:\/\/www.orlandia.sp.gov.br\/novo\/wp-json\/wp\/v2\/posts\/40317\/revisions"}],"predecessor-version":[{"id":40332,"href":"https:\/\/www.orlandia.sp.gov.br\/novo\/wp-json\/wp\/v2\/posts\/40317\/revisions\/40332"}],"wp:attachment":[{"href":"https:\/\/www.orlandia.sp.gov.br\/novo\/wp-json\/wp\/v2\/media?parent=40317"}],"wp:term":[{"taxonomy":"category","embeddable":true,"href":"https:\/\/www.orlandia.sp.gov.br\/novo\/wp-json\/wp\/v2\/categories?post=40317"},{"taxonomy":"post_tag","embeddable":true,"href":"https:\/\/www.orlandia.sp.gov.br\/novo\/wp-json\/wp\/v2\/tags?post=40317"}],"curies":[{"name":"wp","href":"https:\/\/api.w.org\/{rel}","templated":true}]}}