{"id":3921,"date":"2014-09-24T10:40:58","date_gmt":"2014-09-24T13:40:58","guid":{"rendered":"https:\/\/www.orlandia.sp.gov.br\/novo\/?p=3921"},"modified":"2014-10-06T18:56:41","modified_gmt":"2014-10-06T21:56:41","slug":"tomada-de-precos-092014","status":"publish","type":"post","link":"https:\/\/www.orlandia.sp.gov.br\/novo\/publicacoes\/tomada-de-preco\/tomada-de-precos-092014","title":{"rendered":"TOMADA DE PRE\u00c7OS 09\/2014"},"content":{"rendered":"<p style=\"text-align: center;\"><strong>TOMADA DE PRE\u00c7OS n\u00ba 009\/2014<\/strong><\/p>\n<p style=\"text-align: center;\"><strong>\u00a0<\/strong><\/p>\n<p style=\"text-align: center;\"><strong>PROCESSO n.\u00ba 139\/2014<\/strong><\/p>\n<p><strong>\u00a0<\/strong><\/p>\n<p>O <strong>MUNIC\u00cdPIO DE ORL\u00c2NDIA<\/strong>, do Estado de S\u00e3o Paulo, inscrito no CNPJ\/MF sob o n\u00ba 45.351.749\/0001\u201311, inscrito na I.E n\u00ba 491.040.101.110, por determina\u00e7\u00e3o da Excelent\u00edssima Senhora Prefeita Municipal <strong>SENHORA FL\u00c1VIA MENDES GOMES<\/strong>, no uso de suas atribui\u00e7\u00f5es legais, faz p\u00fablico que se acha aberta a <strong>TOMADA DE PRE\u00c7OS N\u00ba 009\/2014, <\/strong>tipo <strong>MENOR PRE\u00c7O<\/strong>, que tem por objeto a <strong>CONTRATA\u00c7\u00c3O DE LEILOEIRO OFICIAL, NO EXERC\u00cdCIO REGULAR DA PROFISS\u00c3O, PARA PRESTA\u00c7\u00c3O DE SERVI\u00c7OS REFERENTES \u00c0 VENDA DE BENS INSERV\u00cdVEIS DA PREFEITURA COMPREENDENDO A ORGANIZA\u00c7\u00c3O, DIVULGA\u00c7\u00c3O E REALIZA\u00c7\u00c3O DE LEIL\u00d5ES OFICIAIS NO MUNIC\u00cdPIO DE ORL\u00c2NDIA<\/strong>, que ser\u00e1 procedida e julgada de acordo com os princ\u00edpios e normas gerais estabelecidas pela Lei Federal n\u00ba 8.666, de 21 de junho de 1993, bem como pelas disposi\u00e7\u00f5es deste edital.<\/p>\n<p>O futuro contrato a ser assinado nos presentes autos reger-se-\u00e1 pelas disposi\u00e7\u00f5es legais contidas na Lei n.\u00ba 8.666\/93,na Lei Org\u00e2nica do Munic\u00edpio de Orl\u00e2ndia e demais normas legais pertinentes.<\/p>\n<p><a id=\"linkEdital\"onclick=\"validaDownload();\" onmouseover=\"carrega();\"href=\"https:\/\/www.orlandia.sp.gov.br\/novo\/wp-content\/uploads\/2014\/09\/TOMADA-DE-PRE\u00c7OS-009-2014-Contrata\u00e7\u00e3o-LEILOEIRO1.pdf\">Download Edital<\/a><\/p>\n","protected":false},"excerpt":{"rendered":"<p>PROCESSO n \u00ba 139 \/2014<br \/>\nOBJETO: CONTRATA\u00c7\u00c3O DE LEILOEIRO OFICIAL<br \/>\nREALIZA\u00c7\u00c3O: Entrega de Envelopes at\u00e9 23\/10\/2014 \u00e0s 09:00 horas. Vistoria at\u00e9 22\/10\/2014, em hor\u00e1rio de expediente.<br \/>\nLOCAL: Pra\u00e7a Cel. Orlando, n\u00ba 652, Centro<\/p>\n","protected":false},"author":10,"featured_media":0,"comment_status":"open","ping_status":"open","sticky":false,"template":"","format":"standard","meta":{"ngg_post_thumbnail":0,"footnotes":""},"categories":[44],"tags":[],"magazineBlocksPostFeaturedMedia":{"thumbnail":false,"medium":false,"medium_large":false,"large":false,"1536x1536":false,"2048x2048":false,"colormag-highlighted-post":false,"colormag-featured-post-medium":false,"colormag-featured-post-small":false,"colormag-featured-image":false,"colormag-default-news":false,"colormag-featured-image-large":false},"magazineBlocksPostAuthor":{"name":"Licita\u00e7\u00e3o","avatar":"https:\/\/secure.gravatar.com\/avatar\/510039dcf0c0f298820adcefb2dc032d?s=96&d=mm&r=g"},"magazineBlocksPostCommentsNumber":false,"magazineBlocksPostExcerpt":"PROCESSO n \u00ba 139 \/2014\r\nOBJETO: CONTRATA\u00c7\u00c3O DE LEILOEIRO OFICIAL\r\nREALIZA\u00c7\u00c3O: Entrega de Envelopes at\u00e9 23\/10\/2014 \u00e0s 09:00 horas. Vistoria at\u00e9 22\/10\/2014, em hor\u00e1rio de expediente.\r\nLOCAL: Pra\u00e7a Cel. Orlando, n\u00ba 652, Centro","magazineBlocksPostCategories":["Tomada de Pre\u00e7o"],"magazine_blocks_featured_image_url":{"full":false,"medium":false,"thumbnail":false},"magazine_blocks_author":{"display_name":"Licita\u00e7\u00e3o","author_link":"https:\/\/www.orlandia.sp.gov.br\/novo\/author\/licitacao"},"magazine_blocks_comment":0,"magazine_blocks_author_image":"https:\/\/secure.gravatar.com\/avatar\/510039dcf0c0f298820adcefb2dc032d?s=96&d=mm&r=g","magazine_blocks_category":"<a href=\"https:\/\/www.orlandia.sp.gov.br\/novo\/category\/publicacoes\/tomada-de-preco\" rel=\"category tag\">Tomada de Pre\u00e7o<\/a>","_links":{"self":[{"href":"https:\/\/www.orlandia.sp.gov.br\/novo\/wp-json\/wp\/v2\/posts\/3921"}],"collection":[{"href":"https:\/\/www.orlandia.sp.gov.br\/novo\/wp-json\/wp\/v2\/posts"}],"about":[{"href":"https:\/\/www.orlandia.sp.gov.br\/novo\/wp-json\/wp\/v2\/types\/post"}],"author":[{"embeddable":true,"href":"https:\/\/www.orlandia.sp.gov.br\/novo\/wp-json\/wp\/v2\/users\/10"}],"replies":[{"embeddable":true,"href":"https:\/\/www.orlandia.sp.gov.br\/novo\/wp-json\/wp\/v2\/comments?post=3921"}],"version-history":[{"count":7,"href":"https:\/\/www.orlandia.sp.gov.br\/novo\/wp-json\/wp\/v2\/posts\/3921\/revisions"}],"predecessor-version":[{"id":4024,"href":"https:\/\/www.orlandia.sp.gov.br\/novo\/wp-json\/wp\/v2\/posts\/3921\/revisions\/4024"}],"wp:attachment":[{"href":"https:\/\/www.orlandia.sp.gov.br\/novo\/wp-json\/wp\/v2\/media?parent=3921"}],"wp:term":[{"taxonomy":"category","embeddable":true,"href":"https:\/\/www.orlandia.sp.gov.br\/novo\/wp-json\/wp\/v2\/categories?post=3921"},{"taxonomy":"post_tag","embeddable":true,"href":"https:\/\/www.orlandia.sp.gov.br\/novo\/wp-json\/wp\/v2\/tags?post=3921"}],"curies":[{"name":"wp","href":"https:\/\/api.w.org\/{rel}","templated":true}]}}