{"id":38710,"date":"2024-06-27T15:07:11","date_gmt":"2024-06-27T18:07:11","guid":{"rendered":"https:\/\/www.orlandia.sp.gov.br\/novo\/?p=38710"},"modified":"2024-07-19T09:47:10","modified_gmt":"2024-07-19T12:47:10","slug":"chamada-publica-022024","status":"publish","type":"post","link":"https:\/\/www.orlandia.sp.gov.br\/novo\/publicacoes\/chamada-publica\/chamada-publica-022024","title":{"rendered":"CHAMADA P\u00daBLICA 02\/2024"},"content":{"rendered":"<p>Em vista do disposto nos artigos 127 e 128 da Lei Org\u00e2nica do Munic\u00edpio de Orl\u00e2ndia, dos princ\u00edpios constitucionais que regem a Administra\u00e7\u00e3o P\u00fablica Municipal, bem como o previsto na Lei Municipal n.\u00ba 3.981, de 18 de junho de 2014 e do Decreto 5.362 de 18 de junho de 2024, que \u201cRegulamenta a realiza\u00e7\u00e3o da Feira do Livro no ano de 2024 e d\u00e1 outras provid\u00eancias.\u201d, que ficam fazendo parte integrante do presente, a Administra\u00e7\u00e3o P\u00fablica Municipal faz p\u00fablico que se acha aberta a presente CHAMADA P\u00daBLICA N\u00ba 02\/2024 para<strong> sele\u00e7\u00e3o dos expositores para a Feira do Livro 2024 do Munic\u00edpio de Orl\u00e2ndia<\/strong>, que acontecer\u00e1 no per\u00edodo de 06 e 10 de agosto de 2024 , das 08:00 \u00e0s 22:00 horas, na Pra\u00e7a M\u00e1rio Furtado. 1. Encontra-se aberta, na Prefeitura Municipal de Orl\u00e2ndia, a CHAMADA P\u00daBLICA N.\u00ba 002\/2024, visando a sele\u00e7\u00e3o de editoras, distribuidoras e livrarias regularmente constitu\u00eddas que pretendam instalar estande no evento denominada FEIRA DO LIVRO 2024, que acontecer\u00e1 no per\u00edodo de 06 a 10 de agosto de 2024, das 08:00 \u00e0s 22:00 horas, na Pra\u00e7a M\u00e1rio Furtado, s\/n\u00ba, no munic\u00edpio de Orl\u00e2ndia, Estado de S\u00e3o Paulo.<\/p>\n<p>Os interessados dever\u00e3o apresentar\u00a0a documenta\u00e7\u00e3o at\u00e9 o dia <strong>15\/07\/2024<\/strong>, na Prefeitura Municipal de Orl\u00e2ndia \u2013 Setor de Licita\u00e7\u00f5es e Compras da Prefeitura Municipal de Orl\u00e2ndia, localizado \u00e0 Pra\u00e7a Coronel Orlando, 652, Centro, cidade de Orl\u00e2ndia-SP.<\/p>\n<p><a href=\"https:\/\/www.orlandia.sp.gov.br\/novo\/wp-content\/uploads\/2024\/07\/Edital-Chamada-P\u00fablica-02-2024-Feira-do-Livro-2024..pdf\">Edital Chamada P\u00fablica 02 2024 &#8211; Feira do Livro 2024.<\/a><\/p>\n<p><a href=\"https:\/\/www.orlandia.sp.gov.br\/novo\/wp-content\/uploads\/2024\/06\/Decreto-Feira-do-Livro.pdf\">Decreto e formul\u00e1rios Feira do Livro 2024<\/a><\/p>\n<p><a href=\"https:\/\/www.orlandia.sp.gov.br\/novo\/wp-content\/uploads\/2024\/06\/Publicacoes-18_07_2024-ATA-CHAMADA-PUBLICA-FEIRA-DO-LIVRO.pdf\">ATA CHAMADA P\u00daBLICA FEIRA DO LIVRO<\/a><\/p>\n<p><a href=\"https:\/\/www.orlandia.sp.gov.br\/novo\/wp-content\/uploads\/2024\/06\/ATA-SORTEIO-FEIRA-DO-LIVRO.pdf\">ATA SORTEIO FEIRA DO LIVRO<\/a><\/p>\n","protected":false},"excerpt":{"rendered":"<p>CHAMADA P\u00daBLICA 02\/2024<br \/>\nOBJETO: SELE\u00c7\u00c3O DOS EXPOSITORES PARA A FEIRA DO LIVRO 2024 DO MUNIC\u00cdPIO DE ORL\u00c2NDIA.<br \/>\nDATA PARA ENTREGA DE DOCUMENTA\u00c7\u00c3O:  08 a 15 de Julho de 2024.<br \/>\nLOCAL: Departamento de Compras e Licita\u00e7\u00f5es, rua 22, n\u00ba22- A, Jardim Teixeira.<\/p>\n","protected":false},"author":10,"featured_media":0,"comment_status":"closed","ping_status":"closed","sticky":false,"template":"","format":"standard","meta":{"ngg_post_thumbnail":0,"footnotes":""},"categories":[37],"tags":[],"magazineBlocksPostFeaturedMedia":{"thumbnail":false,"medium":false,"medium_large":false,"large":false,"1536x1536":false,"2048x2048":false,"colormag-highlighted-post":false,"colormag-featured-post-medium":false,"colormag-featured-post-small":false,"colormag-featured-image":false,"colormag-default-news":false,"colormag-featured-image-large":false},"magazineBlocksPostAuthor":{"name":"Licita\u00e7\u00e3o","avatar":"https:\/\/secure.gravatar.com\/avatar\/510039dcf0c0f298820adcefb2dc032d?s=96&d=mm&r=g"},"magazineBlocksPostCommentsNumber":false,"magazineBlocksPostExcerpt":"CHAMADA P\u00daBLICA 02\/2024\r\nOBJETO: SELE\u00c7\u00c3O DOS EXPOSITORES PARA A FEIRA DO LIVRO 2024 DO MUNIC\u00cdPIO DE ORL\u00c2NDIA.\r\nDATA PARA ENTREGA DE DOCUMENTA\u00c7\u00c3O:  08 a 15 de Julho de 2024.\r\nLOCAL: Departamento de Compras e Licita\u00e7\u00f5es, rua 22, n\u00ba22- A, Jardim Teixeira.","magazineBlocksPostCategories":["Chamada P\u00fablica"],"magazine_blocks_featured_image_url":{"full":false,"medium":false,"thumbnail":false},"magazine_blocks_author":{"display_name":"Licita\u00e7\u00e3o","author_link":"https:\/\/www.orlandia.sp.gov.br\/novo\/author\/licitacao"},"magazine_blocks_comment":0,"magazine_blocks_author_image":"https:\/\/secure.gravatar.com\/avatar\/510039dcf0c0f298820adcefb2dc032d?s=96&d=mm&r=g","magazine_blocks_category":"<a href=\"https:\/\/www.orlandia.sp.gov.br\/novo\/category\/publicacoes\/chamada-publica\" rel=\"category tag\">Chamada P\u00fablica<\/a>","_links":{"self":[{"href":"https:\/\/www.orlandia.sp.gov.br\/novo\/wp-json\/wp\/v2\/posts\/38710"}],"collection":[{"href":"https:\/\/www.orlandia.sp.gov.br\/novo\/wp-json\/wp\/v2\/posts"}],"about":[{"href":"https:\/\/www.orlandia.sp.gov.br\/novo\/wp-json\/wp\/v2\/types\/post"}],"author":[{"embeddable":true,"href":"https:\/\/www.orlandia.sp.gov.br\/novo\/wp-json\/wp\/v2\/users\/10"}],"replies":[{"embeddable":true,"href":"https:\/\/www.orlandia.sp.gov.br\/novo\/wp-json\/wp\/v2\/comments?post=38710"}],"version-history":[{"count":6,"href":"https:\/\/www.orlandia.sp.gov.br\/novo\/wp-json\/wp\/v2\/posts\/38710\/revisions"}],"predecessor-version":[{"id":39257,"href":"https:\/\/www.orlandia.sp.gov.br\/novo\/wp-json\/wp\/v2\/posts\/38710\/revisions\/39257"}],"wp:attachment":[{"href":"https:\/\/www.orlandia.sp.gov.br\/novo\/wp-json\/wp\/v2\/media?parent=38710"}],"wp:term":[{"taxonomy":"category","embeddable":true,"href":"https:\/\/www.orlandia.sp.gov.br\/novo\/wp-json\/wp\/v2\/categories?post=38710"},{"taxonomy":"post_tag","embeddable":true,"href":"https:\/\/www.orlandia.sp.gov.br\/novo\/wp-json\/wp\/v2\/tags?post=38710"}],"curies":[{"name":"wp","href":"https:\/\/api.w.org\/{rel}","templated":true}]}}