{"id":3169,"date":"2014-04-10T13:39:25","date_gmt":"2014-04-10T16:39:25","guid":{"rendered":"https:\/\/www.orlandia.sp.gov.br\/novo\/?p=3169"},"modified":"2014-04-11T13:42:49","modified_gmt":"2014-04-11T16:42:49","slug":"tomada-de-precos-no-0042014-2","status":"publish","type":"post","link":"https:\/\/www.orlandia.sp.gov.br\/novo\/publicacoes\/tomada-de-precos-no-0042014-2","title":{"rendered":"TOMADA DE PRE\u00c7OS n\u00ba 004\/2014"},"content":{"rendered":"<p>TOMADA DE PRE\u00c7OS n\u00ba 004\/2014<\/p>\n<p>PROCESSO n.\u00ba 059\/2014<\/p>\n<p>A PREFEITURA MUNICIPAL DE ORL\u00c2NDIA, do Estado de S\u00e3o Paulo, inscrita no<br \/>\nCNPJ\/MF sob o n\u00ba 45.351.749\/0001\u201311, inscrita na I.E n\u00ba 491.040.101.110, por determina\u00e7\u00e3o da<br \/>\nExcelent\u00edssima Senhora Prefeita Municipal SENHORA FL\u00c1VIA MENDES GOMES, no uso<br \/>\nde suas atribui\u00e7\u00f5es legais, faz p\u00fablico que se acha aberta a TOMADA DE PRE\u00c7OS N\u00ba<br \/>\n004\/2014, tipo MENOR PRE\u00c7O, que tem por objeto a CONTRATA\u00c7\u00c3O DE EMPRESA<br \/>\nESPECIALIZADA PARA EXECU\u00c7\u00c3O DOS SERVI\u00c7OS DE REFORMA, AMPLIA\u00c7\u00c3O<br \/>\nE ADEQUA\u00c7\u00d5ES DO CENTRO DE LAZER EDGAR BENINI, que ser\u00e1 procedida e<br \/>\njulgada de acordo com os princ\u00edpios e normas gerais estabelecidas pela Lei Federal n\u00ba 8.666, de<br \/>\n21 de junho de 1993, bem como pelas disposi\u00e7\u00f5es deste edital.<\/p>\n<p>Contem a seguir os downloads:<br \/>\nCronograma<br \/>\nAnexo III Edgard Benini rev1<br \/>\nTomada de pre\u00e7os 004\/2014<\/p>\n<p><a id=\"linkEdital\" onclick=\"validaDownload();\" onmouseover=\"carrega();\" href=\"https:\/\/www.orlandia.sp.gov.br\/novo\/wp-content\/uploads\/2014\/04\/TOMADA-DE-PRE\u00c7OS-004-2014-Contrata\u00e7\u00e3o-de-empresa-para-reforma-do-Centro-de-Lazer.rar\">download<\/a><\/p>\n","protected":false},"excerpt":{"rendered":"<p>TOMADA DE PRE\u00c7OS n\u00ba 004\/2014 PROCESSO n.\u00ba 059\/2014 A PREFEITURA MUNICIPAL DE ORL\u00c2NDIA, do Estado de S\u00e3o Paulo, inscrita no<\/p>\n","protected":false},"author":10,"featured_media":0,"comment_status":"open","ping_status":"open","sticky":false,"template":"","format":"standard","meta":{"ngg_post_thumbnail":0,"footnotes":""},"categories":[38,44],"tags":[],"magazineBlocksPostFeaturedMedia":{"thumbnail":false,"medium":false,"medium_large":false,"large":false,"1536x1536":false,"2048x2048":false,"colormag-highlighted-post":false,"colormag-featured-post-medium":false,"colormag-featured-post-small":false,"colormag-featured-image":false,"colormag-default-news":false,"colormag-featured-image-large":false},"magazineBlocksPostAuthor":{"name":"Licita\u00e7\u00e3o","avatar":"https:\/\/secure.gravatar.com\/avatar\/510039dcf0c0f298820adcefb2dc032d?s=96&d=mm&r=g"},"magazineBlocksPostCommentsNumber":false,"magazineBlocksPostExcerpt":"TOMADA DE PRE\u00c7OS n\u00ba 004\/2014 PROCESSO n.\u00ba 059\/2014 A PREFEITURA MUNICIPAL DE ORL\u00c2NDIA, do Estado de S\u00e3o Paulo, inscrita no","magazineBlocksPostCategories":["Publica\u00e7\u00f5es","Tomada de Pre\u00e7o"],"magazine_blocks_featured_image_url":{"full":false,"medium":false,"thumbnail":false},"magazine_blocks_author":{"display_name":"Licita\u00e7\u00e3o","author_link":"https:\/\/www.orlandia.sp.gov.br\/novo\/author\/licitacao"},"magazine_blocks_comment":0,"magazine_blocks_author_image":"https:\/\/secure.gravatar.com\/avatar\/510039dcf0c0f298820adcefb2dc032d?s=96&d=mm&r=g","magazine_blocks_category":"<a href=\"https:\/\/www.orlandia.sp.gov.br\/novo\/category\/publicacoes\" rel=\"category tag\">Publica\u00e7\u00f5es<\/a> <a href=\"https:\/\/www.orlandia.sp.gov.br\/novo\/category\/publicacoes\/tomada-de-preco\" rel=\"category tag\">Tomada de Pre\u00e7o<\/a>","_links":{"self":[{"href":"https:\/\/www.orlandia.sp.gov.br\/novo\/wp-json\/wp\/v2\/posts\/3169"}],"collection":[{"href":"https:\/\/www.orlandia.sp.gov.br\/novo\/wp-json\/wp\/v2\/posts"}],"about":[{"href":"https:\/\/www.orlandia.sp.gov.br\/novo\/wp-json\/wp\/v2\/types\/post"}],"author":[{"embeddable":true,"href":"https:\/\/www.orlandia.sp.gov.br\/novo\/wp-json\/wp\/v2\/users\/10"}],"replies":[{"embeddable":true,"href":"https:\/\/www.orlandia.sp.gov.br\/novo\/wp-json\/wp\/v2\/comments?post=3169"}],"version-history":[{"count":2,"href":"https:\/\/www.orlandia.sp.gov.br\/novo\/wp-json\/wp\/v2\/posts\/3169\/revisions"}],"predecessor-version":[{"id":3195,"href":"https:\/\/www.orlandia.sp.gov.br\/novo\/wp-json\/wp\/v2\/posts\/3169\/revisions\/3195"}],"wp:attachment":[{"href":"https:\/\/www.orlandia.sp.gov.br\/novo\/wp-json\/wp\/v2\/media?parent=3169"}],"wp:term":[{"taxonomy":"category","embeddable":true,"href":"https:\/\/www.orlandia.sp.gov.br\/novo\/wp-json\/wp\/v2\/categories?post=3169"},{"taxonomy":"post_tag","embeddable":true,"href":"https:\/\/www.orlandia.sp.gov.br\/novo\/wp-json\/wp\/v2\/tags?post=3169"}],"curies":[{"name":"wp","href":"https:\/\/api.w.org\/{rel}","templated":true}]}}