{"id":2832,"date":"2014-02-25T15:13:31","date_gmt":"2014-02-25T18:13:31","guid":{"rendered":"https:\/\/www.orlandia.sp.gov.br\/novo\/?p=2832"},"modified":"2014-05-08T13:49:44","modified_gmt":"2014-05-08T16:49:44","slug":"pregao-n-102014","status":"publish","type":"post","link":"https:\/\/www.orlandia.sp.gov.br\/novo\/publicacoes\/pregao-n-102014","title":{"rendered":"Preg\u00e3o n\u00b0 10\/2014"},"content":{"rendered":"<p>EDITAL DE PREG\u00c3O PRESENCIAL n\u00b0 10\/2014<br \/>\nPROCESSO n\u00b0 20\/2014<br \/>\nDATA DA REALIZA\u00c7\u00c3O: 06\/03\/2014<br \/>\nHOR\u00c1RIO: 09:00 horas<br \/>\nLOCAL: Pra\u00e7a Coronel Orlando n\u00ba 652, centro.<\/p>\n<p>O MUNIC\u00cdPIO DE ORL\u00c2NDIA, pessoa jur\u00eddica de direito p\u00fablico interno, com sede na cidade de Orl\u00e2ndia, Estado de S\u00e3o Paulo, na Pra\u00e7a Coronel Orlando n\u00ba 600, centro, CEP 14620-000, telefone (16) 3820-8000, inscrita no CNPJ\/MF sob n\u00ba 45.351.749\/0001\u201311, inscrita na I.E 491.040.101.110, por determina\u00e7\u00e3o da Excelent\u00edssima Senhora Prefeita Municipal FL\u00c1VIA MENDES GOMES, torna p\u00fablico que se acha aberta \u00e0 licita\u00e7\u00e3o na modalidade PREG\u00c3O &#8211; PRESENCIAL, do tipo MENOR PRE\u00c7O \u2013 Processo n\u00ba 20\/2014, objetivando a AQUISI\u00c7\u00c3O DE UNIFORME ESCOLAR PARA SEREM DISTRIBU\u00cdDOS NAS ESCOLAS DA REDE MUNICIPAL DE ENSINO, que ser\u00e1 regida pela Lei Federal n\u00ba 10.520, de 17 de julho de 2002, Decreto Municipal n\u00ba 3.373, de 30 de maio de 2005, Decreto Municipal 4.111, de 06 de fevereiro de 2012, Decreto Municipal n\u00ba 4.310, de 09 de janeiro de 2014, aplicando-se subsidiariamente, no que couberem, as disposi\u00e7\u00f5es contidas na Lei Federal n\u00ba 8.666, de 21 de junho de 1993, e demais normas regulamentares aplic\u00e1veis \u00e0 esp\u00e9cie<\/p>\n<p>&nbsp;<\/p>\n<p>Link retirado para retifica\u00e7\u00e3o do Edital.<\/p>\n<p>Setor de Licita\u00e7\u00f5es<\/p>\n","protected":false},"excerpt":{"rendered":"<p>PROCESSO n\u00b0 20\/2014<br \/>\nDATA DA REALIZA\u00c7\u00c3O: 06\/03\/2014<br \/>\nHOR\u00c1RIO: 09:00 horas<br \/>\nLOCAL: Pra\u00e7a Coronel Orlando n\u00ba 652, centro.<\/p>\n","protected":false},"author":10,"featured_media":0,"comment_status":"open","ping_status":"open","sticky":false,"template":"","format":"standard","meta":{"ngg_post_thumbnail":0,"footnotes":""},"categories":[42,38],"tags":[],"magazineBlocksPostFeaturedMedia":{"thumbnail":false,"medium":false,"medium_large":false,"large":false,"1536x1536":false,"2048x2048":false,"colormag-highlighted-post":false,"colormag-featured-post-medium":false,"colormag-featured-post-small":false,"colormag-featured-image":false,"colormag-default-news":false,"colormag-featured-image-large":false},"magazineBlocksPostAuthor":{"name":"Licita\u00e7\u00e3o","avatar":"https:\/\/secure.gravatar.com\/avatar\/510039dcf0c0f298820adcefb2dc032d?s=96&d=mm&r=g"},"magazineBlocksPostCommentsNumber":false,"magazineBlocksPostExcerpt":"PROCESSO n\u00b0 20\/2014\r\nDATA DA REALIZA\u00c7\u00c3O: 06\/03\/2014\r\nHOR\u00c1RIO: 09:00 horas\r\nLOCAL: Pra\u00e7a Coronel Orlando n\u00ba 652, centro.","magazineBlocksPostCategories":["Preg\u00e3o Presencial","Publica\u00e7\u00f5es"],"magazine_blocks_featured_image_url":{"full":false,"medium":false,"thumbnail":false},"magazine_blocks_author":{"display_name":"Licita\u00e7\u00e3o","author_link":"https:\/\/www.orlandia.sp.gov.br\/novo\/author\/licitacao"},"magazine_blocks_comment":0,"magazine_blocks_author_image":"https:\/\/secure.gravatar.com\/avatar\/510039dcf0c0f298820adcefb2dc032d?s=96&d=mm&r=g","magazine_blocks_category":"<a href=\"https:\/\/www.orlandia.sp.gov.br\/novo\/category\/publicacoes\/pregao-presencial\" rel=\"category tag\">Preg\u00e3o Presencial<\/a> <a href=\"https:\/\/www.orlandia.sp.gov.br\/novo\/category\/publicacoes\" rel=\"category tag\">Publica\u00e7\u00f5es<\/a>","_links":{"self":[{"href":"https:\/\/www.orlandia.sp.gov.br\/novo\/wp-json\/wp\/v2\/posts\/2832"}],"collection":[{"href":"https:\/\/www.orlandia.sp.gov.br\/novo\/wp-json\/wp\/v2\/posts"}],"about":[{"href":"https:\/\/www.orlandia.sp.gov.br\/novo\/wp-json\/wp\/v2\/types\/post"}],"author":[{"embeddable":true,"href":"https:\/\/www.orlandia.sp.gov.br\/novo\/wp-json\/wp\/v2\/users\/10"}],"replies":[{"embeddable":true,"href":"https:\/\/www.orlandia.sp.gov.br\/novo\/wp-json\/wp\/v2\/comments?post=2832"}],"version-history":[{"count":6,"href":"https:\/\/www.orlandia.sp.gov.br\/novo\/wp-json\/wp\/v2\/posts\/2832\/revisions"}],"predecessor-version":[{"id":8186,"href":"https:\/\/www.orlandia.sp.gov.br\/novo\/wp-json\/wp\/v2\/posts\/2832\/revisions\/8186"}],"wp:attachment":[{"href":"https:\/\/www.orlandia.sp.gov.br\/novo\/wp-json\/wp\/v2\/media?parent=2832"}],"wp:term":[{"taxonomy":"category","embeddable":true,"href":"https:\/\/www.orlandia.sp.gov.br\/novo\/wp-json\/wp\/v2\/categories?post=2832"},{"taxonomy":"post_tag","embeddable":true,"href":"https:\/\/www.orlandia.sp.gov.br\/novo\/wp-json\/wp\/v2\/tags?post=2832"}],"curies":[{"name":"wp","href":"https:\/\/api.w.org\/{rel}","templated":true}]}}