{"id":27550,"date":"2023-07-26T13:07:14","date_gmt":"2023-07-26T16:07:14","guid":{"rendered":"https:\/\/www.orlandia.sp.gov.br\/novo\/?p=27550"},"modified":"2025-09-03T11:13:05","modified_gmt":"2025-09-03T14:13:05","slug":"concorrencia-publica-042023","status":"publish","type":"post","link":"https:\/\/www.orlandia.sp.gov.br\/novo\/publicacoes\/concorrencia-publica\/concorrencia-publica-042023","title":{"rendered":"CONCORR\u00caNCIA P\u00daBLICA 04\/2023"},"content":{"rendered":"<p class=\"western\" lang=\"en-US\" align=\"justify\"><span style=\"font-family: 'Times New Roman', serif;\"><span lang=\"pt-BR\">A PREFEITURA MUNICIPAL DO MUNIC\u00cdPIO DE ORL\u00c2NDIA, ESTADO DE S\u00c3O PAULO, torna p\u00fablico aos interessados que, por determina\u00e7\u00e3o do Sr. Prefeito Municipal encontra-se aberta a CONCORR\u00caNCIA P\u00daBLICA N\u00ba 04\/2023, cujo o objeto \u00e9 a CONCESS\u00c3O ADMINISTRATIVA (PPP) DOS SERVI\u00c7OS DE GEST\u00c3O, OPERA\u00c7\u00c3O, MODERNIZA\u00c7\u00c3O, OTIMIZA\u00c7\u00c3O EXPANS\u00c3O E MANUTEN\u00c7\u00c3O DA INFRAESTRUTURA DA REDE DE ILUMINA\u00c7\u00c3O P\u00daBLICA DO MUNIC\u00cdPIO, em car\u00e1ter de exclusividade, com fundamento no artigo 175 da Constitui\u00e7\u00e3o Federal, na Lei Federal n\u00ba 11.079\/04, Lei Federal n\u00ba 8.666\/93, Lei Federal n\u00ba. 8.987\/95, bem como na Lei Complementar Municipal n\u00ba 33 de 08 de junho de 2017, Lei Complementar Municipal n\u00ba 3.333 de 12 de dezembro de 2003, Lei Complementar n\u00ba 75 de 17 julho de 2023 e o Decreto Municipal n\u00ba 4.489 de 1\u00ba de outubro de 2015, as disposi\u00e7\u00f5es deste EDITAL, a serem prestados pela CONCESSION\u00c1RIA mediante as condi\u00e7\u00f5es a seguir expostas.<\/span><\/span><\/p>\n<p class=\"western\" lang=\"en-US\" align=\"justify\"><span style=\"font-family: 'Times New Roman', serif;\"><span lang=\"pt-BR\">Referida Licita\u00e7\u00e3o, modalidade CONCORR\u00caNCIA, \u00e9 regida pela Lei Federal n\u00ba 11.079\/04 e, subsidiariamente, Lei Federal n\u00ba 8.666\/93 e suas altera\u00e7\u00f5es, Lei Complementar Municipal n\u00ba 33 de 08 de junho de 2017, Lei Complementar Municipal n\u00ba 3.333 de 12 de dezembro de 2003, Lei Complementar Municipal n\u00ba 33 de 08 de junho de 2017, Lei Complementar n\u00ba 75 de 17 julho de 2023 e o Decreto Municipal n\u00ba 4.489 de 1\u00ba de outubro de 2015, Medida Provis\u00f3ria n\u00ba 1.167\/23, Decreto Municipal n\u00ba 5.248 de 03 de abril de 2023 pelas demais legisla\u00e7\u00f5es pertinentes \u00e0 mat\u00e9ria e pelas condi\u00e7\u00f5es estabelecidas neste Edital e nos Anexos que o integram, aplicando-se tamb\u00e9m os termos da Lei Federal 8.987\/95 e suas altera\u00e7\u00f5es.<\/span><\/span><\/p>\n<p><a href=\"https:\/\/www.orlandia.sp.gov.br\/novo\/wp-content\/uploads\/2023\/07\/EDITAL-CONCORR\u00caNCIA-P\u00daBLICA-04-2023-Ilumina\u00e7\u00e3o-p\u00fablica.pdf\">Download edital<\/a><\/p>\n<p><a href=\"https:\/\/www.orlandia.sp.gov.br\/novo\/wp-content\/uploads\/2023\/07\/ANEXO-XIX-PROJETO-DE-ENGENHARIA-REFERENCIAL.pdf\">ANEXO XIX &#8211; PROJETO DE ENGENHARIA REFERENCIAL<\/a><\/p>\n<p><a href=\"https:\/\/www.orlandia.sp.gov.br\/novo\/wp-content\/uploads\/2023\/07\/ANEXO-XX-MODELAGEM-OPERACIONAL-REFERENCIAL.pdf\">ANEXO XX &#8211; MODELAGEM OPERACIONAL REFERENCIAL<\/a><\/p>\n<p><a href=\"https:\/\/www.orlandia.sp.gov.br\/novo\/wp-content\/uploads\/2023\/07\/ANEXO-XXI-ESTUDO-DE-VIABILIDADE-ECON\u00d4MICA-FINANCEIRA-REFERENCIAL.pdf\">ANEXO XXI &#8211; ESTUDO DE VIABILIDADE ECON\u00d4MICA &#8211; FINANCEIRA REFERENCIAL<\/a><\/p>\n<p><a href=\"https:\/\/www.orlandia.sp.gov.br\/novo\/wp-content\/uploads\/2023\/07\/N\u00ba-01-RESPOSTA-ESCLARECIMENTO-PPP-ILUMINA\u00c7\u00c3O-P\u00daBLICA-CP-04.2023.pdf\">N\u00ba 01 &#8211; RESPOSTA &#8211; ESCLARECIMENTO &#8211; PPP &#8211; ILUMINA\u00c7\u00c3O P\u00daBLICA &#8211; CP 04.2023<\/a><\/p>\n<p><a href=\"https:\/\/www.orlandia.sp.gov.br\/novo\/wp-content\/uploads\/2023\/07\/N\u00ba-02-RESPOSTA-ESCLARECIMENTO-PPP-ILUMINA\u00c7\u00c3O-P\u00daBLICA-CP-04.2023.pdf\">N\u00ba 02 &#8211; RESPOSTA &#8211; ESCLARECIMENTO &#8211; PPP &#8211; ILUMINA\u00c7\u00c3O P\u00daBLICA &#8211; CP 04.2023<\/a><\/p>\n<p><a href=\"https:\/\/www.orlandia.sp.gov.br\/novo\/wp-content\/uploads\/2023\/07\/GED-15132-CPFL.pdf\">GED-15132 CPFL<\/a><\/p>\n<p><a href=\"https:\/\/www.orlandia.sp.gov.br\/novo\/wp-content\/uploads\/2023\/07\/N\u00ba-03-RESPOSTA-ESCLARECIMENTO-PPP-ILUMINA\u00c7\u00c3O-P\u00daBLICA-CP-04.2023.pdf\">N\u00ba 03 &#8211; RESPOSTA &#8211; ESCLARECIMENTO &#8211; PPP &#8211; ILUMINA\u00c7\u00c3O P\u00daBLICA &#8211; CP 04.2023<\/a><\/p>\n<p><a href=\"https:\/\/www.orlandia.sp.gov.br\/novo\/wp-content\/uploads\/2023\/07\/N\u00ba-04-RESPOSTA-ESCLARECIMENTO-PPP-ILUMINA\u00c7\u00c3O-P\u00daBLICA-CP-04.2023.pdf\">N\u00ba 04 &#8211; RESPOSTA &#8211; ESCLARECIMENTO &#8211; PPP &#8211; ILUMINA\u00c7\u00c3O P\u00daBLICA &#8211; CP 04.2023<\/a><\/p>\n<p><a href=\"https:\/\/www.orlandia.sp.gov.br\/novo\/wp-content\/uploads\/2023\/07\/N\u00ba-05-RESPOSTA-ESCLARECIMENTO-PPP-ILUMINA\u00c7\u00c3O-P\u00daBLICA-CP-04.2023.pdf\">N\u00ba 05 &#8211; RESPOSTA &#8211; ESCLARECIMENTO &#8211; PPP &#8211; ILUMINA\u00c7\u00c3O P\u00daBLICA &#8211; CP 04.2023<\/a><\/p>\n<p><a href=\"https:\/\/www.orlandia.sp.gov.br\/novo\/wp-content\/uploads\/2023\/07\/N-\u00ba-06-RESPOSTA-ESCLARECIMENTO-PPP-ILUMINA\u00c7\u00c3O-P\u00daBLICA-CP-04.2023.pdf\">N \u00ba 06 &#8211; RESPOSTA &#8211; ESCLARECIMENTO &#8211; PPP &#8211; ILUMINA\u00c7\u00c3O P\u00daBLICA &#8211; CP 04.2023<\/a><\/p>\n<p><a href=\"https:\/\/www.orlandia.sp.gov.br\/novo\/wp-content\/uploads\/2023\/07\/Retifica\u00e7\u00e3o-N.-03-Pergunta-N.-02-RESPOSTA-ESCLARECIMENTO-PPP-ILUMINA\u00c7\u00c3O-P\u00daBLICA-CP-04.2023.pdf\">Retifica\u00e7\u00e3o &#8211; N. 03 &#8211; Pergunta N. 02- RESPOSTA &#8211; ESCLARECIMENTO &#8211; PPP &#8211; ILUMINA\u00c7\u00c3O P\u00daBLICA &#8211; CP 04.2023<\/a><\/p>\n<p><a href=\"https:\/\/www.orlandia.sp.gov.br\/novo\/wp-content\/uploads\/2023\/07\/N-\u00ba-07-RESPOSTA-ESCLARECIMENTO-PPP-ILUMINA\u00c7\u00c3O-P\u00daBLICA-CP-04.2023.pdf\">N \u00ba 07 &#8211; RESPOSTA &#8211; ESCLARECIMENTO &#8211; PPP &#8211; ILUMINA\u00c7\u00c3O P\u00daBLICA &#8211; CP 04.2023<\/a><\/p>\n<p><a href=\"https:\/\/www.orlandia.sp.gov.br\/novo\/wp-content\/uploads\/2023\/07\/N-\u00ba-08-RESPOSTA-ESCLARECIMENTO-PPP-ILUMINA\u00c7\u00c3O-P\u00daBLICA-CP-04.2023.pdf\">N \u00ba 08 &#8211; RESPOSTA &#8211; ESCLARECIMENTO &#8211; PPP &#8211; ILUMINA\u00c7\u00c3O P\u00daBLICA &#8211; CP 04.2023<\/a><\/p>\n<p><a href=\"https:\/\/www.orlandia.sp.gov.br\/novo\/wp-content\/uploads\/2023\/07\/Parecer-Juridico-CP-04.2023-Impugnante-Ilumitech.pdf\">Parecer Juridico CP 04.2023 &#8211; Impugnante &#8211; Ilumitech<\/a><\/p>\n<p><a href=\"https:\/\/www.orlandia.sp.gov.br\/novo\/wp-content\/uploads\/2023\/07\/Ata-de-Recebimento-de-Documenta\u00e7\u00e3o-CP-04.2023.pdf\">Ata de Recebimento de Documenta\u00e7\u00e3o &#8211; CP 04.2023<\/a><\/p>\n<p><a href=\"https:\/\/www.orlandia.sp.gov.br\/novo\/wp-content\/uploads\/2023\/07\/ATA-DE-JULGAMENTO-DOS-DOCUMENTOS-DE-HABILITA\u00c7\u00c3O-CP-04.2023.pdf\">ATA DE JULGAMENTO DOS DOCUMENTOS DE HABILITA\u00c7\u00c3O &#8211; CP 04.2023<\/a><\/p>\n<p>Link acesso documenta\u00e7\u00e3o WT TECNOLOGIA https:\/\/drive.google.com\/file\/d\/1X6XqrF4G1CXSVu43uJGi3AtUIfq1NoA9\/view?usp=sharing<\/p>\n<p>Link acesso documenta\u00e7\u00e3o CONS\u00d3RCIO ILUMINA ORL\u00c2NDIA https:\/\/drive.google.com\/file\/d\/1955vjxIgTm-u-4YCZWPnKEvmZrKuESim\/view?usp=drive_link<\/p>\n<p>Link acesso documenta\u00e7\u00e3o CONS\u00d3RCIO ORL\u00c2NDIA ENERGIA https:\/\/drive.google.com\/file\/d\/1tqZs4UeM2I18iyL0PmMSUmS8B6Kl33wi\/view?usp=drive_link<\/p>\n<p>Link acesso documenta\u00e7\u00e3o RT ENERGIA https:\/\/drive.google.com\/file\/d\/1Kdh9o6S13KuKjyB1z9zkzIuMdETKmIFJ\/view?usp=drive_link<\/p>\n<p>Link acesso documenta\u00e7\u00e3o CONS\u00d3RCIO CONCIP ORL\u00c2NDIA https:\/\/drive.google.com\/file\/d\/1pukdYpqzSnM1-_e-ZyA1M5MIiuP3OqH8\/view?usp=drive_link<\/p>\n<p><a href=\"https:\/\/www.orlandia.sp.gov.br\/novo\/wp-content\/uploads\/2023\/07\/RECURSO-CP-04.2023-CONS\u00d3RCIO-CONCIP-ORL\u00c2NDIA.pdf\">RECURSO CP 04.2023 &#8211; CONS\u00d3RCIO CONCIP ORL\u00c2NDIA<\/a><\/p>\n<p><a href=\"https:\/\/www.orlandia.sp.gov.br\/novo\/wp-content\/uploads\/2023\/07\/RECURSO-CP-04.2023-CONS\u00d3RCIO-ILUMINA-ORL\u00c2NDIA.pdf\">RECURSO CP 04.2023 &#8211; CONS\u00d3RCIO ILUMINA ORL\u00c2NDIA<\/a><\/p>\n<p><a href=\"https:\/\/www.orlandia.sp.gov.br\/novo\/wp-content\/uploads\/2023\/07\/RECURSO-CP-04.2023-ORL\u00c2NDIA-ENERGIA.pdf\">RECURSO CP 04.2023 &#8211; ORL\u00c2NDIA ENERGIA<\/a><\/p>\n<p><a href=\"https:\/\/www.orlandia.sp.gov.br\/novo\/wp-content\/uploads\/2023\/07\/RECURSO-CP-04.2023-WT-TECNOLOGIA-GEST\u00c3O-E-ENERGIA-SA.pdf\">RECURSO CP 04.2023 &#8211; WT TECNOLOGIA, GEST\u00c3O E ENERGIA SA<\/a><\/p>\n<p><a href=\"https:\/\/www.orlandia.sp.gov.br\/novo\/wp-content\/uploads\/2023\/07\/MANIFESTA\u00c7\u00c3O-T\u00c9CNICA.-CONCORR\u00caNCIA-P\u00daBLICA-04.2023.pdf\">MANIFESTA\u00c7\u00c3O T\u00c9CNICA. CONCORR\u00caNCIA P\u00daBLICA 04.2023<\/a><\/p>\n<p><a href=\"https:\/\/www.orlandia.sp.gov.br\/novo\/wp-content\/uploads\/2023\/07\/ATA-DA-SESS\u00c3O-CONCORRENCIA-P\u00daBLICA-04.2023.pdf\">ATA DA SESS\u00c3O &#8211; CONCORRENCIA P\u00daBLICA 04.2023<\/a><\/p>\n<p>&nbsp;<\/p>\n","protected":false},"excerpt":{"rendered":"<p>A PREFEITURA MUNICIPAL DO MUNIC\u00cdPIO DE ORL\u00c2NDIA, ESTADO DE S\u00c3O PAULO, torna p\u00fablico aos interessados que, por determina\u00e7\u00e3o do Sr.<\/p>\n","protected":false},"author":10,"featured_media":0,"comment_status":"closed","ping_status":"closed","sticky":false,"template":"","format":"standard","meta":{"ngg_post_thumbnail":0,"footnotes":""},"categories":[34],"tags":[],"magazineBlocksPostFeaturedMedia":{"thumbnail":false,"medium":false,"medium_large":false,"large":false,"1536x1536":false,"2048x2048":false,"colormag-highlighted-post":false,"colormag-featured-post-medium":false,"colormag-featured-post-small":false,"colormag-featured-image":false,"colormag-default-news":false,"colormag-featured-image-large":false},"magazineBlocksPostAuthor":{"name":"Licita\u00e7\u00e3o","avatar":"https:\/\/secure.gravatar.com\/avatar\/510039dcf0c0f298820adcefb2dc032d?s=96&d=mm&r=g"},"magazineBlocksPostCommentsNumber":false,"magazineBlocksPostExcerpt":"A PREFEITURA MUNICIPAL DO MUNIC\u00cdPIO DE ORL\u00c2NDIA, ESTADO DE S\u00c3O PAULO, torna p\u00fablico aos interessados que, por determina\u00e7\u00e3o do Sr.","magazineBlocksPostCategories":["Concorr\u00eancia P\u00fablica"],"magazine_blocks_featured_image_url":{"full":false,"medium":false,"thumbnail":false},"magazine_blocks_author":{"display_name":"Licita\u00e7\u00e3o","author_link":"https:\/\/www.orlandia.sp.gov.br\/novo\/author\/licitacao"},"magazine_blocks_comment":0,"magazine_blocks_author_image":"https:\/\/secure.gravatar.com\/avatar\/510039dcf0c0f298820adcefb2dc032d?s=96&d=mm&r=g","magazine_blocks_category":"<a href=\"https:\/\/www.orlandia.sp.gov.br\/novo\/category\/publicacoes\/concorrencia-publica\" rel=\"category tag\">Concorr\u00eancia P\u00fablica<\/a>","_links":{"self":[{"href":"https:\/\/www.orlandia.sp.gov.br\/novo\/wp-json\/wp\/v2\/posts\/27550"}],"collection":[{"href":"https:\/\/www.orlandia.sp.gov.br\/novo\/wp-json\/wp\/v2\/posts"}],"about":[{"href":"https:\/\/www.orlandia.sp.gov.br\/novo\/wp-json\/wp\/v2\/types\/post"}],"author":[{"embeddable":true,"href":"https:\/\/www.orlandia.sp.gov.br\/novo\/wp-json\/wp\/v2\/users\/10"}],"replies":[{"embeddable":true,"href":"https:\/\/www.orlandia.sp.gov.br\/novo\/wp-json\/wp\/v2\/comments?post=27550"}],"version-history":[{"count":16,"href":"https:\/\/www.orlandia.sp.gov.br\/novo\/wp-json\/wp\/v2\/posts\/27550\/revisions"}],"predecessor-version":[{"id":40880,"href":"https:\/\/www.orlandia.sp.gov.br\/novo\/wp-json\/wp\/v2\/posts\/27550\/revisions\/40880"}],"wp:attachment":[{"href":"https:\/\/www.orlandia.sp.gov.br\/novo\/wp-json\/wp\/v2\/media?parent=27550"}],"wp:term":[{"taxonomy":"category","embeddable":true,"href":"https:\/\/www.orlandia.sp.gov.br\/novo\/wp-json\/wp\/v2\/categories?post=27550"},{"taxonomy":"post_tag","embeddable":true,"href":"https:\/\/www.orlandia.sp.gov.br\/novo\/wp-json\/wp\/v2\/tags?post=27550"}],"curies":[{"name":"wp","href":"https:\/\/api.w.org\/{rel}","templated":true}]}}