{"id":2712,"date":"2014-02-18T09:13:23","date_gmt":"2014-02-18T12:13:23","guid":{"rendered":"https:\/\/www.orlandia.sp.gov.br\/novo\/?p=2712"},"modified":"2014-05-08T13:54:11","modified_gmt":"2014-05-08T16:54:11","slug":"pregao-presencial-n-082014","status":"publish","type":"post","link":"https:\/\/www.orlandia.sp.gov.br\/novo\/publicacoes\/pregao-presencial-n-082014","title":{"rendered":"Preg\u00e3o Presencial n\u00b0 08\/2014"},"content":{"rendered":"<p style=\"text-align: justify;\">OBJETIVANDO A CONTRATA\u00c7\u00c3O DE PRESTA\u00c7\u00c3O DE SERVI\u00c7OS PARA ATUA\u00c7\u00c3O NAS \u00c1REAS DE PROFISSIONALIZA\u00c7\u00c3O NO MUNIC\u00cdPIO DE ORL\u00c2NDIA, VINCULADAS AO FUNDO SOCIAL DE SOLIDARIEDADE.<\/p>\n<p style=\"text-align: justify;\">PRE\u00c2MBULO<br \/>\nEDITAL DE PREG\u00c3O PRESENCIAL n\u00b0 008\/2014<br \/>\nPROCESSO n\u00b0 018\/2014<br \/>\nDATA DA REALIZA\u00c7\u00c3O: 27\/02\/2014 \u2013 1\u00aa SESS\u00c3O \u2013 ITEM 01 AO 10<br \/>\nHOR\u00c1RIO: 09:00 horas<br \/>\nDATA DA REALIZA\u00c7\u00c3O: 27\/02\/2014 \u2013 2\u00aa SESS\u00c3O \u2013 ITEM 11 AO 19<br \/>\nHOR\u00c1RIO: 14:00 horas<br \/>\nLOCAL: Pra\u00e7a Coronel Orlando n\u00ba 652, centro.<\/p>\n<p style=\"text-align: justify;\">O MUNIC\u00cdPIO DE ORL\u00c2NDIA, pessoa jur\u00eddica de direito p\u00fablico interno, com sede na cidade de Orl\u00e2ndia, Estado de S\u00e3o Paulo, na Pra\u00e7a Coronel Orlando, n\u00ba 600 &#8211; centro, CEP 14620-000, telefone (16) 3820-8058, inscrita no CNPJ\/MF sob n\u00ba 45.351.749\/0001\u201311, por determina\u00e7\u00e3o da Excelent\u00edssima Senhora Prefeita Municipal FL\u00c1VIA MENDES GOMES, torna p\u00fablico que se acha aberta nesta unidade licita\u00e7\u00e3o na modalidade de PREG\u00c3O PRESENCIAL, do tipo MENOR PRE\u00c7O \u2013 Processo n\u00ba 18\/2014, objetivando a CONTRATA\u00c7\u00c3O DE PRESTA\u00c7\u00c3O DE SERVI\u00c7OS PARA ATUA\u00c7\u00c3O NAS \u00c1REAS DE PROFISSIONALIZA\u00c7\u00c3O NO MUNIC\u00cdPIO DE ORL\u00c2NDIA, VINCULADAS AO FUNDO SOCIAL DE SOLIDARIEDADE, que ser\u00e1 regida pela Lei Federal n\u00ba 10.520, de 17 de julho de 2002, Decreto Municipal n\u00ba 3.373, de 30 de maio de 2005, aplicando-se subsidiariamente, no que couberem, as disposi\u00e7\u00f5es contidas na Lei Federal n\u00ba 8.666, de 21 de junho de 1993, e demais normas regulamentares aplic\u00e1veis \u00e0 esp\u00e9cie.<\/p>\n<p style=\"text-align: justify;\"><a id=\"linkEdital\" onclick=\"validaDownload();\" onmouseover=\"carrega();\" href=\"https:\/\/www.orlandia.sp.gov.br\/novo\/wp-content\/uploads\/2014\/02\/EDITAL_PREGAO_08-2014-Contratacao-de-prestacao-de-servicos-para-o-Fundo-Social1.pdf\">Download do edital<\/a><\/p>\n","protected":false},"excerpt":{"rendered":"<p>OBJETIVANDO A CONTRATA\u00c7\u00c3O DE PRESTA\u00c7\u00c3O DE SERVI\u00c7OS PARA ATUA\u00c7\u00c3O NAS \u00c1REAS DE PROFISSIONALIZA\u00c7\u00c3O NO MUNIC\u00cdPIO DE ORL\u00c2NDIA, VINCULADAS AO FUNDO SOCIAL DE SOLIDARIEDADE.<br \/>\nPRE\u00c2MBULO<br \/>\nPROCESSO n\u00b0 018\/2014<br \/>\nDATA DA REALIZA\u00c7\u00c3O: 27\/02\/2014 \u2013 1\u00aa SESS\u00c3O \u2013 ITEM 01 AO 10<br \/>\nHOR\u00c1RIO: 09:00 horas<br \/>\nDATA DA REALIZA\u00c7\u00c3O: 27\/02\/2014 \u2013 2\u00aa SESS\u00c3O \u2013 ITEM 11 AO 19<br \/>\nHOR\u00c1RIO: 14:00 horas<br \/>\nLOCAL: Pra\u00e7a Coronel Orlando n\u00ba 652, centro.<\/p>\n","protected":false},"author":1,"featured_media":0,"comment_status":"open","ping_status":"open","sticky":false,"template":"","format":"standard","meta":{"ngg_post_thumbnail":0,"footnotes":""},"categories":[42,38],"tags":[],"magazineBlocksPostFeaturedMedia":{"thumbnail":false,"medium":false,"medium_large":false,"large":false,"1536x1536":false,"2048x2048":false,"colormag-highlighted-post":false,"colormag-featured-post-medium":false,"colormag-featured-post-small":false,"colormag-featured-image":false,"colormag-default-news":false,"colormag-featured-image-large":false},"magazineBlocksPostAuthor":{"name":"admin","avatar":"https:\/\/secure.gravatar.com\/avatar\/5140b312f1bcbe8516bfaa79917f11b3?s=96&d=mm&r=g"},"magazineBlocksPostCommentsNumber":false,"magazineBlocksPostExcerpt":"OBJETIVANDO A CONTRATA\u00c7\u00c3O DE PRESTA\u00c7\u00c3O DE SERVI\u00c7OS PARA ATUA\u00c7\u00c3O NAS \u00c1REAS DE PROFISSIONALIZA\u00c7\u00c3O NO MUNIC\u00cdPIO DE ORL\u00c2NDIA, VINCULADAS AO FUNDO SOCIAL DE SOLIDARIEDADE.\r\nPRE\u00c2MBULO\r\nPROCESSO n\u00b0 018\/2014\r\nDATA DA REALIZA\u00c7\u00c3O: 27\/02\/2014 \u2013 1\u00aa SESS\u00c3O \u2013 ITEM 01 AO 10\r\nHOR\u00c1RIO: 09:00 horas\r\nDATA DA REALIZA\u00c7\u00c3O: 27\/02\/2014 \u2013 2\u00aa SESS\u00c3O \u2013 ITEM 11 AO 19\r\nHOR\u00c1RIO: 14:00 horas\r\nLOCAL: Pra\u00e7a Coronel Orlando n\u00ba 652, centro.","magazineBlocksPostCategories":["Preg\u00e3o Presencial","Publica\u00e7\u00f5es"],"magazine_blocks_featured_image_url":{"full":false,"medium":false,"thumbnail":false},"magazine_blocks_author":{"display_name":"admin","author_link":"https:\/\/www.orlandia.sp.gov.br\/novo\/author\/admin"},"magazine_blocks_comment":0,"magazine_blocks_author_image":"https:\/\/secure.gravatar.com\/avatar\/5140b312f1bcbe8516bfaa79917f11b3?s=96&d=mm&r=g","magazine_blocks_category":"<a href=\"https:\/\/www.orlandia.sp.gov.br\/novo\/category\/publicacoes\/pregao-presencial\" rel=\"category tag\">Preg\u00e3o Presencial<\/a> <a href=\"https:\/\/www.orlandia.sp.gov.br\/novo\/category\/publicacoes\" rel=\"category tag\">Publica\u00e7\u00f5es<\/a>","_links":{"self":[{"href":"https:\/\/www.orlandia.sp.gov.br\/novo\/wp-json\/wp\/v2\/posts\/2712"}],"collection":[{"href":"https:\/\/www.orlandia.sp.gov.br\/novo\/wp-json\/wp\/v2\/posts"}],"about":[{"href":"https:\/\/www.orlandia.sp.gov.br\/novo\/wp-json\/wp\/v2\/types\/post"}],"author":[{"embeddable":true,"href":"https:\/\/www.orlandia.sp.gov.br\/novo\/wp-json\/wp\/v2\/users\/1"}],"replies":[{"embeddable":true,"href":"https:\/\/www.orlandia.sp.gov.br\/novo\/wp-json\/wp\/v2\/comments?post=2712"}],"version-history":[{"count":4,"href":"https:\/\/www.orlandia.sp.gov.br\/novo\/wp-json\/wp\/v2\/posts\/2712\/revisions"}],"predecessor-version":[{"id":3455,"href":"https:\/\/www.orlandia.sp.gov.br\/novo\/wp-json\/wp\/v2\/posts\/2712\/revisions\/3455"}],"wp:attachment":[{"href":"https:\/\/www.orlandia.sp.gov.br\/novo\/wp-json\/wp\/v2\/media?parent=2712"}],"wp:term":[{"taxonomy":"category","embeddable":true,"href":"https:\/\/www.orlandia.sp.gov.br\/novo\/wp-json\/wp\/v2\/categories?post=2712"},{"taxonomy":"post_tag","embeddable":true,"href":"https:\/\/www.orlandia.sp.gov.br\/novo\/wp-json\/wp\/v2\/tags?post=2712"}],"curies":[{"name":"wp","href":"https:\/\/api.w.org\/{rel}","templated":true}]}}