{"id":26922,"date":"2023-07-18T15:21:07","date_gmt":"2023-07-18T18:21:07","guid":{"rendered":"https:\/\/www.orlandia.sp.gov.br\/novo\/?p=26922"},"modified":"2023-08-14T10:04:26","modified_gmt":"2023-08-14T13:04:26","slug":"concorrencia-publica-032023","status":"publish","type":"post","link":"https:\/\/www.orlandia.sp.gov.br\/novo\/publicacoes\/concorrencia-publica\/concorrencia-publica-032023","title":{"rendered":"CONCORR\u00caNCIA P\u00daBLICA  03\/2023"},"content":{"rendered":"<p>A PREFEITURA MUNICIPAL DE ORL\u00c2NDIA, do Estado de S\u00e3o Paulo, inscrita no CNPJ\/MF sob o n\u00ba 45.351.749\/0001\u201311, inscrita na I.E n\u00ba 491.040.101.110, por determina\u00e7\u00e3o do Excelent\u00edssimo Senhor Prefeito Municipal Dr. S\u00c9RGIO AUGUSTO BORDIN JUNIOR, no uso de suas atribui\u00e7\u00f5es legais, faz p\u00fablico que se acha aberta a CONCORR\u00caNCIA P\u00daBLICA n\u00ba 03\/2023, tipo MENOR PRE\u00c7O GLOBAL, que tem por objeto a CONTRATA\u00c7\u00c3O DE EMPRESA ESPECIALIZADA EM ENGENHARIA PARA EXECU\u00c7\u00c3O DOS SERVI\u00c7OS REMANESCENTES E FINALIZA\u00c7\u00c3O DA OBRA DE CRECHE NO JARDIM TEIXEIRA que ser\u00e1 procedida e julgada de acordo com os princ\u00edpios e normas gerais estabelecidas pela Lei Federal n\u00ba 8.666, de 21 de junho de 1993, do Decreto Municipal n.\u00ba 4.928, de 04.06.20, na Lei Org\u00e2nica do Munic\u00edpio de Orl\u00e2ndia, bem como pelas disposi\u00e7\u00f5es deste edital.<br \/>\nO futuro contrato a ser assinado nos presentes autos reger-se-\u00e1 pelas disposi\u00e7\u00f5es legais contidas na Lei Federal n.\u00ba 8.666\/93, Decreto Municipal n.\u00ba 4.928, de 04.06.20, na Lei Org\u00e2nica do Munic\u00edpio de Orl\u00e2ndia, e demais normas legais pertinentes \u00e0 mat\u00e9ria.<\/p>\n<p><a href=\"https:\/\/www.orlandia.sp.gov.br\/novo\/wp-content\/uploads\/2023\/07\/EDITAL-CONCORR\u00caNCIA-P\u00daBLICA-03-2023-CONTRATA\u00c7\u00c3O-DE-MEPRES-ESPECIALIZADA-EM-ENGENHARIA-PARA-EXECU\u00c7\u00c3O-DOS-SERVI\u00c7OS-REMANESCENTES-E-FINALIZA\u00c7\u00c3O-DA-OBRA-DA-CRECHE-NO-JARDIM-TEIXEIRA.pdf\">Download edital<\/a><\/p>\n<p><a href=\"https:\/\/www.orlandia.sp.gov.br\/novo\/wp-content\/uploads\/2023\/07\/Arquitetura.rar\">Arquitetura<\/a><\/p>\n<p><a href=\"https:\/\/www.orlandia.sp.gov.br\/novo\/wp-content\/uploads\/2023\/07\/BDI-2.pdf\">BDI<\/a><\/p>\n<p><a href=\"https:\/\/www.orlandia.sp.gov.br\/novo\/wp-content\/uploads\/2023\/07\/Crono-Creche-Teixeira.pdf\">Crono Creche Teixeira<\/a><\/p>\n<p><a href=\"https:\/\/www.orlandia.sp.gov.br\/novo\/wp-content\/uploads\/2023\/07\/El\u00e9trica.rar\">El\u00e9trica<\/a><\/p>\n<p><a href=\"https:\/\/www.orlandia.sp.gov.br\/novo\/wp-content\/uploads\/2023\/07\/Estrutura.rar\">Estrutura<\/a><\/p>\n<p><a href=\"https:\/\/www.orlandia.sp.gov.br\/novo\/wp-content\/uploads\/2023\/07\/Hidra\u00falica.rar\">Hidra\u00falica<\/a><\/p>\n<p><a href=\"https:\/\/www.orlandia.sp.gov.br\/novo\/wp-content\/uploads\/2023\/07\/Planilha-Creche-Teixeira.pdf\">Planilha Creche Teixeira<\/a><\/p>\n<p><a href=\"https:\/\/www.orlandia.sp.gov.br\/novo\/wp-content\/uploads\/2023\/07\/Proposta-Creche-Teixeira.pdf\">Proposta Creche Teixeira<\/a><\/p>\n<p><a href=\"https:\/\/www.orlandia.sp.gov.br\/novo\/wp-content\/uploads\/2023\/07\/Planilha-Creche-Teixeira-Proposta-1.ods\">Planilha Creche Teixeira Proposta (1)<\/a><\/p>\n","protected":false},"excerpt":{"rendered":"<p>PROCESSO n\u00ba 194\/2023<br \/>\nOBJETO: CONTRATA\u00c7\u00c3O DE EMPRESA ESPECIALIZADA EM ENGENHARIA PARA EXECU\u00c7\u00c3O DOS SERVI\u00c7OS REMANESCENTES E FINALIZA\u00c7\u00c3O DA OBRA DE CRECHE NO JARDIM TEIXEIRA<br \/>\nDATA DA REALIZA\u00c7\u00c3O: 18\/08\/2023<br \/>\nHOR\u00c1RIO: 08:30h<br \/>\nLOCAL: Pra\u00e7a Coronel Francisco Orlando, n\u00ba 652, centro.<\/p>\n","protected":false},"author":10,"featured_media":0,"comment_status":"open","ping_status":"open","sticky":false,"template":"","format":"standard","meta":{"ngg_post_thumbnail":0,"footnotes":""},"categories":[34],"tags":[],"magazineBlocksPostFeaturedMedia":{"thumbnail":false,"medium":false,"medium_large":false,"large":false,"1536x1536":false,"2048x2048":false,"colormag-highlighted-post":false,"colormag-featured-post-medium":false,"colormag-featured-post-small":false,"colormag-featured-image":false,"colormag-default-news":false,"colormag-featured-image-large":false},"magazineBlocksPostAuthor":{"name":"Licita\u00e7\u00e3o","avatar":"https:\/\/secure.gravatar.com\/avatar\/510039dcf0c0f298820adcefb2dc032d?s=96&d=mm&r=g"},"magazineBlocksPostCommentsNumber":false,"magazineBlocksPostExcerpt":"PROCESSO n\u00ba 194\/2023\r\nOBJETO: CONTRATA\u00c7\u00c3O DE EMPRESA ESPECIALIZADA EM ENGENHARIA PARA EXECU\u00c7\u00c3O DOS SERVI\u00c7OS REMANESCENTES E FINALIZA\u00c7\u00c3O DA OBRA DE CRECHE NO JARDIM TEIXEIRA\r\nDATA DA REALIZA\u00c7\u00c3O: 18\/08\/2023\r\nHOR\u00c1RIO: 08:30h\r\nLOCAL: Pra\u00e7a Coronel Francisco Orlando, n\u00ba 652, centro.","magazineBlocksPostCategories":["Concorr\u00eancia P\u00fablica"],"magazine_blocks_featured_image_url":{"full":false,"medium":false,"thumbnail":false},"magazine_blocks_author":{"display_name":"Licita\u00e7\u00e3o","author_link":"https:\/\/www.orlandia.sp.gov.br\/novo\/author\/licitacao"},"magazine_blocks_comment":0,"magazine_blocks_author_image":"https:\/\/secure.gravatar.com\/avatar\/510039dcf0c0f298820adcefb2dc032d?s=96&d=mm&r=g","magazine_blocks_category":"<a href=\"https:\/\/www.orlandia.sp.gov.br\/novo\/category\/publicacoes\/concorrencia-publica\" rel=\"category tag\">Concorr\u00eancia P\u00fablica<\/a>","_links":{"self":[{"href":"https:\/\/www.orlandia.sp.gov.br\/novo\/wp-json\/wp\/v2\/posts\/26922"}],"collection":[{"href":"https:\/\/www.orlandia.sp.gov.br\/novo\/wp-json\/wp\/v2\/posts"}],"about":[{"href":"https:\/\/www.orlandia.sp.gov.br\/novo\/wp-json\/wp\/v2\/types\/post"}],"author":[{"embeddable":true,"href":"https:\/\/www.orlandia.sp.gov.br\/novo\/wp-json\/wp\/v2\/users\/10"}],"replies":[{"embeddable":true,"href":"https:\/\/www.orlandia.sp.gov.br\/novo\/wp-json\/wp\/v2\/comments?post=26922"}],"version-history":[{"count":5,"href":"https:\/\/www.orlandia.sp.gov.br\/novo\/wp-json\/wp\/v2\/posts\/26922\/revisions"}],"predecessor-version":[{"id":27865,"href":"https:\/\/www.orlandia.sp.gov.br\/novo\/wp-json\/wp\/v2\/posts\/26922\/revisions\/27865"}],"wp:attachment":[{"href":"https:\/\/www.orlandia.sp.gov.br\/novo\/wp-json\/wp\/v2\/media?parent=26922"}],"wp:term":[{"taxonomy":"category","embeddable":true,"href":"https:\/\/www.orlandia.sp.gov.br\/novo\/wp-json\/wp\/v2\/categories?post=26922"},{"taxonomy":"post_tag","embeddable":true,"href":"https:\/\/www.orlandia.sp.gov.br\/novo\/wp-json\/wp\/v2\/tags?post=26922"}],"curies":[{"name":"wp","href":"https:\/\/api.w.org\/{rel}","templated":true}]}}