{"id":26859,"date":"2023-07-14T14:17:19","date_gmt":"2023-07-14T17:17:19","guid":{"rendered":"https:\/\/www.orlandia.sp.gov.br\/novo\/?p=26859"},"modified":"2024-09-11T14:46:10","modified_gmt":"2024-09-11T17:46:10","slug":"processo-seletivo-012023","status":"publish","type":"post","link":"https:\/\/www.orlandia.sp.gov.br\/novo\/publicacoes\/processo-seletivo\/processo-seletivo-012023","title":{"rendered":"PROCESSO SELETIVO 01\/2023"},"content":{"rendered":"<p>O PREFEITO MUNICIPAL DE ORL\u00c2NDIA\/SP, no uso de suas atribui\u00e7\u00f5es e com fundamento no artigo 37, inciso IX, da Constitui\u00e7\u00e3o Federal Brasileira de 1988; na Lei Org\u00e2nica do Munic\u00edpio de Orl\u00e2ndia; na Lei Complementar n\u00ba 3575 de 14 de dezembro de 2007 e na Lei Complementar n\u00ba 40 de 17 de agosto de 2017, torna p\u00fablica a realiza\u00e7\u00e3o de Processo Seletivo Simplificado de T\u00edtulos destinado ao preenchimento de vagas do quadro da Secretaria Municipal de Educa\u00e7\u00e3o, mediante as condi\u00e7\u00f5es estabelecidas neste Edital.<\/p>\n<p><a href=\"https:\/\/www.orlandia.sp.gov.br\/novo\/wp-content\/uploads\/2023\/07\/EDITAL-1.pdf\">EDITAL PROCESSO SELETIVO &#8211; PREFEITURA DE ORL\u00c2NDIA<\/a><\/p>\n<p><a href=\"https:\/\/www.orlandia.sp.gov.br\/novo\/wp-content\/uploads\/2023\/07\/CRONOGRAMA-PROCESSO-SELETIVO-SIMPLIFICADO-1.pdf\">CRONOGRAMA &#8211; PROCESSO SELETIVO SIMPLIFICADO<\/a><\/p>\n<p><a href=\"https:\/\/www.orlandia.sp.gov.br\/novo\/wp-content\/uploads\/2023\/08\/LISTA-DEFERIDOS-E-INDEFERIDAS-PROCESSO-SELETIVO-01-23.docx\">LISTA DE DEFERIDOS E INDEFERIDOS<\/a><\/p>\n<p><a href=\"https:\/\/www.orlandia.sp.gov.br\/novo\/wp-content\/uploads\/2023\/08\/RESULTADO-PRELIMINAR-PROCESSO-SELETIVO-01-23.docx\">RESULTADO PRELIMINAR<\/a><\/p>\n<p><a href=\"https:\/\/www.orlandia.sp.gov.br\/novo\/wp-content\/uploads\/2023\/07\/Processo-Seletivo-de-T\u00edtulos-PORTUGU\u00caS-FINAL.docx\">RESULTADO FINAL &#8211; PORTUGU\u00caS <\/a><\/p>\n<p><a href=\"https:\/\/www.orlandia.sp.gov.br\/novo\/wp-content\/uploads\/2023\/07\/Processo-Seletivo-de-T\u00edtulos-INGL\u00caS-FINAL.docx\">RESULTADO FINAL &#8211; INGL\u00caS<\/a><\/p>\n<p><a href=\"https:\/\/www.orlandia.sp.gov.br\/novo\/wp-content\/uploads\/2023\/08\/Homologa\u00e7\u00e3o-processo-seletivo-simplificado.docx\">HOMOLOGA\u00c7\u00c3O<\/a><\/p>\n<p><a href=\"https:\/\/www.orlandia.sp.gov.br\/novo\/wp-content\/uploads\/2024\/09\/Edital-de-Prorrogacao-1.pdf\">EDITAL DE PRORROGA\u00c7\u00c3O<\/a><\/p>\n","protected":false},"excerpt":{"rendered":"<p>O PREFEITO MUNICIPAL DE ORL\u00c2NDIA\/SP, no uso de suas atribui\u00e7\u00f5es e com fundamento no artigo 37, inciso IX, da Constitui\u00e7\u00e3o<\/p>\n","protected":false},"author":10,"featured_media":0,"comment_status":"closed","ping_status":"closed","sticky":false,"template":"","format":"standard","meta":{"ngg_post_thumbnail":0,"footnotes":""},"categories":[43],"tags":[],"magazineBlocksPostFeaturedMedia":{"thumbnail":false,"medium":false,"medium_large":false,"large":false,"1536x1536":false,"2048x2048":false,"colormag-highlighted-post":false,"colormag-featured-post-medium":false,"colormag-featured-post-small":false,"colormag-featured-image":false,"colormag-default-news":false,"colormag-featured-image-large":false},"magazineBlocksPostAuthor":{"name":"Licita\u00e7\u00e3o","avatar":"https:\/\/secure.gravatar.com\/avatar\/510039dcf0c0f298820adcefb2dc032d?s=96&d=mm&r=g"},"magazineBlocksPostCommentsNumber":false,"magazineBlocksPostExcerpt":"O PREFEITO MUNICIPAL DE ORL\u00c2NDIA\/SP, no uso de suas atribui\u00e7\u00f5es e com fundamento no artigo 37, inciso IX, da Constitui\u00e7\u00e3o","magazineBlocksPostCategories":["Processo Seletivo"],"magazine_blocks_featured_image_url":{"full":false,"medium":false,"thumbnail":false},"magazine_blocks_author":{"display_name":"Licita\u00e7\u00e3o","author_link":"https:\/\/www.orlandia.sp.gov.br\/novo\/author\/licitacao"},"magazine_blocks_comment":0,"magazine_blocks_author_image":"https:\/\/secure.gravatar.com\/avatar\/510039dcf0c0f298820adcefb2dc032d?s=96&d=mm&r=g","magazine_blocks_category":"<a href=\"https:\/\/www.orlandia.sp.gov.br\/novo\/category\/publicacoes\/processo-seletivo\" rel=\"category tag\">Processo Seletivo<\/a>","_links":{"self":[{"href":"https:\/\/www.orlandia.sp.gov.br\/novo\/wp-json\/wp\/v2\/posts\/26859"}],"collection":[{"href":"https:\/\/www.orlandia.sp.gov.br\/novo\/wp-json\/wp\/v2\/posts"}],"about":[{"href":"https:\/\/www.orlandia.sp.gov.br\/novo\/wp-json\/wp\/v2\/types\/post"}],"author":[{"embeddable":true,"href":"https:\/\/www.orlandia.sp.gov.br\/novo\/wp-json\/wp\/v2\/users\/10"}],"replies":[{"embeddable":true,"href":"https:\/\/www.orlandia.sp.gov.br\/novo\/wp-json\/wp\/v2\/comments?post=26859"}],"version-history":[{"count":13,"href":"https:\/\/www.orlandia.sp.gov.br\/novo\/wp-json\/wp\/v2\/posts\/26859\/revisions"}],"predecessor-version":[{"id":39594,"href":"https:\/\/www.orlandia.sp.gov.br\/novo\/wp-json\/wp\/v2\/posts\/26859\/revisions\/39594"}],"wp:attachment":[{"href":"https:\/\/www.orlandia.sp.gov.br\/novo\/wp-json\/wp\/v2\/media?parent=26859"}],"wp:term":[{"taxonomy":"category","embeddable":true,"href":"https:\/\/www.orlandia.sp.gov.br\/novo\/wp-json\/wp\/v2\/categories?post=26859"},{"taxonomy":"post_tag","embeddable":true,"href":"https:\/\/www.orlandia.sp.gov.br\/novo\/wp-json\/wp\/v2\/tags?post=26859"}],"curies":[{"name":"wp","href":"https:\/\/api.w.org\/{rel}","templated":true}]}}