{"id":26122,"date":"2023-06-22T18:02:27","date_gmt":"2023-06-22T21:02:27","guid":{"rendered":"https:\/\/www.orlandia.sp.gov.br\/novo\/?p=26122"},"modified":"2023-10-31T13:35:25","modified_gmt":"2023-10-31T16:35:25","slug":"concorrencia-publica-022023","status":"publish","type":"post","link":"https:\/\/www.orlandia.sp.gov.br\/novo\/publicacoes\/concorrencia-publica\/concorrencia-publica-022023","title":{"rendered":"CONCORR\u00caNCIA P\u00daBLICA 02\/2023"},"content":{"rendered":"<p>A PREFEITURA MUNICIPAL DE ORL\u00c2NDIA, do Estado de S\u00e3o Paulo, inscrita no CNPJ\/MF sob o n\u00ba 45.351.749\/0001\u201311, inscrita na I.E n\u00ba 491.040.101.110, por determina\u00e7\u00e3o do Excelent\u00edssimo Senhor Prefeito Municipal Dr. S\u00c9RGIO AUGUSTO BORDIN JUNIOR, no uso de suas atribui\u00e7\u00f5es legais, faz p\u00fablico que se acha aberta a CONCORR\u00caNCIA P\u00daBLICA n\u00ba 02\/2023, tipo MENOR PRE\u00c7O GLOBAL, que tem por objeto a CONTRATA\u00c7\u00c3O DE EMPRESA ESPECIALIZADA EM ENGENHARIA PARA EXECU\u00c7\u00c3O DOS SERVI\u00c7OS DE REFORMA DO CENTRO DE LAZER \u201cEDGAR BENINI\u201d, NO MUNIC\u00cdPIO DE ORL\u00c2NDIA-SP,COM RECURSOS ADVINDOS DA SECRETARIA DE DESENVOLVIMENTO REGIONAL &#8211; DEMANDA 40458 que ser\u00e1 procedida e julgada de acordo com os princ\u00edpios e normas gerais estabelecidas pela Lei Federal n\u00ba 8.666, de 21 de junho de 1993, do Decreto Municipal n.\u00ba 4.928, de 04.06.20, na Lei Org\u00e2nica do Munic\u00edpio de Orl\u00e2ndia, bem como pelas disposi\u00e7\u00f5es deste edital.<br \/>\nO futuro contrato a ser assinado nos presentes autos reger-se-\u00e1 pelas disposi\u00e7\u00f5es legais contidas na Lei Federal n.\u00ba 8.666\/93, Decreto Municipal n.\u00ba 4.928, de 04.06.20, na Lei Org\u00e2nica do Munic\u00edpio de Orl\u00e2ndia, e demais normas legais pertinentes \u00e0 mat\u00e9ria.<\/p>\n<p>1 &#8211; DAS DISPOSI\u00c7\u00d5ES INICIAIS<\/p>\n<p>1.1. Os ENVELOPES: N\u00ba 1 DOCUMENTA\u00c7\u00c3O e N\u00ba 2 \uf0be PROPOSTA DE PRE\u00c7OS UNIT\u00c1RIOS E GLOBAL, instru\u00eddos de acordo com as exig\u00eancias deste edital ser\u00e3o recebidos pelo Setor de Protocolo, na Pra\u00e7a Coronel Orlando, n\u00ba 600, centro, CEP 14620-000, telefone 16 \u2013 3820-8058, <strong>at\u00e9 \u00e0s 15:00 HORAS, DO DIA 25 DE OUTUBRO DE 2023.<\/strong><\/p>\n<p>1.2. A sess\u00e3o p\u00fablica para in\u00edcio da abertura dos envelopes ser\u00e1 realizada <strong>\u00e0s 8:30 HORAS, DO DIA 26 DE OUTUBRO DE 2023<\/strong>, em depend\u00eancia pr\u00f3pria da Administra\u00e7\u00e3o P\u00fablica Municipal, localizada na Rua 22, esquina com a Avenida do Caf\u00e9 (Anel Vi\u00e1rio), n\u00ba 22-A, Jardim Teixeira, na cidade de Orl\u00e2ndia, Estado de S\u00e3o Paulo e ser\u00e1 procedida pela Comiss\u00e3o Municipal Permanente de Licita\u00e7\u00f5es, nos termos das disposi\u00e7\u00f5es contidas neste edital, nos itens pertinentes.<\/p>\n<p>1.3. Esclarecimentos a respeito deste certame licitat\u00f3rio poder\u00e3o ser obtidos junto \u00e0 Comiss\u00e3o Municipal Permanente de Licita\u00e7\u00f5es, somente atrav\u00e9s do e-mail: licitacao@orlandia.sp.gov.br.<\/p>\n<p>1.4. O edital completo estar\u00e1 \u00e0 disposi\u00e7\u00e3o dos interessados junto \u00e0 Comiss\u00e3o Municipal Permanente de Licita\u00e7\u00f5es ao custo de R$ 20,00 (vinte reais) ou gratuitamente atrav\u00e9s do site www.orlandia.sp.gov.br.<\/p>\n<p><a href=\"https:\/\/www.orlandia.sp.gov.br\/novo\/wp-content\/uploads\/2023\/06\/EDITAL-CONCORR\u00caNCIA-P\u00daBLICA-02-2023-RETIFICADO-II-Contrata\u00e7\u00e3o-de-empresa-especializada-em-engenharia-para-execu\u00e7\u00e3o-dos-servi\u00e7os-do-Centro-de-Lazer-Edgar-Benini-1.pdf\">EDITAL CONCORR\u00caNCIA P\u00daBLICA 02 2023 &#8211; RETIFICADO II &#8211; Contrata\u00e7\u00e3o de empresa especializada em engenharia para execu\u00e7\u00e3o dos servi\u00e7os do Centro de Lazer Edgar Benini<\/a><\/p>\n<p><a href=\"https:\/\/www.orlandia.sp.gov.br\/novo\/wp-content\/uploads\/2023\/06\/BDI-6.pdf\">BDI<\/a><\/p>\n<p><a href=\"https:\/\/www.orlandia.sp.gov.br\/novo\/wp-content\/uploads\/2023\/06\/Crono.pdf\">Crono<\/a><\/p>\n<p><a href=\"https:\/\/www.orlandia.sp.gov.br\/novo\/wp-content\/uploads\/2023\/06\/Planilha-Or\u00e7ament\u00e1ria-4.pdf\">Planilha Or\u00e7ament\u00e1ria<\/a><\/p>\n<p><a href=\"https:\/\/www.orlandia.sp.gov.br\/novo\/wp-content\/uploads\/2023\/06\/Proposta-2.pdf\">Proposta<\/a><\/p>\n<p><a href=\"https:\/\/www.orlandia.sp.gov.br\/novo\/wp-content\/uploads\/2023\/06\/Projetos-3.zip\">Projetos<\/a><\/p>\n<p><a href=\"https:\/\/www.orlandia.sp.gov.br\/novo\/wp-content\/uploads\/2023\/06\/Memorial-de-C\u00e1lculo-1.pdf\">Memorial de C\u00e1lculo<\/a><\/p>\n<p><a href=\"https:\/\/www.orlandia.sp.gov.br\/novo\/wp-content\/uploads\/2023\/06\/Planilha-Centro-de-Lazer-Licita\u00e7\u00e3o.xls\">Planilha &#8211; Centro de Lazer &#8211; Licita\u00e7\u00e3o<\/a><\/p>\n<p><a href=\"https:\/\/www.orlandia.sp.gov.br\/novo\/wp-content\/uploads\/2023\/06\/Impugna\u00e7\u00e3o-Edital-CP-02.2023.pdf\">Impugna\u00e7\u00e3o Edital &#8211; CP 02.2023<\/a><\/p>\n<p><a href=\"https:\/\/www.orlandia.sp.gov.br\/novo\/wp-content\/uploads\/2023\/06\/Publica\u00e7\u00e3o-Impugna\u00e7\u00e3o-CP-02.2023.pdf\">Publica\u00e7\u00e3o Impugna\u00e7\u00e3o CP 02.2023<\/a><\/p>\n<p><a href=\"https:\/\/www.orlandia.sp.gov.br\/novo\/wp-content\/uploads\/2023\/06\/ATA-CONCORRENCIA-PUBLICA-02.2023.pdf\">ATA DA SESS\u00c3O CONCORRENCIA PUBLICA 02.2023<\/a><\/p>\n<p>Documenta\u00e7\u00e3o GLI Engenharia e Construtora: https:\/\/drive.google.com\/file\/d\/19XHnSBmdXlwqzZl_jk1bbXmhj11FU29w\/view?usp=drive_link <\/p>\n<p>Documenta\u00e7\u00e3o HD Solu\u00e7\u00f5es em Urbaniza\u00e7\u00e3o: https:\/\/drive.google.com\/file\/d\/1hw1AshmdMV8wVDaXB_QoJGvIz6sOiSgH\/view?usp=drive_link<\/p>\n<p>Documenta\u00e7\u00e3o Sicon Engenharia: https:\/\/drive.google.com\/file\/d\/1GU_OoeJ5FRGUem-Q8ugs5VDCxbGFsrWX\/view?usp=drive_link<\/p>\n<p>Documenta\u00e7\u00e3o Wanx Construtora: https:\/\/drive.google.com\/file\/d\/1fK480-l3uhmhckt1yzDgds5_v7krdAzh\/view?usp=drive_link<\/p>\n<p>Documenta\u00e7\u00e3o GG Ribeir\u00e3o: https:\/\/drive.google.com\/file\/d\/1kzoWuC1L96ufNKmkvLa7X0OxJ-bFyRtU\/view?usp=drive_link<\/p>\n<p>Documenta\u00e7\u00e3o Cobe Construtora: https:\/\/drive.google.com\/file\/d\/1cK2KfL20f6WPQgehW5oegOzulxayPDhB\/view?usp=drive_link<\/p>\n","protected":false},"excerpt":{"rendered":"<p>PROCESSO n\u00ba 168\/2023<br \/>\nOBJETO: CONTRATA\u00c7\u00c3O DE EMPRESA ESPECIALIZADA EM ENGENHARIA PARA EXECU\u00c7\u00c3O DOS SERVI\u00c7OS DE REFORMA DO CENTRO DE LAZER \u201cEDGAR BENINI\u201d, NO MUNIC\u00cdPIO DE ORL\u00c2NDIA-SP,COM RECURSOS ADVINDOS DA SECRETARIA DE DESENVOLVIMENTO REGIONAL &#8211; DEMANDA 40458.<br \/>\nDATA DA REALIZA\u00c7\u00c3O: 26\/10\/2023<br \/>\nHOR\u00c1RIO: 08:30h<br \/>\nLOCAL: Pra\u00e7a Coronel Francisco Orlando, n\u00ba 652, centro.<\/p>\n","protected":false},"author":10,"featured_media":0,"comment_status":"open","ping_status":"open","sticky":false,"template":"","format":"standard","meta":{"ngg_post_thumbnail":0,"footnotes":""},"categories":[34],"tags":[],"magazineBlocksPostFeaturedMedia":{"thumbnail":false,"medium":false,"medium_large":false,"large":false,"1536x1536":false,"2048x2048":false,"colormag-highlighted-post":false,"colormag-featured-post-medium":false,"colormag-featured-post-small":false,"colormag-featured-image":false,"colormag-default-news":false,"colormag-featured-image-large":false},"magazineBlocksPostAuthor":{"name":"Licita\u00e7\u00e3o","avatar":"https:\/\/secure.gravatar.com\/avatar\/510039dcf0c0f298820adcefb2dc032d?s=96&d=mm&r=g"},"magazineBlocksPostCommentsNumber":false,"magazineBlocksPostExcerpt":"PROCESSO n\u00ba 168\/2023\r\nOBJETO: CONTRATA\u00c7\u00c3O DE EMPRESA ESPECIALIZADA EM ENGENHARIA PARA EXECU\u00c7\u00c3O DOS SERVI\u00c7OS DE REFORMA DO CENTRO DE LAZER \u201cEDGAR BENINI\u201d, NO MUNIC\u00cdPIO DE ORL\u00c2NDIA-SP,COM RECURSOS ADVINDOS DA SECRETARIA DE DESENVOLVIMENTO REGIONAL - DEMANDA 40458.\r\nDATA DA REALIZA\u00c7\u00c3O: 26\/10\/2023\r\nHOR\u00c1RIO: 08:30h\r\nLOCAL: Pra\u00e7a Coronel Francisco Orlando, n\u00ba 652, centro.","magazineBlocksPostCategories":["Concorr\u00eancia P\u00fablica"],"magazine_blocks_featured_image_url":{"full":false,"medium":false,"thumbnail":false},"magazine_blocks_author":{"display_name":"Licita\u00e7\u00e3o","author_link":"https:\/\/www.orlandia.sp.gov.br\/novo\/author\/licitacao"},"magazine_blocks_comment":0,"magazine_blocks_author_image":"https:\/\/secure.gravatar.com\/avatar\/510039dcf0c0f298820adcefb2dc032d?s=96&d=mm&r=g","magazine_blocks_category":"<a href=\"https:\/\/www.orlandia.sp.gov.br\/novo\/category\/publicacoes\/concorrencia-publica\" rel=\"category tag\">Concorr\u00eancia P\u00fablica<\/a>","_links":{"self":[{"href":"https:\/\/www.orlandia.sp.gov.br\/novo\/wp-json\/wp\/v2\/posts\/26122"}],"collection":[{"href":"https:\/\/www.orlandia.sp.gov.br\/novo\/wp-json\/wp\/v2\/posts"}],"about":[{"href":"https:\/\/www.orlandia.sp.gov.br\/novo\/wp-json\/wp\/v2\/types\/post"}],"author":[{"embeddable":true,"href":"https:\/\/www.orlandia.sp.gov.br\/novo\/wp-json\/wp\/v2\/users\/10"}],"replies":[{"embeddable":true,"href":"https:\/\/www.orlandia.sp.gov.br\/novo\/wp-json\/wp\/v2\/comments?post=26122"}],"version-history":[{"count":29,"href":"https:\/\/www.orlandia.sp.gov.br\/novo\/wp-json\/wp\/v2\/posts\/26122\/revisions"}],"predecessor-version":[{"id":34147,"href":"https:\/\/www.orlandia.sp.gov.br\/novo\/wp-json\/wp\/v2\/posts\/26122\/revisions\/34147"}],"wp:attachment":[{"href":"https:\/\/www.orlandia.sp.gov.br\/novo\/wp-json\/wp\/v2\/media?parent=26122"}],"wp:term":[{"taxonomy":"category","embeddable":true,"href":"https:\/\/www.orlandia.sp.gov.br\/novo\/wp-json\/wp\/v2\/categories?post=26122"},{"taxonomy":"post_tag","embeddable":true,"href":"https:\/\/www.orlandia.sp.gov.br\/novo\/wp-json\/wp\/v2\/tags?post=26122"}],"curies":[{"name":"wp","href":"https:\/\/api.w.org\/{rel}","templated":true}]}}