{"id":25948,"date":"2023-05-29T16:13:56","date_gmt":"2023-05-29T19:13:56","guid":{"rendered":"https:\/\/www.orlandia.sp.gov.br\/novo\/?p=25948"},"modified":"2023-05-29T16:13:56","modified_gmt":"2023-05-29T19:13:56","slug":"chamada-publica-022023","status":"publish","type":"post","link":"https:\/\/www.orlandia.sp.gov.br\/novo\/publicacoes\/chamada-publica\/chamada-publica-022023","title":{"rendered":"CHAMADA P\u00daBLICA 02\/2023"},"content":{"rendered":"<p>A Prefeitura Municipal de Orl\u00e2ndia\/SP, pessoa jur\u00eddica de direito p\u00fablico, com sede \u00e0 Pra\u00e7a Coronel Orlando, n\u00ba 600, inscrita no CNPJ sob n\u00ba 45.351.749\/0001-11, representado neste ato pelo Excelent\u00edssimo Senhor Prefeito Municipal Dr. S\u00c9RGIO AUGUSTO BORDIN JUNIOR, no uso de suas prerrogativas legais, e considerando o disposto da Lei n.\u00ba 11.947\/2009, e Resolu\u00e7\u00f5es do FNDE relativas ao PNAE,                         e subsidiariamente, no que couber, a Lei n.\u00ba 8.666\/93, atrav\u00e9s da Divis\u00e3o de Alimenta\u00e7\u00e3o Escolar, vem realizar CHAMADA P\u00daBLICA PARA AQUISI\u00c7\u00c3O DE G\u00caNEROS ALIMENT\u00cdCIOS DIRETAMENTE DA AGRICULTURA FAMILIAR E DO EMPREENDEDOR FAMILIAR RURAL CONFORME                     \u00a71\u00ba DO ART.14 DA LEI N\u00ba 11.947\/2009 E RESOLU\u00c7\u00d5ES DO FNDE RELATIVAS AO PNAE, destinado ao atendimento do Programa Nacional de Alimenta\u00e7\u00e3o Escolar. Os interessados dever\u00e3o apresentar os envelopes n.\u00ba 01 (HABILITA\u00c7\u00c3O) e n.\u00ba 02 (PROJETO DE VENDA) at\u00e9 o dia 23\/06\/2023 \u00e0s 08:30h, na Prefeitura Municipal de Orl\u00e2ndia \u2013 Setor de Licita\u00e7\u00f5es e Compras da Prefeitura Municipal de Orl\u00e2ndia, localizado \u00e0 Pra\u00e7a Coronel Orlando, 652, Centro, cidade de Orl\u00e2ndia-SP.<\/p>\n<p><a id=\"linkEdital\"onclick=\"validaDownload();\"onmouseover=\"carrega();\"href=\"https:\/\/www.orlandia.sp.gov.br\/novo\/wp-content\/uploads\/2023\/05\/EDITAL-CHAMADA-P\u00daBLICA-02-2023-Aquisi\u00e7\u00e3o-de-g\u00eaneros-aliment\u00edcios-diretamente-da-agricultura-familiar-e-do-empreendedor-familiar-rural-conforme-\u00a7-1-do-Art.14-da-Lei-n-11.947-2009.pdf\">Download Edital<\/a><\/p>\n","protected":false},"excerpt":{"rendered":"<p>PROCESSO N.\u00ba 149\/2023<br \/>\nCHAMADA P\u00daBLICA N.\u00ba 02\/2023 PARA AQUISI\u00c7\u00c3O DE G\u00caNEROS ALIMENT\u00cdCIOS DIRETAMENTE DA AGRICULTURA FAMILIAR E DO EMPREENDEDOR FAMILIAR RURAL CONFORME \u00a71\u00ba DO ART.14 DA LEI N\u00ba 11.947\/2009 E RESOLU\u00c7\u00d5ES DO FNDE RELATIVAS AO PNAE.<br \/>\nDATA DA REALIZA\u00c7\u00c3O: 23\/06\/2023<br \/>\nHOR\u00c1RIO: 08:30 horas<br \/>\nLOCAL: Pra\u00e7a Coronel Orlando, n\u00ba 652, centro.<\/p>\n","protected":false},"author":10,"featured_media":0,"comment_status":"open","ping_status":"open","sticky":false,"template":"","format":"standard","meta":{"ngg_post_thumbnail":0,"footnotes":""},"categories":[37],"tags":[],"magazineBlocksPostFeaturedMedia":{"thumbnail":false,"medium":false,"medium_large":false,"large":false,"1536x1536":false,"2048x2048":false,"colormag-highlighted-post":false,"colormag-featured-post-medium":false,"colormag-featured-post-small":false,"colormag-featured-image":false,"colormag-default-news":false,"colormag-featured-image-large":false},"magazineBlocksPostAuthor":{"name":"Licita\u00e7\u00e3o","avatar":"https:\/\/secure.gravatar.com\/avatar\/510039dcf0c0f298820adcefb2dc032d?s=96&d=mm&r=g"},"magazineBlocksPostCommentsNumber":false,"magazineBlocksPostExcerpt":"PROCESSO N.\u00ba 149\/2023\r\nCHAMADA P\u00daBLICA N.\u00ba 02\/2023 PARA AQUISI\u00c7\u00c3O DE G\u00caNEROS ALIMENT\u00cdCIOS DIRETAMENTE DA AGRICULTURA FAMILIAR E DO EMPREENDEDOR FAMILIAR RURAL CONFORME \u00a71\u00ba DO ART.14 DA LEI N\u00ba 11.947\/2009 E RESOLU\u00c7\u00d5ES DO FNDE RELATIVAS AO PNAE. \r\nDATA DA REALIZA\u00c7\u00c3O: 23\/06\/2023\r\nHOR\u00c1RIO: 08:30 horas\r\nLOCAL: Pra\u00e7a Coronel Orlando, n\u00ba 652, centro.","magazineBlocksPostCategories":["Chamada P\u00fablica"],"magazine_blocks_featured_image_url":{"full":false,"medium":false,"thumbnail":false},"magazine_blocks_author":{"display_name":"Licita\u00e7\u00e3o","author_link":"https:\/\/www.orlandia.sp.gov.br\/novo\/author\/licitacao"},"magazine_blocks_comment":0,"magazine_blocks_author_image":"https:\/\/secure.gravatar.com\/avatar\/510039dcf0c0f298820adcefb2dc032d?s=96&d=mm&r=g","magazine_blocks_category":"<a href=\"https:\/\/www.orlandia.sp.gov.br\/novo\/category\/publicacoes\/chamada-publica\" rel=\"category tag\">Chamada P\u00fablica<\/a>","_links":{"self":[{"href":"https:\/\/www.orlandia.sp.gov.br\/novo\/wp-json\/wp\/v2\/posts\/25948"}],"collection":[{"href":"https:\/\/www.orlandia.sp.gov.br\/novo\/wp-json\/wp\/v2\/posts"}],"about":[{"href":"https:\/\/www.orlandia.sp.gov.br\/novo\/wp-json\/wp\/v2\/types\/post"}],"author":[{"embeddable":true,"href":"https:\/\/www.orlandia.sp.gov.br\/novo\/wp-json\/wp\/v2\/users\/10"}],"replies":[{"embeddable":true,"href":"https:\/\/www.orlandia.sp.gov.br\/novo\/wp-json\/wp\/v2\/comments?post=25948"}],"version-history":[{"count":1,"href":"https:\/\/www.orlandia.sp.gov.br\/novo\/wp-json\/wp\/v2\/posts\/25948\/revisions"}],"predecessor-version":[{"id":25950,"href":"https:\/\/www.orlandia.sp.gov.br\/novo\/wp-json\/wp\/v2\/posts\/25948\/revisions\/25950"}],"wp:attachment":[{"href":"https:\/\/www.orlandia.sp.gov.br\/novo\/wp-json\/wp\/v2\/media?parent=25948"}],"wp:term":[{"taxonomy":"category","embeddable":true,"href":"https:\/\/www.orlandia.sp.gov.br\/novo\/wp-json\/wp\/v2\/categories?post=25948"},{"taxonomy":"post_tag","embeddable":true,"href":"https:\/\/www.orlandia.sp.gov.br\/novo\/wp-json\/wp\/v2\/tags?post=25948"}],"curies":[{"name":"wp","href":"https:\/\/api.w.org\/{rel}","templated":true}]}}