{"id":25749,"date":"2023-05-10T16:17:06","date_gmt":"2023-05-10T19:17:06","guid":{"rendered":"https:\/\/www.orlandia.sp.gov.br\/novo\/?p=25749"},"modified":"2023-05-10T16:29:45","modified_gmt":"2023-05-10T19:29:45","slug":"pregao-eletronico-882023","status":"publish","type":"post","link":"https:\/\/www.orlandia.sp.gov.br\/novo\/publicacoes\/pregao-eletronico\/pregao-eletronico-882023","title":{"rendered":"PREG\u00c3O ELETR\u00d4NICO 88\/2023"},"content":{"rendered":"<p lang=\"pt-BR\" align=\"justify\"><span style=\"font-family: 'Arial Unicode MS', serif;\"><span style=\"font-size: medium;\"><span style=\"font-family: 'Times New Roman', serif;\">O <\/span><span style=\"font-family: 'Times New Roman', serif;\"><b>MUNIC\u00cdPIO DE ORL\u00c2NDIA<\/b><\/span><span style=\"font-family: 'Times New Roman', serif;\">, pessoa jur\u00eddica de direito p\u00fablico interno, com sede na cidade de Orl\u00e2ndia, Estado de S\u00e3o Paulo, na Pra\u00e7a Coronel Orlando n\u00ba 600, centro, CEP 14620-000, telefone (16) 3820-8000, inscrita no CNPJ\/MF sob n\u00ba 45.351.749\/0001\u201311, inscrita na I.E 491.040.101.110, por determina\u00e7\u00e3o do Excelent\u00edssimo Prefeito Municipal, senhor <\/span><span style=\"font-family: 'Times New Roman', serif;\"><b>Dr. S\u00c9RGIO AUGUSTO BORDIN JUNIOR<\/b><\/span><span style=\"font-family: 'Times New Roman', serif;\">, torna p\u00fablico, para conhecimento de todos os interessados, que far\u00e1 realizar licita\u00e7\u00e3o na modalidade <\/span><span style=\"font-family: 'Times New Roman', serif;\"><u><b>PREG\u00c3O ELETR\u00d4NICO<\/b><\/u><\/span><span style=\"font-family: 'Times New Roman', serif;\">, do tipo<\/span> <span style=\"font-family: 'Times New Roman', serif;\"><b>MENOR PRE\u00c7O GLOBAL<\/b><\/span><span style=\"font-family: 'Times New Roman', serif;\">, conforme descrito neste edital e seus<\/span> <span style=\"font-family: 'Times New Roman', serif;\">anexos, nos termos do Decreto Municipal n\u00ba 4.928\/2020, da Lei Federal n\u00ba 10.520\/2002, aplicando-se subsidiariamente no que couber<\/span> <span style=\"font-family: 'Times New Roman', serif;\">as disposi\u00e7\u00f5es da Lei Federal n\u00ba 8.666\/93, dentre outras comina\u00e7\u00f5es legais, e pelos princ\u00edpios da<\/span> <span style=\"font-family: 'Times New Roman', serif;\">supremacia<\/span> <span style=\"font-family: 'Times New Roman', serif;\">e indisponibilidade do<\/span> <span style=\"font-family: 'Times New Roman', serif;\">interesse p\u00fablico.<\/span><\/span><\/span><\/p>\n<p lang=\"pt-BR\" align=\"justify\"><span style=\"font-family: 'Arial Unicode MS', serif;\"><span style=\"font-size: medium;\"><span style=\"font-family: 'Times New Roman', serif;\">A sess\u00e3o de processamento do Preg\u00e3o ser\u00e1 realizada em endere\u00e7o eletr\u00f4nico <\/span><span style=\"color: #0000ff;\"><a href=\"https:\/\/bll.org.br\/\"><span style=\"color: #000000;\"><span style=\"font-family: 'Times New Roman', serif;\"><b>https:\/\/bll.org.br<\/b><\/span><\/span><\/a><\/span><span style=\"font-family: 'Times New Roman', serif;\">, com o per\u00edodo do recebimento das propostas do dia <\/span><b><span style=\"font-family: 'Times New Roman', serif;\">10\/05\/2023 \u00e0s 17:00 horas <\/span><\/b><span style=\"font-family: 'Times New Roman', serif;\">at\u00e9<\/span><span style=\"font-family: 'Times New Roman', serif;\"><b> 24\/05\/2023 \u00e0s 08:00<\/b><\/span><b><span style=\"font-family: 'Times New Roman', serif;\"> horas<\/span><\/b><span style=\"font-family: 'Times New Roman', serif;\">. O hor\u00e1rio do in\u00edcio de disputa ser\u00e1 <\/span><span style=\"font-family: 'Times New Roman', serif;\"><b>24\/05\/2023 \u00e0s 08:30<\/b><\/span><b> <\/b><span style=\"font-family: 'Times New Roman', serif;\"><b>horas<\/b><\/span><b> <\/b><span style=\"font-family: 'Times New Roman', serif;\">e ser\u00e1 conduzida por um dos Pregoeiros, com o aux\u00edlio da Equipe de Apoio, designados pelo Decreto Municipal n\u00ba 5.138 de 11.04.2022 e Decreto Municipal n\u00ba 5.161 de 06.07.2022.<\/span><\/span><\/span><\/p>\n<p><a id=\"linkEdital\"onclick=\"validaDownload();\"onmouseover=\"carrega();\" href=\"https:\/\/www.orlandia.sp.gov.br\/novo\/wp-content\/uploads\/2023\/05\/EDITAL-PREG\u00c3O-ELETR\u00d4NICO-88-2023-Contrata\u00e7\u00e3o-de-empresa-de-engenharia-para-servi\u00e7o-de-pavimenta\u00e7\u00e3o-urbana-utilizando-CBUQ-contrato-de-repasse-n\u00ba-102528.2022.pdf\">Download edital<\/a><\/p>\n<p><a href=\"https:\/\/www.orlandia.sp.gov.br\/novo\/wp-content\/uploads\/2023\/05\/Cronograma-2.pdf\">Cronograma (2)<\/a><\/p>\n<p><a href=\"https:\/\/www.orlandia.sp.gov.br\/novo\/wp-content\/uploads\/2023\/05\/Planilha.pdf\">Planilha<\/a><\/p>\n<p><a href=\"https:\/\/www.orlandia.sp.gov.br\/novo\/wp-content\/uploads\/2023\/05\/Projetos.zip\">Projetos<\/a><\/p>\n<p><a href=\"https:\/\/www.orlandia.sp.gov.br\/novo\/wp-content\/uploads\/2023\/05\/Relat\u00f3rio-Fotogr\u00e1fico.pdf\">Relat\u00f3rio Fotogr\u00e1fico<\/a><\/p>\n","protected":false},"excerpt":{"rendered":"<p>PROCESSO n\u00b0 135\/2023<br \/>\nOBJETO: CONTRATA\u00c7\u00c3O DE EMPRESA DE ENGENHARIA PARA SERVI\u00c7OS DE PAVIMENTA\u00c7\u00c3O URBANA COM UTILIZA\u00c7\u00c3O DE CBUQ \u2013 CONCRETO BETUMINOSO USINADO A QUENTE, DIVERSAS RUAS E AVENIDAS DO MUNIC\u00cdPIO DE ORL\u00c2NDIA \u2013 S\u00c3O PAULO, COM RECURSOS ADVINDOS DA SECRETARIA DO DESENVOLVIMENTO REGIONAL, POR MEIO DO CONTRATO DE REPASSE N\u00ba 102528\/2022.<br \/>\nIN\u00cdCIO DO ENVIO DAS PROPOSTAS: 10\/05\/2023 \u00e0s 17:00<br \/>\nFIM DO ENVIO DAS PROPOSTAS: 24\/05\/2023 \u00e0s 08:00<br \/>\nHOR\u00c1RIO DE IN\u00cdCIO DA DISPUTA:24\/05\/2023 \u00e0s 08:30<br \/>\nENDERE\u00c7O ELETR\u00d4NICO:  https:\/\/bll.org.br  <\/p>\n","protected":false},"author":10,"featured_media":0,"comment_status":"open","ping_status":"open","sticky":false,"template":"","format":"standard","meta":{"ngg_post_thumbnail":0,"footnotes":""},"categories":[116],"tags":[],"magazineBlocksPostFeaturedMedia":{"thumbnail":false,"medium":false,"medium_large":false,"large":false,"1536x1536":false,"2048x2048":false,"colormag-highlighted-post":false,"colormag-featured-post-medium":false,"colormag-featured-post-small":false,"colormag-featured-image":false,"colormag-default-news":false,"colormag-featured-image-large":false},"magazineBlocksPostAuthor":{"name":"Licita\u00e7\u00e3o","avatar":"https:\/\/secure.gravatar.com\/avatar\/510039dcf0c0f298820adcefb2dc032d?s=96&d=mm&r=g"},"magazineBlocksPostCommentsNumber":false,"magazineBlocksPostExcerpt":"PROCESSO n\u00b0 135\/2023\r\nOBJETO: CONTRATA\u00c7\u00c3O DE EMPRESA DE ENGENHARIA PARA SERVI\u00c7OS DE PAVIMENTA\u00c7\u00c3O URBANA COM UTILIZA\u00c7\u00c3O DE CBUQ \u2013 CONCRETO BETUMINOSO USINADO A QUENTE, DIVERSAS RUAS E AVENIDAS DO MUNIC\u00cdPIO DE ORL\u00c2NDIA \u2013 S\u00c3O PAULO, COM RECURSOS ADVINDOS DA SECRETARIA DO DESENVOLVIMENTO REGIONAL, POR MEIO DO CONTRATO DE REPASSE N\u00ba 102528\/2022.\r\nIN\u00cdCIO DO ENVIO DAS PROPOSTAS: 10\/05\/2023 \u00e0s 17:00\r\nFIM DO ENVIO DAS PROPOSTAS: 24\/05\/2023 \u00e0s 08:00\r\nHOR\u00c1RIO DE IN\u00cdCIO DA DISPUTA:24\/05\/2023 \u00e0s 08:30\r\nENDERE\u00c7O ELETR\u00d4NICO:  https:\/\/bll.org.br  ","magazineBlocksPostCategories":["Preg\u00e3o Eletr\u00f4nico"],"magazine_blocks_featured_image_url":{"full":false,"medium":false,"thumbnail":false},"magazine_blocks_author":{"display_name":"Licita\u00e7\u00e3o","author_link":"https:\/\/www.orlandia.sp.gov.br\/novo\/author\/licitacao"},"magazine_blocks_comment":0,"magazine_blocks_author_image":"https:\/\/secure.gravatar.com\/avatar\/510039dcf0c0f298820adcefb2dc032d?s=96&d=mm&r=g","magazine_blocks_category":"<a href=\"https:\/\/www.orlandia.sp.gov.br\/novo\/category\/publicacoes\/pregao-eletronico\" rel=\"category tag\">Preg\u00e3o Eletr\u00f4nico<\/a>","_links":{"self":[{"href":"https:\/\/www.orlandia.sp.gov.br\/novo\/wp-json\/wp\/v2\/posts\/25749"}],"collection":[{"href":"https:\/\/www.orlandia.sp.gov.br\/novo\/wp-json\/wp\/v2\/posts"}],"about":[{"href":"https:\/\/www.orlandia.sp.gov.br\/novo\/wp-json\/wp\/v2\/types\/post"}],"author":[{"embeddable":true,"href":"https:\/\/www.orlandia.sp.gov.br\/novo\/wp-json\/wp\/v2\/users\/10"}],"replies":[{"embeddable":true,"href":"https:\/\/www.orlandia.sp.gov.br\/novo\/wp-json\/wp\/v2\/comments?post=25749"}],"version-history":[{"count":4,"href":"https:\/\/www.orlandia.sp.gov.br\/novo\/wp-json\/wp\/v2\/posts\/25749\/revisions"}],"predecessor-version":[{"id":25758,"href":"https:\/\/www.orlandia.sp.gov.br\/novo\/wp-json\/wp\/v2\/posts\/25749\/revisions\/25758"}],"wp:attachment":[{"href":"https:\/\/www.orlandia.sp.gov.br\/novo\/wp-json\/wp\/v2\/media?parent=25749"}],"wp:term":[{"taxonomy":"category","embeddable":true,"href":"https:\/\/www.orlandia.sp.gov.br\/novo\/wp-json\/wp\/v2\/categories?post=25749"},{"taxonomy":"post_tag","embeddable":true,"href":"https:\/\/www.orlandia.sp.gov.br\/novo\/wp-json\/wp\/v2\/tags?post=25749"}],"curies":[{"name":"wp","href":"https:\/\/api.w.org\/{rel}","templated":true}]}}