{"id":248,"date":"2013-09-25T15:03:18","date_gmt":"2013-09-25T18:03:18","guid":{"rendered":"https:\/\/www.orlandia.sp.gov.br\/novo\/?p=248"},"modified":"2013-12-11T08:13:57","modified_gmt":"2013-12-11T11:13:57","slug":"concurso-publico-0012011","status":"publish","type":"post","link":"https:\/\/www.orlandia.sp.gov.br\/novo\/publicacoes\/concurso-publico\/concurso-publico-0012011","title":{"rendered":"Concurso P\u00fablico 01\/2011"},"content":{"rendered":"<p style=\"text-align: justify;\">Realiza\u00e7\u00e3o: 26\/12\/2011 \u00e0s 00:00hs.<\/p>\n<p style=\"text-align: justify;\">Objeto: O Concurso P\u00fablico destina-se ao provimento de diversos cargos efetivos da Prefeitura Municipal de Orl\u00e2ndia.<\/p>\n<p style=\"text-align: justify;\"><b>Arquivos:<\/b><\/p>\n<p style=\"text-align: justify;\">26\/02\/2013 &#8211; <a href=\"https:\/\/www.orlandia.sp.gov.br\/novo\/wp-content\/uploads\/2013\/09\/co249001201124.pdf\" target=\"_blank\">Convoca\u00e7\u00e3o n\u00ba 11<\/a><\/p>\n<p style=\"text-align: justify;\">05\/02\/2013 &#8211; <a href=\"https:\/\/www.orlandia.sp.gov.br\/novo\/wp-content\/uploads\/2013\/09\/co249001201123.pdf\" target=\"_blank\">Convoca\u00e7\u00e3o n\u00ba 10<\/a><\/p>\n<p style=\"text-align: justify;\">05\/02\/2013 &#8211; <a href=\"https:\/\/www.orlandia.sp.gov.br\/novo\/wp-content\/uploads\/2013\/09\/co249001201122.pdf\" target=\"_blank\">Convoca\u00e7\u00e3o n\u00ba 09<\/a><\/p>\n<p style=\"text-align: justify;\">05\/02\/2013 &#8211; <a href=\"https:\/\/www.orlandia.sp.gov.br\/novo\/wp-content\/uploads\/2013\/09\/co249001201121.pdf\" target=\"_blank\">Convoca\u00e7\u00e3o Consultor Jur\u00eddico<\/a><\/p>\n<p style=\"text-align: justify;\">05\/02\/2013 &#8211; <a href=\"https:\/\/www.orlandia.sp.gov.br\/novo\/wp-content\/uploads\/2013\/09\/co249001201120.pdf\" target=\"_blank\">Convoca\u00e7\u00e3o n\u00ba 08<\/a><\/p>\n<p style=\"text-align: justify;\">26\/03\/2012 &#8211; <a href=\"https:\/\/www.orlandia.sp.gov.br\/novo\/wp-content\/uploads\/2013\/09\/co249001201119.pdf\" target=\"_blank\">Convoca\u00e7\u00e3o n\u00ba 07<\/a><\/p>\n<p style=\"text-align: justify;\">16\/03\/2012 &#8211; <a href=\"https:\/\/www.orlandia.sp.gov.br\/novo\/wp-content\/uploads\/2013\/09\/co249001201118.pdf\" target=\"_blank\">Convoca\u00e7\u00e3o n\u00ba 06<\/a><\/p>\n<p style=\"text-align: justify;\">15\/03\/2012 &#8211; <a href=\"https:\/\/www.orlandia.sp.gov.br\/novo\/wp-content\/uploads\/2013\/09\/co249001201117.pdf\" target=\"_blank\">Convoca\u00e7\u00e3o n\u00ba 05<\/a><\/p>\n<p style=\"text-align: justify;\">09\/03\/2012 &#8211; <a href=\"https:\/\/www.orlandia.sp.gov.br\/novo\/wp-content\/uploads\/2013\/09\/co249001201116.pdf\" target=\"_blank\">Convoca\u00e7\u00e3o n\u00ba 04 (Monitores de Inform\u00e1tica)<\/a><\/p>\n<p style=\"text-align: justify;\">16\/03\/2012 &#8211; <a href=\"https:\/\/www.orlandia.sp.gov.br\/novo\/wp-content\/uploads\/2013\/09\/co249001201115.pdf\" target=\"_blank\">Resultado Homologa\u00e7\u00e3o<\/a><\/p>\n<p style=\"text-align: justify;\">06\/03\/2012 &#8211; <a href=\"https:\/\/www.orlandia.sp.gov.br\/novo\/wp-content\/uploads\/2013\/09\/co249001201114.pdf\" target=\"_blank\">Convoca\u00e7\u00e3o n\u00ba 03<\/a><\/p>\n<p style=\"text-align: justify;\">06\/03\/2012 &#8211; <a href=\"https:\/\/www.orlandia.sp.gov.br\/novo\/wp-content\/uploads\/2013\/09\/co249001201113.pdf\" target=\"_blank\">Convoca\u00e7\u00e3o n\u00ba 02<\/a><\/p>\n<p style=\"text-align: justify;\">06\/03\/2012 &#8211; <a href=\"https:\/\/www.orlandia.sp.gov.br\/novo\/wp-content\/uploads\/2013\/09\/co249001201112.pdf\" target=\"_blank\">Convoca\u00e7\u00e3o n\u00ba 01<\/a><\/p>\n<p style=\"text-align: justify;\">06\/03\/2012 &#8211; <a href=\"https:\/\/www.orlandia.sp.gov.br\/novo\/wp-content\/uploads\/2013\/09\/6f4a69aa809325e2a0fad9eb17367621.pdf\" target=\"_blank\">Edital de Convoca\u00e7\u00e3o para Prova Pr\u00e1tica para o cargo de Motorista A e B e Edital de Convoca\u00e7\u00e3o para o Teste de Capacidade F\u00edsica para o cargo de Guarda Municipal<\/a><\/p>\n<p style=\"text-align: justify;\">06\/03\/2012 &#8211; <a href=\"https:\/\/www.orlandia.sp.gov.br\/novo\/wp-content\/uploads\/2013\/09\/2eb095daa6cfd0ab24e869ec088c815f.pdf\" target=\"_blank\">Edital de Homologa\u00e7\u00e3o para todos os cargos (exceto para o cargo de Motorista A e B e Guarda Municipal)<\/a><\/p>\n<p style=\"text-align: justify;\">31\/01\/2012 &#8211; <a href=\"https:\/\/187.61.13.178\/Concursos\/ORLANDIA-CP-2011\/Gabarito\/\" target=\"_blank\">Gabarito das Provas Objetivas<\/a><\/p>\n<p style=\"text-align: justify;\">18\/01\/2012 &#8211; <a href=\"https:\/\/187.61.13.178\/Concursos\/ORLANDIA-CP-2011\/Boletim\/index.asp\" target=\"_blank\">Consulta ao Local de Prova<\/a><\/p>\n<p style=\"text-align: justify;\">17\/01\/2012 &#8211; <a href=\"https:\/\/187.61.13.178\/Concursos\/ORLANDIA-CP-2011\/Confirma\/index.asp\" target=\"_blank\">Confirma\u00e7\u00e3o de Inscri\u00e7\u00e3o<\/a><\/p>\n<p style=\"text-align: justify;\">30\/01\/2012 &#8211; <a href=\"https:\/\/187.61.13.178\/Concursos\/ORLANDIA-CP-2011\/isencao\/\" target=\"_blank\">Resultado da Solicita\u00e7\u00e3o de Isen\u00e7\u00e3o do Pagamento da Taxa de Inscri\u00e7\u00e3o<\/a><\/p>\n<p style=\"text-align: justify;\">23\/12\/2011 &#8211; <a href=\"https:\/\/www.orlandia.sp.gov.br\/novo\/wp-content\/uploads\/2013\/09\/concp001.2011_comunicado1.pdf\" target=\"_blank\">Comunicado N\u00ba 03<\/a><\/p>\n<p style=\"text-align: justify;\">23\/12\/2011 &#8211; <a href=\"https:\/\/www.orlandia.sp.gov.br\/novo\/wp-content\/uploads\/2013\/09\/concp001.2011_retificacao2.pdf\" target=\"_blank\">Edital de Retifica\u00e7\u00e3o n\u00ba 02<\/a><\/p>\n<p style=\"text-align: justify;\">23\/12\/2011 &#8211; <a href=\"https:\/\/www.orlandia.sp.gov.br\/novo\/wp-content\/uploads\/2013\/09\/concp001.2011_retificacao1.pdf\" target=\"_blank\">Edital de Retifica\u00e7\u00e3o n\u00ba 01<\/a><\/p>\n<p style=\"text-align: justify;\">26\/12\/2011 &#8211; <a href=\"https:\/\/www.orlandia.sp.gov.br\/novo\/wp-content\/uploads\/2013\/09\/concp001.2011_convocacao.pdf\" target=\"_blank\">Edital de Convoca\u00e7\u00e3o para as Provas Objetivas<\/a><\/p>\n<p style=\"text-align: justify;\">26\/12\/2011 &#8211; <a href=\"https:\/\/www.orlandia.sp.gov.br\/novo\/wp-content\/uploads\/2013\/09\/concp001.2011_editalabertura.pdf\" target=\"_blank\">Edital de Abertura de Inscri\u00e7\u00e3o<\/a><\/p>\n","protected":false},"excerpt":{"rendered":"<p>Realiza\u00e7\u00e3o: 26\/12\/2011 \u00e0s 00:00hs. Objeto: O Concurso P\u00fablico destina-se ao provimento de diversos cargos efetivos da Prefeitura Municipal de Orl\u00e2ndia.<\/p>\n","protected":false},"author":1,"featured_media":1256,"comment_status":"open","ping_status":"open","sticky":false,"template":"","format":"standard","meta":{"ngg_post_thumbnail":0,"footnotes":""},"categories":[35,38],"tags":[],"magazineBlocksPostFeaturedMedia":{"thumbnail":"https:\/\/www.orlandia.sp.gov.br\/novo\/wp-content\/uploads\/ngg_featured\/icone-citacao-1-150x150.png","medium":"https:\/\/www.orlandia.sp.gov.br\/novo\/wp-content\/uploads\/ngg_featured\/icone-citacao-1.png","medium_large":"https:\/\/www.orlandia.sp.gov.br\/novo\/wp-content\/uploads\/ngg_featured\/icone-citacao-1.png","large":"https:\/\/www.orlandia.sp.gov.br\/novo\/wp-content\/uploads\/ngg_featured\/icone-citacao-1.png","1536x1536":"https:\/\/www.orlandia.sp.gov.br\/novo\/wp-content\/uploads\/ngg_featured\/icone-citacao-1.png","2048x2048":"https:\/\/www.orlandia.sp.gov.br\/novo\/wp-content\/uploads\/ngg_featured\/icone-citacao-1.png","colormag-highlighted-post":"https:\/\/www.orlandia.sp.gov.br\/novo\/wp-content\/uploads\/ngg_featured\/icone-citacao-1.png","colormag-featured-post-medium":"https:\/\/www.orlandia.sp.gov.br\/novo\/wp-content\/uploads\/ngg_featured\/icone-citacao-1.png","colormag-featured-post-small":"https:\/\/www.orlandia.sp.gov.br\/novo\/wp-content\/uploads\/ngg_featured\/icone-citacao-1.png","colormag-featured-image":"https:\/\/www.orlandia.sp.gov.br\/novo\/wp-content\/uploads\/ngg_featured\/icone-citacao-1.png","colormag-default-news":"https:\/\/www.orlandia.sp.gov.br\/novo\/wp-content\/uploads\/ngg_featured\/icone-citacao-1.png","colormag-featured-image-large":"https:\/\/www.orlandia.sp.gov.br\/novo\/wp-content\/uploads\/ngg_featured\/icone-citacao-1.png"},"magazineBlocksPostAuthor":{"name":"admin","avatar":"https:\/\/secure.gravatar.com\/avatar\/5140b312f1bcbe8516bfaa79917f11b3?s=96&d=mm&r=g"},"magazineBlocksPostCommentsNumber":false,"magazineBlocksPostExcerpt":"Realiza\u00e7\u00e3o: 26\/12\/2011 \u00e0s 00:00hs. Objeto: O Concurso P\u00fablico destina-se ao provimento de diversos cargos efetivos da Prefeitura Municipal de Orl\u00e2ndia.","magazineBlocksPostCategories":["Concurso P\u00fablico","Publica\u00e7\u00f5es"],"magazine_blocks_featured_image_url":{"full":["https:\/\/www.orlandia.sp.gov.br\/novo\/wp-content\/uploads\/ngg_featured\/icone-citacao-1.png",250,170,false],"medium":["https:\/\/www.orlandia.sp.gov.br\/novo\/wp-content\/uploads\/ngg_featured\/icone-citacao-1.png",250,170,false],"thumbnail":["https:\/\/www.orlandia.sp.gov.br\/novo\/wp-content\/uploads\/ngg_featured\/icone-citacao-1-150x150.png",150,150,true]},"magazine_blocks_author":{"display_name":"admin","author_link":"https:\/\/www.orlandia.sp.gov.br\/novo\/author\/admin"},"magazine_blocks_comment":0,"magazine_blocks_author_image":"https:\/\/secure.gravatar.com\/avatar\/5140b312f1bcbe8516bfaa79917f11b3?s=96&d=mm&r=g","magazine_blocks_category":"<a href=\"https:\/\/www.orlandia.sp.gov.br\/novo\/category\/publicacoes\/concurso-publico\" rel=\"category tag\">Concurso P\u00fablico<\/a> <a href=\"https:\/\/www.orlandia.sp.gov.br\/novo\/category\/publicacoes\" rel=\"category tag\">Publica\u00e7\u00f5es<\/a>","_links":{"self":[{"href":"https:\/\/www.orlandia.sp.gov.br\/novo\/wp-json\/wp\/v2\/posts\/248"}],"collection":[{"href":"https:\/\/www.orlandia.sp.gov.br\/novo\/wp-json\/wp\/v2\/posts"}],"about":[{"href":"https:\/\/www.orlandia.sp.gov.br\/novo\/wp-json\/wp\/v2\/types\/post"}],"author":[{"embeddable":true,"href":"https:\/\/www.orlandia.sp.gov.br\/novo\/wp-json\/wp\/v2\/users\/1"}],"replies":[{"embeddable":true,"href":"https:\/\/www.orlandia.sp.gov.br\/novo\/wp-json\/wp\/v2\/comments?post=248"}],"version-history":[{"count":6,"href":"https:\/\/www.orlandia.sp.gov.br\/novo\/wp-json\/wp\/v2\/posts\/248\/revisions"}],"predecessor-version":[{"id":1975,"href":"https:\/\/www.orlandia.sp.gov.br\/novo\/wp-json\/wp\/v2\/posts\/248\/revisions\/1975"}],"wp:featuredmedia":[{"embeddable":true,"href":"https:\/\/www.orlandia.sp.gov.br\/novo\/wp-json\/wp\/v2\/media\/1256"}],"wp:attachment":[{"href":"https:\/\/www.orlandia.sp.gov.br\/novo\/wp-json\/wp\/v2\/media?parent=248"}],"wp:term":[{"taxonomy":"category","embeddable":true,"href":"https:\/\/www.orlandia.sp.gov.br\/novo\/wp-json\/wp\/v2\/categories?post=248"},{"taxonomy":"post_tag","embeddable":true,"href":"https:\/\/www.orlandia.sp.gov.br\/novo\/wp-json\/wp\/v2\/tags?post=248"}],"curies":[{"name":"wp","href":"https:\/\/api.w.org\/{rel}","templated":true}]}}