{"id":24398,"date":"2022-12-29T08:29:19","date_gmt":"2022-12-29T11:29:19","guid":{"rendered":"https:\/\/www.orlandia.sp.gov.br\/novo\/?p=24398"},"modified":"2023-01-04T09:45:13","modified_gmt":"2023-01-04T12:45:13","slug":"concurso-publico-022022","status":"publish","type":"post","link":"https:\/\/www.orlandia.sp.gov.br\/novo\/publicacoes\/concurso-publico\/concurso-publico-022022","title":{"rendered":"CONCURSO P\u00daBLICO 02\/2022"},"content":{"rendered":"<p>O PREFEITO MUNICIPAL DE ORL\u00c2NDIA\/SP, no uso de suas atribui\u00e7\u00f5es e com fundamento no artigo 37, inciso II, da Constitui\u00e7\u00e3o Federal Brasileira de 1988; na Lei Org\u00e2nica do Munic\u00edpio de Orl\u00e2ndia; na Lei Complementar n\u00ba 3.823 de 10 de agosto de 2011; na Lei Complementar n\u00ba 28 de 19 de abril de 2017; na Lei Complementar n\u00ba 3.480 de 22 de maio de 2006 e na Lei Complementar 3.544 de 28 de junho de 2007, torna p\u00fablica a realiza\u00e7\u00e3o de Concurso P\u00fablico de Provas destinado ao preenchimento de vagas do quadro de servidores e forma\u00e7\u00e3o de cadastro de reserva, mediante as condi\u00e7\u00f5es estabelecidas neste Edital.<\/p>\n<p><a href=\"https:\/\/www.orlandia.sp.gov.br\/novo\/wp-content\/uploads\/2022\/12\/Minuta-Edital-Prefeitura-de-Orl\u00e2ndia.pdf\">Dowload Edital<\/a><\/p>\n<p><a href=\"https:\/\/www.orlandia.sp.gov.br\/novo\/wp-content\/uploads\/2022\/12\/Retifica\u00e7\u00e3o-1.pdf\">Retifica\u00e7\u00e3o 1<\/a><\/p>\n","protected":false},"excerpt":{"rendered":"<p>O PREFEITO MUNICIPAL DE ORL\u00c2NDIA\/SP, no uso de suas atribui\u00e7\u00f5es e com fundamento no artigo 37, inciso II, da Constitui\u00e7\u00e3o<\/p>\n","protected":false},"author":10,"featured_media":0,"comment_status":"open","ping_status":"open","sticky":false,"template":"","format":"standard","meta":{"ngg_post_thumbnail":0,"footnotes":""},"categories":[35],"tags":[],"magazineBlocksPostFeaturedMedia":{"thumbnail":false,"medium":false,"medium_large":false,"large":false,"1536x1536":false,"2048x2048":false,"colormag-highlighted-post":false,"colormag-featured-post-medium":false,"colormag-featured-post-small":false,"colormag-featured-image":false,"colormag-default-news":false,"colormag-featured-image-large":false},"magazineBlocksPostAuthor":{"name":"Licita\u00e7\u00e3o","avatar":"https:\/\/secure.gravatar.com\/avatar\/510039dcf0c0f298820adcefb2dc032d?s=96&d=mm&r=g"},"magazineBlocksPostCommentsNumber":false,"magazineBlocksPostExcerpt":"O PREFEITO MUNICIPAL DE ORL\u00c2NDIA\/SP, no uso de suas atribui\u00e7\u00f5es e com fundamento no artigo 37, inciso II, da Constitui\u00e7\u00e3o","magazineBlocksPostCategories":["Concurso P\u00fablico"],"magazine_blocks_featured_image_url":{"full":false,"medium":false,"thumbnail":false},"magazine_blocks_author":{"display_name":"Licita\u00e7\u00e3o","author_link":"https:\/\/www.orlandia.sp.gov.br\/novo\/author\/licitacao"},"magazine_blocks_comment":0,"magazine_blocks_author_image":"https:\/\/secure.gravatar.com\/avatar\/510039dcf0c0f298820adcefb2dc032d?s=96&d=mm&r=g","magazine_blocks_category":"<a href=\"https:\/\/www.orlandia.sp.gov.br\/novo\/category\/publicacoes\/concurso-publico\" rel=\"category tag\">Concurso P\u00fablico<\/a>","_links":{"self":[{"href":"https:\/\/www.orlandia.sp.gov.br\/novo\/wp-json\/wp\/v2\/posts\/24398"}],"collection":[{"href":"https:\/\/www.orlandia.sp.gov.br\/novo\/wp-json\/wp\/v2\/posts"}],"about":[{"href":"https:\/\/www.orlandia.sp.gov.br\/novo\/wp-json\/wp\/v2\/types\/post"}],"author":[{"embeddable":true,"href":"https:\/\/www.orlandia.sp.gov.br\/novo\/wp-json\/wp\/v2\/users\/10"}],"replies":[{"embeddable":true,"href":"https:\/\/www.orlandia.sp.gov.br\/novo\/wp-json\/wp\/v2\/comments?post=24398"}],"version-history":[{"count":5,"href":"https:\/\/www.orlandia.sp.gov.br\/novo\/wp-json\/wp\/v2\/posts\/24398\/revisions"}],"predecessor-version":[{"id":24451,"href":"https:\/\/www.orlandia.sp.gov.br\/novo\/wp-json\/wp\/v2\/posts\/24398\/revisions\/24451"}],"wp:attachment":[{"href":"https:\/\/www.orlandia.sp.gov.br\/novo\/wp-json\/wp\/v2\/media?parent=24398"}],"wp:term":[{"taxonomy":"category","embeddable":true,"href":"https:\/\/www.orlandia.sp.gov.br\/novo\/wp-json\/wp\/v2\/categories?post=24398"},{"taxonomy":"post_tag","embeddable":true,"href":"https:\/\/www.orlandia.sp.gov.br\/novo\/wp-json\/wp\/v2\/tags?post=24398"}],"curies":[{"name":"wp","href":"https:\/\/api.w.org\/{rel}","templated":true}]}}