{"id":22799,"date":"2022-06-01T16:10:03","date_gmt":"2022-06-01T19:10:03","guid":{"rendered":"https:\/\/www.orlandia.sp.gov.br\/novo\/?p=22799"},"modified":"2022-06-24T12:48:51","modified_gmt":"2022-06-24T15:48:51","slug":"tomada-de-precos-112022","status":"publish","type":"post","link":"https:\/\/www.orlandia.sp.gov.br\/novo\/publicacoes\/tomada-de-preco\/tomada-de-precos-112022","title":{"rendered":"TOMADA DE PRE\u00c7OS 11\/2022"},"content":{"rendered":"<p>A PREFEITURA MUNICIPAL DE ORL\u00c2NDIA, do Estado de S\u00e3o Paulo, inscrita no CNPJ\/MF sob o n\u00ba 45.351.749\/0001\u201311, inscrita na I.E n\u00ba 491.040.101.110, por determina\u00e7\u00e3o do Excelent\u00edssimo Senhor Prefeito Municipal Dr. S\u00c9RGIO AUGUSTO BORDIN JUNIOR, no uso de suas atribui\u00e7\u00f5es legais, faz p\u00fablico que se acha aberta a TOMADA DE PRE\u00c7OS N\u00ba 011\/2022, tipo MENOR PRE\u00c7O GLOBAL, que tem por objeto a <strong>CONTRATA\u00c7\u00c3O DE EMPRESA ESPECIALIZADA EM ENGENHARIA PARA EXECU\u00c7\u00c3O DE REATERRO DE CONTEN\u00c7\u00c3O E CONSTRU\u00c7\u00c3O DE DUAS ESCADAS HIDR\u00c1ULICAS NAS ADJAC\u00caNCIAS DA AVENIDA MARGINAL, COM O FINAL DA RUA E ALAMEDA 20 NO JARDIM S\u00c3O JO\u00c3O, NA CIDADE DE ORL\u00c2NDIA\/SP<\/strong>, que ser\u00e1 procedida e julgada de acordo com os princ\u00edpios e normas gerais estabelecidas pela Lei Federal n\u00ba 8.666, de 21 de junho de 1993, Decreto Municipal n.\u00ba 4.928, de 04.06.2020, bem como pelas disposi\u00e7\u00f5es deste edital.<\/p>\n<p>O futuro contrato a ser assinado nos presentes autos reger-se-\u00e1 pelas disposi\u00e7\u00f5es legais contidas na Lei Federal n.\u00ba 8.666\/93, na Lei Org\u00e2nica do Munic\u00edpio de Orl\u00e2ndia, no Decreto Municipal n.\u00ba 4.928, de 04.06.2020, e demais normas legais pertinentes \u00e0 mat\u00e9ria.<\/p>\n<p><a id=\"linkEdital\"onclick=\"validaDownload();\"onmouseover=\"carrega();\"href=\"https:\/\/www.orlandia.sp.gov.br\/novo\/wp-content\/uploads\/2022\/06\/TOMADA-DE-PRE\u00c7OS-11-2022-Contrata\u00e7\u00e3o-de-empresa-para-execu\u00e7\u00e3o-de-obras-de-reaterro.pdf\">Download Edital<\/a><\/p>\n<p><a href=\"https:\/\/www.orlandia.sp.gov.br\/novo\/wp-content\/uploads\/2022\/06\/DE-024.04-2021-006-CEP-RVO-REV-0-DETALHES-ESCADA-1.zip\">DE-024.04-2021-006-CEP-RVO REV 0 &#8211; DETALHES ESCADA 1<\/a><\/p>\n<p><a href=\"https:\/\/www.orlandia.sp.gov.br\/novo\/wp-content\/uploads\/2022\/06\/PO-024.00-2021-001-CEP-RV1-REV-1-11-11-21-PLANILHA-OR\u00c7AMENT\u00c1RIA.pdf\">PO-024.00-2021-001-CEP-RV1 REV 1 11 11 21 PLANILHA OR\u00c7AMENT\u00c1RIA<\/a><\/p>\n<p><a href=\"https:\/\/www.orlandia.sp.gov.br\/novo\/wp-content\/uploads\/2022\/06\/Ata-da-Sess\u00e3o-TP-11.2022.pdf\">Ata da Sess\u00e3o &#8211; TP 11.2022 &#8211; Abertura de Documenta\u00e7\u00e3o<\/a><\/p>\n","protected":false},"excerpt":{"rendered":"<p>PROCESSO n.\u00ba 126\/2022<br \/>\nOBJETO: CONTRATA\u00c7\u00c3O DE EMPRESA ESPECIALIZADA EM ENGENHARIA PARA EXECU\u00c7\u00c3O DE REATERRO DE CONTEN\u00c7\u00c3O E CONSTRU\u00c7\u00c3O DE DUAS ESCADAS HIDR\u00c1ULICAS NAS ADJAC\u00caNCIAS DA AVENIDA MARGINAL, COM O FINAL DA RUA E ALAMEDA 20 NO JARDIM S\u00c3O JO\u00c3O, NA CIDADE DE ORL\u00c2NDIA\/SP<br \/>\nDATA DA REALIZA\u00c7\u00c3O: 24\/06\/2022<br \/>\nHOR\u00c1RIO: 09:00 horas<br \/>\nLOCAL: Pra\u00e7a Coronel Orlando, 652, centro.<\/p>\n","protected":false},"author":10,"featured_media":0,"comment_status":"open","ping_status":"open","sticky":false,"template":"","format":"standard","meta":{"ngg_post_thumbnail":0,"footnotes":""},"categories":[44],"tags":[],"magazineBlocksPostFeaturedMedia":{"thumbnail":false,"medium":false,"medium_large":false,"large":false,"1536x1536":false,"2048x2048":false,"colormag-highlighted-post":false,"colormag-featured-post-medium":false,"colormag-featured-post-small":false,"colormag-featured-image":false,"colormag-default-news":false,"colormag-featured-image-large":false},"magazineBlocksPostAuthor":{"name":"Licita\u00e7\u00e3o","avatar":"https:\/\/secure.gravatar.com\/avatar\/510039dcf0c0f298820adcefb2dc032d?s=96&d=mm&r=g"},"magazineBlocksPostCommentsNumber":false,"magazineBlocksPostExcerpt":"PROCESSO n.\u00ba 126\/2022\r\nOBJETO: CONTRATA\u00c7\u00c3O DE EMPRESA ESPECIALIZADA EM ENGENHARIA PARA EXECU\u00c7\u00c3O DE REATERRO DE CONTEN\u00c7\u00c3O E CONSTRU\u00c7\u00c3O DE DUAS ESCADAS HIDR\u00c1ULICAS NAS ADJAC\u00caNCIAS DA AVENIDA MARGINAL, COM O FINAL DA RUA E ALAMEDA 20 NO JARDIM S\u00c3O JO\u00c3O, NA CIDADE DE ORL\u00c2NDIA\/SP\r\nDATA DA REALIZA\u00c7\u00c3O: 24\/06\/2022\r\nHOR\u00c1RIO: 09:00 horas\r\nLOCAL: Pra\u00e7a Coronel Orlando, 652, centro.","magazineBlocksPostCategories":["Tomada de Pre\u00e7o"],"magazine_blocks_featured_image_url":{"full":false,"medium":false,"thumbnail":false},"magazine_blocks_author":{"display_name":"Licita\u00e7\u00e3o","author_link":"https:\/\/www.orlandia.sp.gov.br\/novo\/author\/licitacao"},"magazine_blocks_comment":0,"magazine_blocks_author_image":"https:\/\/secure.gravatar.com\/avatar\/510039dcf0c0f298820adcefb2dc032d?s=96&d=mm&r=g","magazine_blocks_category":"<a href=\"https:\/\/www.orlandia.sp.gov.br\/novo\/category\/publicacoes\/tomada-de-preco\" rel=\"category tag\">Tomada de Pre\u00e7o<\/a>","_links":{"self":[{"href":"https:\/\/www.orlandia.sp.gov.br\/novo\/wp-json\/wp\/v2\/posts\/22799"}],"collection":[{"href":"https:\/\/www.orlandia.sp.gov.br\/novo\/wp-json\/wp\/v2\/posts"}],"about":[{"href":"https:\/\/www.orlandia.sp.gov.br\/novo\/wp-json\/wp\/v2\/types\/post"}],"author":[{"embeddable":true,"href":"https:\/\/www.orlandia.sp.gov.br\/novo\/wp-json\/wp\/v2\/users\/10"}],"replies":[{"embeddable":true,"href":"https:\/\/www.orlandia.sp.gov.br\/novo\/wp-json\/wp\/v2\/comments?post=22799"}],"version-history":[{"count":4,"href":"https:\/\/www.orlandia.sp.gov.br\/novo\/wp-json\/wp\/v2\/posts\/22799\/revisions"}],"predecessor-version":[{"id":23001,"href":"https:\/\/www.orlandia.sp.gov.br\/novo\/wp-json\/wp\/v2\/posts\/22799\/revisions\/23001"}],"wp:attachment":[{"href":"https:\/\/www.orlandia.sp.gov.br\/novo\/wp-json\/wp\/v2\/media?parent=22799"}],"wp:term":[{"taxonomy":"category","embeddable":true,"href":"https:\/\/www.orlandia.sp.gov.br\/novo\/wp-json\/wp\/v2\/categories?post=22799"},{"taxonomy":"post_tag","embeddable":true,"href":"https:\/\/www.orlandia.sp.gov.br\/novo\/wp-json\/wp\/v2\/tags?post=22799"}],"curies":[{"name":"wp","href":"https:\/\/api.w.org\/{rel}","templated":true}]}}