{"id":20260,"date":"2021-09-20T12:57:58","date_gmt":"2021-09-20T15:57:58","guid":{"rendered":"https:\/\/www.orlandia.sp.gov.br\/novo\/?p=20260"},"modified":"2021-10-04T15:47:13","modified_gmt":"2021-10-04T18:47:13","slug":"pregao-presencial-1452021","status":"publish","type":"post","link":"https:\/\/www.orlandia.sp.gov.br\/novo\/publicacoes\/pregao-presencial\/pregao-presencial-1452021","title":{"rendered":"PREG\u00c3O PRESENCIAL 145\/2021"},"content":{"rendered":"<p>O MUNIC\u00cdPIO DE ORL\u00c2NDIA, pessoa jur\u00eddica de direito p\u00fablico interno, com sede na cidade de Orl\u00e2ndia, Estado de S\u00e3o Paulo, na Pra\u00e7a Coronel Orlando n\u00ba 600, centro, CEP 14620-000, telefone (16) 3820-8000, inscrita no CNPJ\/MF sob n\u00ba 45.351.749\/0001\u201311, inscrita na I.E491.040.101.110 por determina\u00e7\u00e3o do Excelent\u00edssimo Senhor Prefeito Municipal, S\u00c9RGIO AUGUSTO BORDIN JUNIOR, torna p\u00fablico que se acha aberta a licita\u00e7\u00e3o na modalidade PREG\u00c3O &#8211; PRESENCIAL, do tipo MENOR VALOR GLOBAL \u2013 Processo n\u00ba 174\/2021 \u2013 objetivando a <strong>CONTRATA\u00c7\u00c3O DE EMPRESA PARA PRESTA\u00c7\u00c3O DE SERVI\u00c7OS DE GERA\u00c7\u00c3O, REESTRUTURA\u00c7\u00c3O E MANUTEN\u00c7\u00c3O DE DADOS, ATRAV\u00c9S DE FERRAMENTA QUE PERMITE A CONSOLIDA\u00c7\u00c3O DOS BALANCETES CONT\u00c1BEIS EM PADR\u00c3O XML DO SISTEMA AUDESP (AUDITORIA DO TRIBUNAL DE CONTAS DO ESTADO DE S\u00c3O PAULO) DOS \u00d3RG\u00c3OS DA ADMINISTRA\u00c7\u00c3O DIRETA E INDIRETA, VISANDO A DISPONIBILIZA\u00c7\u00c3O DE INFORMA\u00c7\u00d5ES PADRONIZADAS QUE GARANTAM A PRESTA\u00c7\u00c3O DE CONTAS \u00c0S \u00d3RG\u00c3OS DE CONTROLE EXTERNO DA UNI\u00c3O E DO ESTADO, AL\u00c9M DE GERA\u00c7\u00c3O DE RELAT\u00d3RIOS E DEMONSTRATIVOS T\u00c9CNICOS QUE PERMITAM O ACOMPANHAMENTO DAS METAS FISCAIS E INDICADORES DE GEST\u00c3O FISCAL DOS \u00d3RG\u00c3OS P\u00daBLICOS<\/strong>, conforme especifica\u00e7\u00f5es constantes deste instrumento convocat\u00f3rio, e do que mais consta de seus anexos, que integram este Edital, que ser\u00e1 regida pela Lei Federal n\u00ba 10.520, de 17 de julho de 2002, Decreto Municipal n\u00ba 4928 de 04 de Junho de 2020, aplicando-se subsidiariamente, no que couberem, as disposi\u00e7\u00f5es contidas na Lei Federal n\u00ba 8.666, de 21 de junho de 1993, e demais normas regulamentares aplic\u00e1veis \u00e0 esp\u00e9cie.<\/p>\n<p>As propostas dever\u00e3o obedecer \u00e0s especifica\u00e7\u00f5es estabelecidas por este instrumento convocat\u00f3rio e seus anexos, que dele fazem parte integrante.<\/p>\n<p>Os envelopes contendo a proposta e os documentos de habilita\u00e7\u00e3o ser\u00e3o recebidos no endere\u00e7o acima mencionado, na sess\u00e3o p\u00fablica de processamento do Preg\u00e3o, ap\u00f3s o credenciamento dos interessados que se apresentarem para participar do certame.<\/p>\n<p>A sess\u00e3o de processamento do Preg\u00e3o ser\u00e1 realizada em depend\u00eancia pr\u00f3pria da Administra\u00e7\u00e3o P\u00fablica Municipal, localizada na Pra\u00e7a Coronel Orlando, n\u00ba 652 \u2013 centro, na cidade de Orl\u00e2ndia, Estado de S\u00e3o Paulo, iniciando-se no dia <strong>30\/09\/2021 \u00e0s 14h30m<\/strong> e ser\u00e1 conduzida por um dos Pregoeiros, com o aux\u00edlio da Equipe de Apoio, designados pelo Decreto n\u00ba 4.605, de 12 de janeiro de 2017, e altera\u00e7\u00f5es posteriores.<\/p>\n<p><a id=\"linkEdital\" href=\"https:\/\/www.orlandia.sp.gov.br\/novo\/wp-content\/uploads\/2021\/09\/EDITAL-PREG\u00c3O-145-2021-Contrata\u00e7\u00e3o-de-empresa-para-presta\u00e7\u00e3o-de-servi\u00e7os-de-gera\u00e7\u00e3o-e-manuten\u00e7\u00e3o-de-dados-para-presta\u00e7\u00e3o-de-contas.pdf\">Download Edital<\/a><\/p>\n<p><a href=\"https:\/\/www.orlandia.sp.gov.br\/novo\/wp-content\/uploads\/2021\/09\/PR-145-2021.pdf\">ATA PR 145-2021<\/a><\/p>\n","protected":false},"excerpt":{"rendered":"<p>PROCESSO n\u00b0 174\/2021<br \/>\nOBJETO:  CONTRATA\u00c7\u00c3O DE EMPRESA PARA PRESTA\u00c7\u00c3O DE SERVI\u00c7OS DE GERA\u00c7\u00c3O, REESTRUTURA\u00c7\u00c3O E MANUTEN\u00c7\u00c3O DE DADOS, ATRAV\u00c9S DE FERRAMENTA QUE PERMITE A CONSOLIDA\u00c7\u00c3O DOS BALANCETES CONT\u00c1BEIS EM PADR\u00c3O XML DO SISTEMA AUDESP (AUDITORIA DO TRIBUNAL DE CONTAS DO ESTADO DE S\u00c3O PAULO)  DOS \u00d3RG\u00c3OS DA ADMINISTRA\u00c7\u00c3O DIRETA E INDIRETA, VISANDO A DISPONIBILIZA\u00c7\u00c3O DE INFORMA\u00c7\u00d5ES PADRONIZADAS QUE GARANTAM A PRESTA\u00c7\u00c3O DE CONTAS \u00c0S \u00d3RG\u00c3OS DE CONTROLE EXTERNO DA UNI\u00c3O E DO ESTADO, AL\u00c9M DE GERA\u00c7\u00c3O DE RELAT\u00d3RIOS E DEMONSTRATIVOS T\u00c9CNICOS QUE PERMITAM O ACOMPANHAMENTO DAS METAS FISCAIS E INDICADORES DE GEST\u00c3O FISCAL DOS \u00d3RG\u00c3OS P\u00daBLICOS.<br \/>\nDATA DA REALIZA\u00c7\u00c3O: 30\/09\/2021<br \/>\nHOR\u00c1RIO: 14h30m<br \/>\nLOCAL: Pra\u00e7a Coronel Orlando n\u00ba 652, centro.<\/p>\n","protected":false},"author":10,"featured_media":0,"comment_status":"open","ping_status":"open","sticky":false,"template":"","format":"standard","meta":{"ngg_post_thumbnail":0,"footnotes":""},"categories":[42],"tags":[],"magazineBlocksPostFeaturedMedia":{"thumbnail":false,"medium":false,"medium_large":false,"large":false,"1536x1536":false,"2048x2048":false,"colormag-highlighted-post":false,"colormag-featured-post-medium":false,"colormag-featured-post-small":false,"colormag-featured-image":false,"colormag-default-news":false,"colormag-featured-image-large":false},"magazineBlocksPostAuthor":{"name":"Licita\u00e7\u00e3o","avatar":"https:\/\/secure.gravatar.com\/avatar\/510039dcf0c0f298820adcefb2dc032d?s=96&d=mm&r=g"},"magazineBlocksPostCommentsNumber":false,"magazineBlocksPostExcerpt":"PROCESSO n\u00b0 174\/2021\r\nOBJETO:  CONTRATA\u00c7\u00c3O DE EMPRESA PARA PRESTA\u00c7\u00c3O DE SERVI\u00c7OS DE GERA\u00c7\u00c3O, REESTRUTURA\u00c7\u00c3O E MANUTEN\u00c7\u00c3O DE DADOS, ATRAV\u00c9S DE FERRAMENTA QUE PERMITE A CONSOLIDA\u00c7\u00c3O DOS BALANCETES CONT\u00c1BEIS EM PADR\u00c3O XML DO SISTEMA AUDESP (AUDITORIA DO TRIBUNAL DE CONTAS DO ESTADO DE S\u00c3O PAULO)  DOS \u00d3RG\u00c3OS DA ADMINISTRA\u00c7\u00c3O DIRETA E INDIRETA, VISANDO A DISPONIBILIZA\u00c7\u00c3O DE INFORMA\u00c7\u00d5ES PADRONIZADAS QUE GARANTAM A PRESTA\u00c7\u00c3O DE CONTAS \u00c0S \u00d3RG\u00c3OS DE CONTROLE EXTERNO DA UNI\u00c3O E DO ESTADO, AL\u00c9M DE GERA\u00c7\u00c3O DE RELAT\u00d3RIOS E DEMONSTRATIVOS T\u00c9CNICOS QUE PERMITAM O ACOMPANHAMENTO DAS METAS FISCAIS E INDICADORES DE GEST\u00c3O FISCAL DOS \u00d3RG\u00c3OS P\u00daBLICOS.\r\nDATA DA REALIZA\u00c7\u00c3O: 30\/09\/2021\r\nHOR\u00c1RIO: 14h30m\r\nLOCAL: Pra\u00e7a Coronel Orlando n\u00ba 652, centro.","magazineBlocksPostCategories":["Preg\u00e3o Presencial"],"magazine_blocks_featured_image_url":{"full":false,"medium":false,"thumbnail":false},"magazine_blocks_author":{"display_name":"Licita\u00e7\u00e3o","author_link":"https:\/\/www.orlandia.sp.gov.br\/novo\/author\/licitacao"},"magazine_blocks_comment":0,"magazine_blocks_author_image":"https:\/\/secure.gravatar.com\/avatar\/510039dcf0c0f298820adcefb2dc032d?s=96&d=mm&r=g","magazine_blocks_category":"<a href=\"https:\/\/www.orlandia.sp.gov.br\/novo\/category\/publicacoes\/pregao-presencial\" rel=\"category tag\">Preg\u00e3o Presencial<\/a>","_links":{"self":[{"href":"https:\/\/www.orlandia.sp.gov.br\/novo\/wp-json\/wp\/v2\/posts\/20260"}],"collection":[{"href":"https:\/\/www.orlandia.sp.gov.br\/novo\/wp-json\/wp\/v2\/posts"}],"about":[{"href":"https:\/\/www.orlandia.sp.gov.br\/novo\/wp-json\/wp\/v2\/types\/post"}],"author":[{"embeddable":true,"href":"https:\/\/www.orlandia.sp.gov.br\/novo\/wp-json\/wp\/v2\/users\/10"}],"replies":[{"embeddable":true,"href":"https:\/\/www.orlandia.sp.gov.br\/novo\/wp-json\/wp\/v2\/comments?post=20260"}],"version-history":[{"count":5,"href":"https:\/\/www.orlandia.sp.gov.br\/novo\/wp-json\/wp\/v2\/posts\/20260\/revisions"}],"predecessor-version":[{"id":20435,"href":"https:\/\/www.orlandia.sp.gov.br\/novo\/wp-json\/wp\/v2\/posts\/20260\/revisions\/20435"}],"wp:attachment":[{"href":"https:\/\/www.orlandia.sp.gov.br\/novo\/wp-json\/wp\/v2\/media?parent=20260"}],"wp:term":[{"taxonomy":"category","embeddable":true,"href":"https:\/\/www.orlandia.sp.gov.br\/novo\/wp-json\/wp\/v2\/categories?post=20260"},{"taxonomy":"post_tag","embeddable":true,"href":"https:\/\/www.orlandia.sp.gov.br\/novo\/wp-json\/wp\/v2\/tags?post=20260"}],"curies":[{"name":"wp","href":"https:\/\/api.w.org\/{rel}","templated":true}]}}