{"id":18136,"date":"2021-03-22T10:30:09","date_gmt":"2021-03-22T13:30:09","guid":{"rendered":"https:\/\/www.orlandia.sp.gov.br\/novo\/?p=18136"},"modified":"2021-04-15T15:11:03","modified_gmt":"2021-04-15T18:11:03","slug":"pregao-presencial-442021","status":"publish","type":"post","link":"https:\/\/www.orlandia.sp.gov.br\/novo\/publicacoes\/pregao-presencial\/pregao-presencial-442021","title":{"rendered":"PREG\u00c3O PRESENCIAL 44\/2021"},"content":{"rendered":"<p>O MUNIC\u00cdPIO DE ORL\u00c2NDIA, pessoa jur\u00eddica de direito p\u00fablico interno, com sede na\u00a0cidade de Orl\u00e2ndia, Estado de S\u00e3o Paulo, na Pra\u00e7a Coronel Orlando n\u00ba 600, centro, CEP 14620-000, telefone (16) 3820-8000, inscrita no CNPJ\/MF sob n\u00ba 45.351.749\/0001\u201311, inscrita na I.E\u00a0491.040.101.110, por determina\u00e7\u00e3o do Excelent\u00edssimo Prefeito Municipal, senhor S\u00c9RGIO\u00a0AUGUSTO BORDIN JUNIOR, torna p\u00fablico que se acha aberta\u00a0a licita\u00e7\u00e3o na modalidade\u00a0PREG\u00c3O \u2013 PRESENCIAL, do tipo MENOR VALOR UNIT\u00c1RIO \u2013 Processo n\u00ba 49\/2021,\u00a0objetivando o <strong>REGISTRO DE PRE\u00c7OS PARA EVENTUAL E FUTURA AQUISI\u00c7\u00c3O\u00a0DE G\u00caNEROS ALIMENT\u00cdCIOS (CAF\u00c9 E CH\u00c1 MATE) PARA SEREM UTILIZADOS\u00a0POR DIVERSAS SECRETARIAS DA ADMINISTRA\u00c7\u00c3O MUNICIPAL<\/strong>, que ser\u00e1 regida\u00a0pela Lei Federal n\u00ba 10.520, de 17 de julho de 2002, pelo Decreto Municipal 4.928, de 04 de\u00a0Junho de 2020, aplicando-se subsidiariamente, no que couberem, as disposi\u00e7\u00f5es contidas na Lei\u00a0Federal n\u00ba 8.666, de 21 de junho de 1993, e demais normas regulamentares aplic\u00e1veis \u00e0 esp\u00e9cie.<br \/>\nAs propostas dever\u00e3o obedecer \u00e0s especifica\u00e7\u00f5es estabelecidas por este instrumento\u00a0convocat\u00f3rio e seus anexos, que dele fazem parte integrante.<br \/>\nOs envelopes contendo a proposta e os documentos de habilita\u00e7\u00e3o ser\u00e3o recebidos no endere\u00e7o\u00a0acima mencionado, na sess\u00e3o p\u00fablica de processamento do Preg\u00e3o, ap\u00f3s o credenciamento dos\u00a0interessados que se apresentarem para participar do certame.<\/p>\n<p><a id=\"linkEdital\"onclick=\"validaDownload();\"onmouseover=\"carrega();\"href=\"https:\/\/www.orlandia.sp.gov.br\/novo\/wp-content\/uploads\/2021\/03\/EDITAL-PREG\u00c3O-44-2021-Registro-de-pre\u00e7os-para-aquisi\u00e7\u00e3o-de-caf\u00e9-e-ch\u00e1-para-diversas-secretarias.pdf\">Download Edital<\/a><\/p>\n<p><a href=\"https:\/\/www.orlandia.sp.gov.br\/novo\/wp-content\/uploads\/2021\/03\/PR-044-2021.pdf\">Ata Preg\u00e3o 44-2021<\/a><\/p>\n","protected":false},"excerpt":{"rendered":"<p>PROCESSO n\u00b0 49\/2021<br \/>\nOBJETO: REGISTRO DE PRE\u00c7OS PARA EVENTUAL E FUTURA AQUISI\u00c7\u00c3O DE G\u00caNEROS ALIMENT\u00cdCIOS (CAF\u00c9 E CH\u00c1 MATE) PARA SEREM UTILIZADOS POR DIVERSAS SECRETARIAS DA ADMINISTRA\u00c7\u00c3O MUNICIPAL.<br \/>\nDATA DA REALIZA\u00c7\u00c3O: 12\/04\/2021<br \/>\nHOR\u00c1RIO: 09:00 horas<br \/>\nLOCAL: Pra\u00e7a Coronel Orlando n\u00ba 652, centro.<\/p>\n","protected":false},"author":10,"featured_media":0,"comment_status":"open","ping_status":"open","sticky":false,"template":"","format":"standard","meta":{"ngg_post_thumbnail":0,"footnotes":""},"categories":[42],"tags":[],"magazineBlocksPostFeaturedMedia":{"thumbnail":false,"medium":false,"medium_large":false,"large":false,"1536x1536":false,"2048x2048":false,"colormag-highlighted-post":false,"colormag-featured-post-medium":false,"colormag-featured-post-small":false,"colormag-featured-image":false,"colormag-default-news":false,"colormag-featured-image-large":false},"magazineBlocksPostAuthor":{"name":"Licita\u00e7\u00e3o","avatar":"https:\/\/secure.gravatar.com\/avatar\/510039dcf0c0f298820adcefb2dc032d?s=96&d=mm&r=g"},"magazineBlocksPostCommentsNumber":false,"magazineBlocksPostExcerpt":"PROCESSO n\u00b0 49\/2021\r\nOBJETO: REGISTRO DE PRE\u00c7OS PARA EVENTUAL E FUTURA AQUISI\u00c7\u00c3O DE G\u00caNEROS ALIMENT\u00cdCIOS (CAF\u00c9 E CH\u00c1 MATE) PARA SEREM UTILIZADOS POR DIVERSAS SECRETARIAS DA ADMINISTRA\u00c7\u00c3O MUNICIPAL. \r\nDATA DA REALIZA\u00c7\u00c3O: 12\/04\/2021\r\nHOR\u00c1RIO: 09:00 horas\r\nLOCAL: Pra\u00e7a Coronel Orlando n\u00ba 652, centro.","magazineBlocksPostCategories":["Preg\u00e3o Presencial"],"magazine_blocks_featured_image_url":{"full":false,"medium":false,"thumbnail":false},"magazine_blocks_author":{"display_name":"Licita\u00e7\u00e3o","author_link":"https:\/\/www.orlandia.sp.gov.br\/novo\/author\/licitacao"},"magazine_blocks_comment":0,"magazine_blocks_author_image":"https:\/\/secure.gravatar.com\/avatar\/510039dcf0c0f298820adcefb2dc032d?s=96&d=mm&r=g","magazine_blocks_category":"<a href=\"https:\/\/www.orlandia.sp.gov.br\/novo\/category\/publicacoes\/pregao-presencial\" rel=\"category tag\">Preg\u00e3o Presencial<\/a>","_links":{"self":[{"href":"https:\/\/www.orlandia.sp.gov.br\/novo\/wp-json\/wp\/v2\/posts\/18136"}],"collection":[{"href":"https:\/\/www.orlandia.sp.gov.br\/novo\/wp-json\/wp\/v2\/posts"}],"about":[{"href":"https:\/\/www.orlandia.sp.gov.br\/novo\/wp-json\/wp\/v2\/types\/post"}],"author":[{"embeddable":true,"href":"https:\/\/www.orlandia.sp.gov.br\/novo\/wp-json\/wp\/v2\/users\/10"}],"replies":[{"embeddable":true,"href":"https:\/\/www.orlandia.sp.gov.br\/novo\/wp-json\/wp\/v2\/comments?post=18136"}],"version-history":[{"count":6,"href":"https:\/\/www.orlandia.sp.gov.br\/novo\/wp-json\/wp\/v2\/posts\/18136\/revisions"}],"predecessor-version":[{"id":18385,"href":"https:\/\/www.orlandia.sp.gov.br\/novo\/wp-json\/wp\/v2\/posts\/18136\/revisions\/18385"}],"wp:attachment":[{"href":"https:\/\/www.orlandia.sp.gov.br\/novo\/wp-json\/wp\/v2\/media?parent=18136"}],"wp:term":[{"taxonomy":"category","embeddable":true,"href":"https:\/\/www.orlandia.sp.gov.br\/novo\/wp-json\/wp\/v2\/categories?post=18136"},{"taxonomy":"post_tag","embeddable":true,"href":"https:\/\/www.orlandia.sp.gov.br\/novo\/wp-json\/wp\/v2\/tags?post=18136"}],"curies":[{"name":"wp","href":"https:\/\/api.w.org\/{rel}","templated":true}]}}