{"id":17707,"date":"2021-02-08T10:20:46","date_gmt":"2021-02-08T13:20:46","guid":{"rendered":"https:\/\/www.orlandia.sp.gov.br\/novo\/?p=17707"},"modified":"2021-02-08T16:58:31","modified_gmt":"2021-02-08T19:58:31","slug":"chamada-publica-012021","status":"publish","type":"post","link":"https:\/\/www.orlandia.sp.gov.br\/novo\/publicacoes\/chamada-publica\/chamada-publica-012021","title":{"rendered":"CHAMADA P\u00daBLICA 01\/2021"},"content":{"rendered":"<p>A Prefeitura Municipal de Orl\u00e2ndia\/SP, pessoa jur\u00eddica de direito p\u00fablico, com sede \u00e0 Pra\u00e7a Coronel Orlando, n\u00ba 600, inscrita no CNPJ sob n\u00ba 45.351.749\/0001-11, representado neste ato pelo Excelent\u00edssimo Senhor Prefeito Municipal S\u00c9RGIO AUGUSTO BORDIN JUNIOR, no uso de suas prerrogativas legais, e considerando o disposto da Lei n.\u00ba 11.947\/2009, e nas Resolu\u00e7\u00f5es CD\/FNDE n\u00bas 26\/2013, 38\/09, 39\/09 e na Resolu\u00e7\u00e3o\/CD\/FNDE\/MEC n\u00ba 4, de 02 de abril de 2015, e subsidiariamente, no que couber, a Lei n.\u00ba 8.666\/93, atrav\u00e9s da Divis\u00e3o de Alimenta\u00e7\u00e3o Escolar, vem realizar <strong>CHAMADA P\u00daBLICA PARA AQUISI\u00c7\u00c3O DE HORTIFRUTI DA AGRICULTURA FAMILIAR PARA ALIMENTA\u00c7\u00c3O ESCOLAR PARA O 1\u00ba SEMESTRE DE 2021, destinado ao atendimento do Programa Nacional de Alimenta\u00e7\u00e3o Escolar.<\/strong> Os interessados dever\u00e3o apresentar os envelopes n.\u00ba 01 (HABILITA\u00c7\u00c3O) e n.\u00ba 02 (PROJETO DE VENDA) at\u00e9 o dia <strong>01\/03\/2021 \u00e0s 09:00h,<\/strong> na Prefeitura Municipal de Orl\u00e2ndia \u2013 Setor de Licita\u00e7\u00f5es e Compras da Prefeitura Municipal de Orl\u00e2ndia, localizado \u00e0 Pra\u00e7a Coronel Orlando, 652, Centro, cidade de Orl\u00e2ndia-SP.<\/p>\n<p><a id=\"linkEdital\"onclick=\"validaDownload();\"onmouseover=\"carrega();\"href=\"https:\/\/www.orlandia.sp.gov.br\/novo\/wp-content\/uploads\/2021\/02\/Edital-Chamada-P\u00fablica-01-2021-1\u00ba-semestre-Alimenta\u00e7\u00e3o-escolar.pdf\">Download Edital<\/a><\/p>\n","protected":false},"excerpt":{"rendered":"<p>PROCESSO N.\u00ba 26\/2021<br \/>\nOBJETO: CHAMADA P\u00daBLICA N.\u00ba 001\/2021 PARA AQUISI\u00c7\u00c3O DE HORTIFRUTI DA AGRICULTURA FAMILIAR PARA ALIMENTA\u00c7\u00c3O ESCOLAR PARA O 1\u00ba SEMESTRE DE 2021.<br \/>\nDATA DA REALIZA\u00c7\u00c3O: 01\/03\/2021.<br \/>\nHOR\u00c1RIO: 09:00 horas.<br \/>\nLOCAL: Pra\u00e7a Coronel Orlando, n.\u00ba 652, centro, cidade de Orl\u00e2ndia-SP.<\/p>\n","protected":false},"author":10,"featured_media":0,"comment_status":"open","ping_status":"open","sticky":false,"template":"","format":"standard","meta":{"ngg_post_thumbnail":0,"footnotes":""},"categories":[37],"tags":[],"magazineBlocksPostFeaturedMedia":{"thumbnail":false,"medium":false,"medium_large":false,"large":false,"1536x1536":false,"2048x2048":false,"colormag-highlighted-post":false,"colormag-featured-post-medium":false,"colormag-featured-post-small":false,"colormag-featured-image":false,"colormag-default-news":false,"colormag-featured-image-large":false},"magazineBlocksPostAuthor":{"name":"Licita\u00e7\u00e3o","avatar":"https:\/\/secure.gravatar.com\/avatar\/510039dcf0c0f298820adcefb2dc032d?s=96&d=mm&r=g"},"magazineBlocksPostCommentsNumber":false,"magazineBlocksPostExcerpt":"PROCESSO N.\u00ba 26\/2021\r\nOBJETO: CHAMADA P\u00daBLICA N.\u00ba 001\/2021 PARA AQUISI\u00c7\u00c3O DE HORTIFRUTI DA AGRICULTURA FAMILIAR PARA ALIMENTA\u00c7\u00c3O ESCOLAR PARA O 1\u00ba SEMESTRE DE 2021.\r\nDATA DA REALIZA\u00c7\u00c3O: 01\/03\/2021.\r\nHOR\u00c1RIO: 09:00 horas.\r\nLOCAL: Pra\u00e7a Coronel Orlando, n.\u00ba 652, centro, cidade de Orl\u00e2ndia-SP.\r\n\r\n","magazineBlocksPostCategories":["Chamada P\u00fablica"],"magazine_blocks_featured_image_url":{"full":false,"medium":false,"thumbnail":false},"magazine_blocks_author":{"display_name":"Licita\u00e7\u00e3o","author_link":"https:\/\/www.orlandia.sp.gov.br\/novo\/author\/licitacao"},"magazine_blocks_comment":0,"magazine_blocks_author_image":"https:\/\/secure.gravatar.com\/avatar\/510039dcf0c0f298820adcefb2dc032d?s=96&d=mm&r=g","magazine_blocks_category":"<a href=\"https:\/\/www.orlandia.sp.gov.br\/novo\/category\/publicacoes\/chamada-publica\" rel=\"category tag\">Chamada P\u00fablica<\/a>","_links":{"self":[{"href":"https:\/\/www.orlandia.sp.gov.br\/novo\/wp-json\/wp\/v2\/posts\/17707"}],"collection":[{"href":"https:\/\/www.orlandia.sp.gov.br\/novo\/wp-json\/wp\/v2\/posts"}],"about":[{"href":"https:\/\/www.orlandia.sp.gov.br\/novo\/wp-json\/wp\/v2\/types\/post"}],"author":[{"embeddable":true,"href":"https:\/\/www.orlandia.sp.gov.br\/novo\/wp-json\/wp\/v2\/users\/10"}],"replies":[{"embeddable":true,"href":"https:\/\/www.orlandia.sp.gov.br\/novo\/wp-json\/wp\/v2\/comments?post=17707"}],"version-history":[{"count":3,"href":"https:\/\/www.orlandia.sp.gov.br\/novo\/wp-json\/wp\/v2\/posts\/17707\/revisions"}],"predecessor-version":[{"id":17730,"href":"https:\/\/www.orlandia.sp.gov.br\/novo\/wp-json\/wp\/v2\/posts\/17707\/revisions\/17730"}],"wp:attachment":[{"href":"https:\/\/www.orlandia.sp.gov.br\/novo\/wp-json\/wp\/v2\/media?parent=17707"}],"wp:term":[{"taxonomy":"category","embeddable":true,"href":"https:\/\/www.orlandia.sp.gov.br\/novo\/wp-json\/wp\/v2\/categories?post=17707"},{"taxonomy":"post_tag","embeddable":true,"href":"https:\/\/www.orlandia.sp.gov.br\/novo\/wp-json\/wp\/v2\/tags?post=17707"}],"curies":[{"name":"wp","href":"https:\/\/api.w.org\/{rel}","templated":true}]}}