{"id":17571,"date":"2021-02-01T15:19:01","date_gmt":"2021-02-01T18:19:01","guid":{"rendered":"https:\/\/www.orlandia.sp.gov.br\/novo\/?p=17571"},"modified":"2021-04-08T15:27:35","modified_gmt":"2021-04-08T18:27:35","slug":"tomada-de-precos-012021","status":"publish","type":"post","link":"https:\/\/www.orlandia.sp.gov.br\/novo\/publicacoes\/tomada-de-preco\/tomada-de-precos-012021","title":{"rendered":"TOMADA DE PRE\u00c7OS 01\/2021 (NOVO EDITAL &#8211; ATUALIZADO EM 19\/02\/2021)"},"content":{"rendered":"<p>A PREFEITURA MUNICIPAL DE ORL\u00c2NDIA, do Estado de S\u00e3o Paulo, inscrita no CNPJ\/MF sob o n\u00ba 45.351.749\/0001\u201311, inscrita na I.E n\u00ba 491.040.101.110, por determina\u00e7\u00e3o do Excelent\u00edssimo Senhor Prefeito Municipal senhor S\u00c9RGIO AUGUSTO BORDIN JUNIOR, no uso de suas atribui\u00e7\u00f5es legais, faz p\u00fablico que se acha aberta a TOMADA DE PRE\u00c7OS N\u00ba 01\/2021, tipo MENOR PRE\u00c7O GLOBAL, que tem por objeto <strong>CONTRATA\u00c7\u00c3O DE EMPRESA ESPECIALIZADA\u00a0EM ENGENHARIA PARA EXECU\u00c7\u00c3O DA OBRA DE REVITALIZA\u00c7\u00c3O DO PARQUE INFANTIL \u201cSITIO DO PICA-PAU AMARELO\u201d LOCALIZADO NO PARQUE MUNICIPAL \u201cCYRO ARMANDO CATTA PRETA\u201d NO MUNIC\u00cdPIO DE ORL\u00c2NDIA,<\/strong> que ser\u00e1 procedida e julgada de acordo com os princ\u00edpios e normas gerais estabelecidas pela Lei Federal n\u00ba 8.666, de 21 de junho de 1993, Decreto Municipal n.\u00ba 4.928, de 04.06.2020, bem como pelas disposi\u00e7\u00f5es deste edital.<\/p>\n<p>O futuro contrato a ser assinado nos presentes autos reger-se-\u00e1 pelas disposi\u00e7\u00f5es legais contidas na Lei Federal n.\u00ba 8.666\/93, na Lei Org\u00e2nica do Munic\u00edpio de Orl\u00e2ndia, Decreto Municipal n.\u00ba 4.928, de 04.06.2020, Conv\u00eanio 291\/20191 e demais normas legais pertinentes \u00e0 mat\u00e9ria.<\/p>\n<p><a id=\"linkEdital\"onclick=\"validaDownload();\"onmouseover=\"carrega();\"href=\"https:\/\/www.orlandia.sp.gov.br\/novo\/wp-content\/uploads\/2021\/02\/TOMADA-DE-PRE\u00c7OS-01-2021-Contrata\u00e7\u00e3o-de-empresa-para-revitaliza\u00e7\u00e3o-do-parque-S\u00edtio-do-Pica-Pau-Amarelo-Gruta-1.pdf\">Download Edital <\/a><\/p>\n<p><a href=\"https:\/\/www.orlandia.sp.gov.br\/novo\/wp-content\/uploads\/2021\/02\/Bebedouro-Tanque.pdf\">Bebedouro Tanque<\/a><br \/>\n<a href=\"https:\/\/www.orlandia.sp.gov.br\/novo\/wp-content\/uploads\/2021\/02\/Casa-an\u00e3o.pdf\">Casa an\u00e3o<\/a><br \/>\n<a href=\"https:\/\/www.orlandia.sp.gov.br\/novo\/wp-content\/uploads\/2021\/02\/Cronograma-Fisico-Financeiro.pdf\">Cronograma Fisico-Financeiro<\/a><br \/>\n<a href=\"https:\/\/www.orlandia.sp.gov.br\/novo\/wp-content\/uploads\/2021\/02\/pergolado.pdf\">pergolado<\/a><br \/>\n<a href=\"https:\/\/www.orlandia.sp.gov.br\/novo\/wp-content\/uploads\/2021\/02\/Projeto-de-Pintura.pdf\">Projeto de Pintura<\/a><br \/>\n<a href=\"https:\/\/www.orlandia.sp.gov.br\/novo\/wp-content\/uploads\/2021\/02\/Projeto-Executivo.pdf\">Projeto Executivo<\/a><br \/>\n<a href=\"https:\/\/www.orlandia.sp.gov.br\/novo\/wp-content\/uploads\/2021\/02\/Rampa.pdf\">Rampa<\/a><br \/>\n<a href=\"https:\/\/www.orlandia.sp.gov.br\/novo\/wp-content\/uploads\/2021\/02\/Relat\u00f3rio-fotogr\u00e1fico.pdf\">Relat\u00f3rio fotogr\u00e1fico<\/a><br \/>\n<a href=\"https:\/\/www.orlandia.sp.gov.br\/novo\/wp-content\/uploads\/2021\/02\/Vesti\u00e1rio.pdf\">Vesti\u00e1rio<\/a><\/p>\n<p><a href=\"https:\/\/www.orlandia.sp.gov.br\/novo\/wp-content\/uploads\/2021\/02\/Esclarecimento-01-Tomada-de-Pre\u00e7os-01.2021.pdf\">Esclarecimento 01 &#8211; Tomada de Pre\u00e7os 01.2021<\/a><br \/>\n<a href=\"https:\/\/www.orlandia.sp.gov.br\/novo\/wp-content\/uploads\/2021\/02\/Esclarecimento-02-Tomada-de-Pre\u00e7os-01.2021.pdf\">Esclarecimento 02 &#8211; Tomada de Pre\u00e7os 01.2021<\/a><\/p>\n<p><a href=\"https:\/\/www.orlandia.sp.gov.br\/novo\/wp-content\/uploads\/2021\/02\/TP-01.2021-1.pdf\">Ata 01 Tomada de Pre\u00e7os 01\/2021<\/a><\/p>\n<p><a href=\"https:\/\/www.orlandia.sp.gov.br\/novo\/wp-content\/uploads\/2021\/02\/TP-01.2021-2.pdf\">Ata 02 Tomada de Pre\u00e7os 01.2021<\/a><\/p>\n<p><a href=\"https:\/\/www.orlandia.sp.gov.br\/novo\/wp-content\/uploads\/2021\/02\/TP-01-2021.pdf\">Ata Tomada de Pre\u00e7os 01-2021<\/a><\/p>\n","protected":false},"excerpt":{"rendered":"<p>PROCESSO n.\u00ba 22\/2021<br \/>\nOBJETO: CONTRATA\u00c7\u00c3O DE EMPRESA ESPECIALIZADA\u00a0EM ENGENHARIA PARA EXECU\u00c7\u00c3O DA OBRA DE REVITALIZA\u00c7\u00c3O DO PARQUE INFANTIL \u201cSITIO DO PICA-PAU AMARELO\u201d LOCALIZADO NO PARQUE MUNICIPAL \u201cCYRO ARMANDO CATTA PRETA\u201d NO MUNIC\u00cdPIO DE ORL\u00c2NDIA.<br \/>\nDATA DA REALIZA\u00c7\u00c3O: 08\/03\/2021.<br \/>\nHOR\u00c1RIO: 14:30 horas.<br \/>\nLocal: Pra\u00e7a Coronel Orlando, 652, centro. <\/p>\n","protected":false},"author":10,"featured_media":0,"comment_status":"open","ping_status":"open","sticky":false,"template":"","format":"standard","meta":{"ngg_post_thumbnail":0,"footnotes":""},"categories":[44],"tags":[],"magazineBlocksPostFeaturedMedia":{"thumbnail":false,"medium":false,"medium_large":false,"large":false,"1536x1536":false,"2048x2048":false,"colormag-highlighted-post":false,"colormag-featured-post-medium":false,"colormag-featured-post-small":false,"colormag-featured-image":false,"colormag-default-news":false,"colormag-featured-image-large":false},"magazineBlocksPostAuthor":{"name":"Licita\u00e7\u00e3o","avatar":"https:\/\/secure.gravatar.com\/avatar\/510039dcf0c0f298820adcefb2dc032d?s=96&d=mm&r=g"},"magazineBlocksPostCommentsNumber":false,"magazineBlocksPostExcerpt":"PROCESSO n.\u00ba 22\/2021\r\nOBJETO: CONTRATA\u00c7\u00c3O DE EMPRESA ESPECIALIZADA\u00a0EM ENGENHARIA PARA EXECU\u00c7\u00c3O DA OBRA DE REVITALIZA\u00c7\u00c3O DO PARQUE INFANTIL \u201cSITIO DO PICA-PAU AMARELO\u201d LOCALIZADO NO PARQUE MUNICIPAL \u201cCYRO ARMANDO CATTA PRETA\u201d NO MUNIC\u00cdPIO DE ORL\u00c2NDIA.\r\nDATA DA REALIZA\u00c7\u00c3O: 08\/03\/2021. \r\nHOR\u00c1RIO: 14:30 horas.\r\nLocal: Pra\u00e7a Coronel Orlando, 652, centro. ","magazineBlocksPostCategories":["Tomada de Pre\u00e7o"],"magazine_blocks_featured_image_url":{"full":false,"medium":false,"thumbnail":false},"magazine_blocks_author":{"display_name":"Licita\u00e7\u00e3o","author_link":"https:\/\/www.orlandia.sp.gov.br\/novo\/author\/licitacao"},"magazine_blocks_comment":0,"magazine_blocks_author_image":"https:\/\/secure.gravatar.com\/avatar\/510039dcf0c0f298820adcefb2dc032d?s=96&d=mm&r=g","magazine_blocks_category":"<a href=\"https:\/\/www.orlandia.sp.gov.br\/novo\/category\/publicacoes\/tomada-de-preco\" rel=\"category tag\">Tomada de Pre\u00e7o<\/a>","_links":{"self":[{"href":"https:\/\/www.orlandia.sp.gov.br\/novo\/wp-json\/wp\/v2\/posts\/17571"}],"collection":[{"href":"https:\/\/www.orlandia.sp.gov.br\/novo\/wp-json\/wp\/v2\/posts"}],"about":[{"href":"https:\/\/www.orlandia.sp.gov.br\/novo\/wp-json\/wp\/v2\/types\/post"}],"author":[{"embeddable":true,"href":"https:\/\/www.orlandia.sp.gov.br\/novo\/wp-json\/wp\/v2\/users\/10"}],"replies":[{"embeddable":true,"href":"https:\/\/www.orlandia.sp.gov.br\/novo\/wp-json\/wp\/v2\/comments?post=17571"}],"version-history":[{"count":11,"href":"https:\/\/www.orlandia.sp.gov.br\/novo\/wp-json\/wp\/v2\/posts\/17571\/revisions"}],"predecessor-version":[{"id":18296,"href":"https:\/\/www.orlandia.sp.gov.br\/novo\/wp-json\/wp\/v2\/posts\/17571\/revisions\/18296"}],"wp:attachment":[{"href":"https:\/\/www.orlandia.sp.gov.br\/novo\/wp-json\/wp\/v2\/media?parent=17571"}],"wp:term":[{"taxonomy":"category","embeddable":true,"href":"https:\/\/www.orlandia.sp.gov.br\/novo\/wp-json\/wp\/v2\/categories?post=17571"},{"taxonomy":"post_tag","embeddable":true,"href":"https:\/\/www.orlandia.sp.gov.br\/novo\/wp-json\/wp\/v2\/tags?post=17571"}],"curies":[{"name":"wp","href":"https:\/\/api.w.org\/{rel}","templated":true}]}}