{"id":17425,"date":"2021-01-22T09:29:37","date_gmt":"2021-01-22T12:29:37","guid":{"rendered":"https:\/\/www.orlandia.sp.gov.br\/novo\/?p=17425"},"modified":"2021-02-23T08:17:36","modified_gmt":"2021-02-23T11:17:36","slug":"pregao-presencial-052021","status":"publish","type":"post","link":"https:\/\/www.orlandia.sp.gov.br\/novo\/publicacoes\/pregao-presencial\/pregao-presencial-052021","title":{"rendered":"PREG\u00c3O PRESENCIAL 05\/2021"},"content":{"rendered":"<p>O MUNIC\u00cdPIO DE ORL\u00c2NDIA, pessoa jur\u00eddica de direito p\u00fablico interno, com sede na cidade de Orl\u00e2ndia, Estado de S\u00e3o Paulo, na Pra\u00e7a Coronel Orlando n\u00ba 600, centro, CEP 14620-000, telefone (16) 3820-8000, inscrita no CNPJ\/MF sob n\u00ba 45.351.749\/0001\u201311, inscrita na I.E 491.040.101.110, por determina\u00e7\u00e3o do Excelent\u00edssimo Prefeito Municipal, senhor S\u00c9RGIO AUGUSTO BORDIN JUNIOR, torna p\u00fablico que se acha aberta \u00e0 licita\u00e7\u00e3o na modalidade PREG\u00c3O \u2013 PRESENCIAL, do tipo MENOR VALOR UNIT\u00c1RIO \u2013 Processo n\u00ba 05\/2021, objetivando o<strong> REGISTRO DE PRE\u00c7OS PARA AQUISI\u00c7\u00c3O DE CESTAS B\u00c1SICAS PARA ATENDIMENTO EVENTUAL AS FAM\u00cdLIAS CADASTRADAS NA SECRETARIA DE ASSIST\u00caNCIA E DESENVOLVIMENTO SOCIAL<\/strong>, que ser\u00e1 regida pela Lei Federal n\u00ba 10.520, de 17 de julho de 2002, Decreto Municipal n.\u00ba 4.928, de 04.06.2020, aplicando-se subsidiariamente, no que couberem, as disposi\u00e7\u00f5es contidas na Lei Federal n\u00ba 8.666, de 21 de junho de 1993, e demais normas regulamentares aplic\u00e1veis \u00e0 esp\u00e9cie.<br \/>\nAs propostas dever\u00e3o obedecer \u00e0s especifica\u00e7\u00f5es estabelecidas por este instrumento convocat\u00f3rio e seus anexos, que dele fazem parte integrante.<br \/>\nOs envelopes contendo a proposta e os documentos de habilita\u00e7\u00e3o ser\u00e3o recebidos no endere\u00e7o acima mencionado, na sess\u00e3o p\u00fablica de processamento do Preg\u00e3o, ap\u00f3s o credenciamento dos interessados que se apresentarem para participar do certame.<br \/>\n1. As amostras (exigidas t\u00e3o somente para as licitantes vencedoras) dever\u00e3o ser entregues no setor de Compras e Licita\u00e7\u00f5es, na Avenida 04, n\u00ba 652, Centro, do munic\u00edpio de Orl\u00e2ndia.<br \/>\n1.1 &#8211; As empresas licitantes declaradas Vencedoras dever\u00e3o apresentar as amostras de todos os itens na pr\u00f3pria sess\u00e3o, ap\u00f3s a fase de lances, conforme solicitado em descritivo de cada item, para verifica\u00e7\u00e3o de sua conformidade com o descritivo t\u00e9cnico do edital.<br \/>\n2. O licitante vencedor que n\u00e3o apresentar as amostras dentro do prazo determinado ser\u00e1 desclassificado quanto ao respectivo item.<\/p>\n<p>3. As amostras dever\u00e3o estar identificadas com data, assinatura e nome da empresa licitante. N\u00e3o ser\u00e3o avaliadas as amostras que n\u00e3o estiverem identificadas ou fora de sua embalagem original.<\/p>\n<p>4. TODOS OS PRODUTOS DEVER\u00c3O ESTAR DE ACORDO COM A LEGISLA\u00c7\u00c3O VIGENTE.<\/p>\n<p>5. As amostras poder\u00e3o ser apresentadas na menor embalagem unit\u00e1ria original, devidamente identificada, com r\u00f3tulo contendo registro do produto de acordo com a legisla\u00e7\u00e3o vigente. Dever\u00e3o, tamb\u00e9m, ser correspondentes ao produto entregue.<\/p>\n<p>6. An\u00e1lise da Amostra:<br \/>\n1. Para Alimentos<br \/>\n1.1 An\u00e1lise da Amostras<br \/>\n&#8211; Qualidade operacional: ser\u00e1 analisada a embalagem do produto.<br \/>\n&#8211; Ser\u00e1 realizada an\u00e1lise sensorial: caracter\u00edsticas organol\u00e9pticas (cor, odor, apar\u00eancia e textura) que devem ser pr\u00f3prias ao produto cru.<br \/>\n&#8211; Avalia\u00e7\u00e3o T\u00e9cnico-culin\u00e1ria: o produto ser\u00e1 preparado, sendo verificado tempo de coc\u00e7\u00e3o, consist\u00eancia\/textura, rendimento e an\u00e1lise sensorial do produto pronto.<\/p>\n<p>1.2 Rotulagem:<br \/>\n&#8211; O produto dever\u00e1 ser rotulado de acordo com a legisla\u00e7\u00e3o vigente.<br \/>\nNo r\u00f3tulo, a embalagem prim\u00e1ria e secund\u00e1ria dever\u00e1 estar impressa de forma clara e indel\u00e9vel, as seguintes informa\u00e7\u00f5es:<br \/>\n&#8211; Denomina\u00e7\u00e3o de venda do produto (Nome do produto e marca);<br \/>\n&#8211; Identifica\u00e7\u00e3o de Origem (nome e endere\u00e7o do fabricante, pais de origem\/dizeres \u201cind\u00fastria brasileira\u201d e, no caso do produto importado, nome ou raz\u00e3o social e endere\u00e7o do importador);<br \/>\n&#8211; Data de fabrica\u00e7\u00e3o ou data de validade ou data de vencimento e n\u00famero de lote;<br \/>\n&#8211; Lista de ingredientes (na embalagem prim\u00e1ria), inclusive os aditivos (fun\u00e7\u00e3o principal, nome completo ou n\u00famero INS), caso utilizados;<br \/>\n&#8211; Informa\u00e7\u00e3o Nutricional;<br \/>\n&#8211; Conte\u00fado (peso) l\u00edquido;<br \/>\n&#8211; N\u00famero de registro do produto no \u00f3rg\u00e3o competente, se houver.<\/p>\n<p>7. Em decorr\u00eancia da an\u00e1lise dos produtos as amostras n\u00e3o ser\u00e3o devolvidas, uma vez que ser\u00e3o retidas para a confronta\u00e7\u00e3o do material quando de sua entrega, assim como para posteriores an\u00e1lises pelos \u00d3rg\u00e3os de Controle Interno e Externo.<br \/>\nA sess\u00e3o de processamento do Preg\u00e3o ser\u00e1 realizada em depend\u00eancia pr\u00f3pria da Administra\u00e7\u00e3o P\u00fablica Municipal, localizada na Pra\u00e7a Coronel Orlando n\u00ba 652, centro, na cidade de Orl\u00e2ndia, Estado de S\u00e3o Paulo, iniciando-se no dia <strong>02\/02\/2021 \u00e0s 09:00 horas<\/strong> e ser\u00e1 conduzida por um dos Pregoeiros, com o aux\u00edlio da Equipe de Apoio, designados pelo Decreto n\u00ba 4.605, de 12 de janeiro de 2017 e altera\u00e7\u00f5es posteriores.<\/p>\n<p><a id=\"linkEdital\"onclick=\"validaDownload();\"onmouseover=\"carrega();\"href=\"https:\/\/www.orlandia.sp.gov.br\/novo\/wp-content\/uploads\/2021\/01\/EDITAL-PREG\u00c3O-05-2021-Registro-de-pre\u00e7os-para-aquisi\u00e7\u00e3o-de-cesta-basica-para-familias-cadastradas-na-Promo\u00e7\u00e3o-Social-Recuperado.pdf\">Download Edital<\/a><\/p>\n<p><a href=\"https:\/\/www.orlandia.sp.gov.br\/novo\/wp-content\/uploads\/2021\/01\/Resposta-01-PR-05.2021.pdf\">Resposta 01 PR 05.2021<\/a><\/p>\n<p><a href=\"https:\/\/www.orlandia.sp.gov.br\/novo\/wp-content\/uploads\/2021\/01\/Ata-Preg\u00e3o-05.2021.pdf\">Ata Preg\u00e3o 05.2021<\/a><\/p>\n<p><a href=\"https:\/\/www.orlandia.sp.gov.br\/novo\/wp-content\/uploads\/2021\/01\/Recurso-PR-05.2021.pdf\">Recurso PR 05.2021<\/a><\/p>\n","protected":false},"excerpt":{"rendered":"<p>PROCESSO n\u00b0 05\/2021<br \/>\n OBJETO: REGISTRO DE PRE\u00c7OS PARA AQUISI\u00c7\u00c3O DE CESTAS B\u00c1SICAS PARA ATENDIMENTO EVENTUAL AS FAM\u00cdLIAS CADASTRADAS NA SECRETARIA DE ASSIST\u00caNCIA E DESENVOLVIMENTO SOCIAL.<br \/>\nDATA DA REALIZA\u00c7\u00c3O: 02\/02\/2021<br \/>\nHOR\u00c1RIO: 09:00 horas<br \/>\nLOCAL: Pra\u00e7a Coronel Orlando n\u00ba 652, centro.<\/p>\n","protected":false},"author":10,"featured_media":0,"comment_status":"open","ping_status":"open","sticky":false,"template":"","format":"standard","meta":{"ngg_post_thumbnail":0,"footnotes":""},"categories":[42],"tags":[],"magazineBlocksPostFeaturedMedia":{"thumbnail":false,"medium":false,"medium_large":false,"large":false,"1536x1536":false,"2048x2048":false,"colormag-highlighted-post":false,"colormag-featured-post-medium":false,"colormag-featured-post-small":false,"colormag-featured-image":false,"colormag-default-news":false,"colormag-featured-image-large":false},"magazineBlocksPostAuthor":{"name":"Licita\u00e7\u00e3o","avatar":"https:\/\/secure.gravatar.com\/avatar\/510039dcf0c0f298820adcefb2dc032d?s=96&d=mm&r=g"},"magazineBlocksPostCommentsNumber":false,"magazineBlocksPostExcerpt":"PROCESSO n\u00b0 05\/2021\r\n OBJETO: REGISTRO DE PRE\u00c7OS PARA AQUISI\u00c7\u00c3O DE CESTAS B\u00c1SICAS PARA ATENDIMENTO EVENTUAL AS FAM\u00cdLIAS CADASTRADAS NA SECRETARIA DE ASSIST\u00caNCIA E DESENVOLVIMENTO SOCIAL.\r\nDATA DA REALIZA\u00c7\u00c3O: 02\/02\/2021\r\nHOR\u00c1RIO: 09:00 horas \r\nLOCAL: Pra\u00e7a Coronel Orlando n\u00ba 652, centro.","magazineBlocksPostCategories":["Preg\u00e3o Presencial"],"magazine_blocks_featured_image_url":{"full":false,"medium":false,"thumbnail":false},"magazine_blocks_author":{"display_name":"Licita\u00e7\u00e3o","author_link":"https:\/\/www.orlandia.sp.gov.br\/novo\/author\/licitacao"},"magazine_blocks_comment":0,"magazine_blocks_author_image":"https:\/\/secure.gravatar.com\/avatar\/510039dcf0c0f298820adcefb2dc032d?s=96&d=mm&r=g","magazine_blocks_category":"<a href=\"https:\/\/www.orlandia.sp.gov.br\/novo\/category\/publicacoes\/pregao-presencial\" rel=\"category tag\">Preg\u00e3o Presencial<\/a>","_links":{"self":[{"href":"https:\/\/www.orlandia.sp.gov.br\/novo\/wp-json\/wp\/v2\/posts\/17425"}],"collection":[{"href":"https:\/\/www.orlandia.sp.gov.br\/novo\/wp-json\/wp\/v2\/posts"}],"about":[{"href":"https:\/\/www.orlandia.sp.gov.br\/novo\/wp-json\/wp\/v2\/types\/post"}],"author":[{"embeddable":true,"href":"https:\/\/www.orlandia.sp.gov.br\/novo\/wp-json\/wp\/v2\/users\/10"}],"replies":[{"embeddable":true,"href":"https:\/\/www.orlandia.sp.gov.br\/novo\/wp-json\/wp\/v2\/comments?post=17425"}],"version-history":[{"count":4,"href":"https:\/\/www.orlandia.sp.gov.br\/novo\/wp-json\/wp\/v2\/posts\/17425\/revisions"}],"predecessor-version":[{"id":17909,"href":"https:\/\/www.orlandia.sp.gov.br\/novo\/wp-json\/wp\/v2\/posts\/17425\/revisions\/17909"}],"wp:attachment":[{"href":"https:\/\/www.orlandia.sp.gov.br\/novo\/wp-json\/wp\/v2\/media?parent=17425"}],"wp:term":[{"taxonomy":"category","embeddable":true,"href":"https:\/\/www.orlandia.sp.gov.br\/novo\/wp-json\/wp\/v2\/categories?post=17425"},{"taxonomy":"post_tag","embeddable":true,"href":"https:\/\/www.orlandia.sp.gov.br\/novo\/wp-json\/wp\/v2\/tags?post=17425"}],"curies":[{"name":"wp","href":"https:\/\/api.w.org\/{rel}","templated":true}]}}