{"id":17115,"date":"2020-12-07T17:03:42","date_gmt":"2020-12-07T20:03:42","guid":{"rendered":"https:\/\/www.orlandia.sp.gov.br\/novo\/?p=17115"},"modified":"2020-12-07T17:03:42","modified_gmt":"2020-12-07T20:03:42","slug":"pregao-presencial-1412020","status":"publish","type":"post","link":"https:\/\/www.orlandia.sp.gov.br\/novo\/publicacoes\/pregao-presencial\/pregao-presencial-1412020","title":{"rendered":"PREG\u00c3O PRESENCIAL 141\/2020"},"content":{"rendered":"<p>O MUNIC\u00cdPIO DE ORL\u00c2NDIA, pessoa jur\u00eddica de direito p\u00fablico interno, com sede na\u00a0cidade de Orl\u00e2ndia, Estado de S\u00e3o Paulo, na Pra\u00e7a Coronel Orlando n\u00ba 600, centro, CEP 14620-000, telefone (16) 3820-8000, inscrita no CNPJ\/MF sob n\u00ba 45.351.749\/0001\u201311, inscrita na I.E\u00a0491.040.101.110, por determina\u00e7\u00e3o do Excelent\u00edssimo Prefeito Municipal, SENHOR\u00a0S\u00c9RGIO AUGUSTO BORDIN JUNIOR, torna p\u00fablico que se acha aberta \u00e0 licita\u00e7\u00e3o na<br \/>\nmodalidade PREG\u00c3O \u2013 PRESENCIAL, do tipo MENOR PRE\u00c7O UNIT\u00c1RIO\u00a0(POR ITEM) \u2013 Processo n\u00ba 180\/2020, objetivando o<strong> REGISTRO DE PRE\u00c7OS PARA A\u00a0AQUISI\u00c7\u00c3O DE MEDICAMENTO PARA ATENDER A\u00c7\u00c3O JUDICIAL<\/strong>, que ser\u00e1 regida\u00a0pela Lei Federal n\u00ba 10.520, de 17 de julho de 2002, pelo Decreto Municipal 4.928, de 06 de\u00a0Junho de 2020, aplicando-se subsidiariamente, no que couberem, as disposi\u00e7\u00f5es contidas na Lei\u00a0Federal n\u00ba 8.666, de 21 de junho de 1993, e demais normas regulamentares aplic\u00e1veis \u00e0 esp\u00e9cie.<br \/>\nAs propostas dever\u00e3o obedecer \u00e0s especifica\u00e7\u00f5es estabelecidas por este instrumento\u00a0convocat\u00f3rio e seus anexos, que dele fazem parte integrante.<br \/>\nOs envelopes contendo a proposta e os documentos de habilita\u00e7\u00e3o ser\u00e3o recebidos no endere\u00e7o\u00a0acima mencionado, na sess\u00e3o p\u00fablica de processamento do Preg\u00e3o, ap\u00f3s o credenciamento dos\u00a0interessados que se apresentarem para participar do certame.<br \/>\nA sess\u00e3o de processamento do Preg\u00e3o ser\u00e1 realizada em depend\u00eancia pr\u00f3pria da Administra\u00e7\u00e3o\u00a0P\u00fablica Municipal, localizada na Pra\u00e7a Coronel Orlando n\u00ba 652, centro, na cidade de Orl\u00e2ndia,\u00a0Estado de S\u00e3o Paulo, iniciando-se no dia <strong>16\/12\/2020 \u00e0s 15h00min<\/strong> e ser\u00e1 conduzida por um\u00a0dos Pregoeiros, com o aux\u00edlio da Equipe de Apoio, designados pelo Decreto n\u00ba 4.605, de 12 de\u00a0janeiro de 2017, e suas altera\u00e7\u00f5es posteriores.<\/p>\n<p><a id=\"linkEdital\"onclick=\"validaDownload();\"onmouseover=\"carrega();\"href=\"https:\/\/www.orlandia.sp.gov.br\/novo\/wp-content\/uploads\/2020\/12\/EDITAL-PREG\u00c3O-141-2020-Registro-de-pre\u00e7os-para-aquisi\u00e7\u00e3o-de-medicamento-de-a\u00e7\u00e3o-judicial-Lenalidomida.pdf\">Download Edital<\/a><\/p>\n","protected":false},"excerpt":{"rendered":"<p>PROCESSO n\u00b0 180\/2020<br \/>\nOBJETO: REGISTRO DE PRE\u00c7OS PARA A AQUISI\u00c7\u00c3O DE MEDICAMENTO PARA ATENDER A\u00c7\u00c3O JUDICIAL.<br \/>\nDATA DA REALIZA\u00c7\u00c3O: 16\/12\/2020<br \/>\nHOR\u00c1RIO: 15h00min<br \/>\nLOCAL: Pra\u00e7a Coronel Orlando n\u00ba 652, centro.<\/p>\n","protected":false},"author":10,"featured_media":0,"comment_status":"open","ping_status":"open","sticky":false,"template":"","format":"standard","meta":{"ngg_post_thumbnail":0,"footnotes":""},"categories":[42],"tags":[],"magazineBlocksPostFeaturedMedia":{"thumbnail":false,"medium":false,"medium_large":false,"large":false,"1536x1536":false,"2048x2048":false,"colormag-highlighted-post":false,"colormag-featured-post-medium":false,"colormag-featured-post-small":false,"colormag-featured-image":false,"colormag-default-news":false,"colormag-featured-image-large":false},"magazineBlocksPostAuthor":{"name":"Licita\u00e7\u00e3o","avatar":"https:\/\/secure.gravatar.com\/avatar\/510039dcf0c0f298820adcefb2dc032d?s=96&d=mm&r=g"},"magazineBlocksPostCommentsNumber":false,"magazineBlocksPostExcerpt":"PROCESSO n\u00b0 180\/2020\r\nOBJETO: REGISTRO DE PRE\u00c7OS PARA A AQUISI\u00c7\u00c3O DE MEDICAMENTO PARA ATENDER A\u00c7\u00c3O JUDICIAL.\r\nDATA DA REALIZA\u00c7\u00c3O: 16\/12\/2020\r\nHOR\u00c1RIO: 15h00min\r\nLOCAL: Pra\u00e7a Coronel Orlando n\u00ba 652, centro.","magazineBlocksPostCategories":["Preg\u00e3o Presencial"],"magazine_blocks_featured_image_url":{"full":false,"medium":false,"thumbnail":false},"magazine_blocks_author":{"display_name":"Licita\u00e7\u00e3o","author_link":"https:\/\/www.orlandia.sp.gov.br\/novo\/author\/licitacao"},"magazine_blocks_comment":0,"magazine_blocks_author_image":"https:\/\/secure.gravatar.com\/avatar\/510039dcf0c0f298820adcefb2dc032d?s=96&d=mm&r=g","magazine_blocks_category":"<a href=\"https:\/\/www.orlandia.sp.gov.br\/novo\/category\/publicacoes\/pregao-presencial\" rel=\"category tag\">Preg\u00e3o Presencial<\/a>","_links":{"self":[{"href":"https:\/\/www.orlandia.sp.gov.br\/novo\/wp-json\/wp\/v2\/posts\/17115"}],"collection":[{"href":"https:\/\/www.orlandia.sp.gov.br\/novo\/wp-json\/wp\/v2\/posts"}],"about":[{"href":"https:\/\/www.orlandia.sp.gov.br\/novo\/wp-json\/wp\/v2\/types\/post"}],"author":[{"embeddable":true,"href":"https:\/\/www.orlandia.sp.gov.br\/novo\/wp-json\/wp\/v2\/users\/10"}],"replies":[{"embeddable":true,"href":"https:\/\/www.orlandia.sp.gov.br\/novo\/wp-json\/wp\/v2\/comments?post=17115"}],"version-history":[{"count":1,"href":"https:\/\/www.orlandia.sp.gov.br\/novo\/wp-json\/wp\/v2\/posts\/17115\/revisions"}],"predecessor-version":[{"id":17118,"href":"https:\/\/www.orlandia.sp.gov.br\/novo\/wp-json\/wp\/v2\/posts\/17115\/revisions\/17118"}],"wp:attachment":[{"href":"https:\/\/www.orlandia.sp.gov.br\/novo\/wp-json\/wp\/v2\/media?parent=17115"}],"wp:term":[{"taxonomy":"category","embeddable":true,"href":"https:\/\/www.orlandia.sp.gov.br\/novo\/wp-json\/wp\/v2\/categories?post=17115"},{"taxonomy":"post_tag","embeddable":true,"href":"https:\/\/www.orlandia.sp.gov.br\/novo\/wp-json\/wp\/v2\/tags?post=17115"}],"curies":[{"name":"wp","href":"https:\/\/api.w.org\/{rel}","templated":true}]}}