{"id":16925,"date":"2020-11-09T11:09:45","date_gmt":"2020-11-09T14:09:45","guid":{"rendered":"https:\/\/www.orlandia.sp.gov.br\/novo\/?p=16925"},"modified":"2020-11-25T16:37:05","modified_gmt":"2020-11-25T19:37:05","slug":"pregao-eletronico-012020","status":"publish","type":"post","link":"https:\/\/www.orlandia.sp.gov.br\/novo\/publicacoes\/pregao-presencial\/pregao-eletronico-012020","title":{"rendered":"PREG\u00c3O ELETR\u00d4NICO 01\/2020"},"content":{"rendered":"<p>O MUNIC\u00cdPIO DE ORL\u00c2NDIA, pessoa jur\u00eddica de direito p\u00fablico interno, com sede na cidade de Orl\u00e2ndia,\u00a0Estado de S\u00e3o Paulo, na Pra\u00e7a Coronel Orlando n\u00ba 600, centro, CEP 14620-000, telefone (16) 3820-8000, inscrita\u00a0no CNPJ\/MF sob n\u00ba 45.351.749\/0001\u201311, inscrita na I.E 491.040.101.110, por determina\u00e7\u00e3o do Excelent\u00edssimo\u00a0Prefeito Municipal, Senhor S\u00c9RGIO AUGUSTO BORDIN JUNIOR, torna p\u00fablico que, nas datas, hor\u00e1rio e local abaixo assinalado, far\u00e1 realizar licita\u00e7\u00e3o na modalidade PREG\u00c3O ELETR\u00d4NICO, com crit\u00e9rio de\u00a0julgamento de MENOR VALOR TOTAL POR LOTE, em conformidade com as disposi\u00e7\u00f5es deste Edital e\u00a0respectivos Anexos.<br \/>\nOBJETO: AQUISI\u00c7\u00c3O DE C\u00c2MARA PARA CONSERVA\u00c7\u00c3O DE VACINAS PARA A SECRETARIA\u00a0MUNICIPAL DE S\u00c1UDE.<br \/>\nMODALIDADE: Preg\u00e3o Eletr\u00f4nico<br \/>\nPROCESSO DE COMPRA N\u00ba: 160\/2020<br \/>\nTIPO DE LICITA\u00c7\u00c3O: menor pre\u00e7o<br \/>\nREGIME DE EXECU\u00c7\u00c3O: Direta<br \/>\nCRIT\u00c9RIO DE JULGAMENTO: menor valor total ( por lote)<br \/>\nPRAZO DE VALIDADE DO CONTRATO : 06 meses, podendo ser prorrogado, a crit\u00e9rio da Administra\u00e7\u00e3o\u00a0Municipal, desde que atendidos os requisitos do artigo 57 da Lei Federal n.\u00ba 8.666\/93.<br \/>\nVALOR M\u00c1XIMO ESTIMADO: R$ 20.811,66 (Vinte mil, oitocentos e onze reais e sessenta e seis centavos).<br \/>\nREQUISITANTE: SECRETARIA MUNICIPAL DE SA\u00daDE<\/p>\n<p><a id=\"linkEdital\"onclick=\"validaDownload();\"onmouseover=\"carrega();\"href=\"https:\/\/www.orlandia.sp.gov.br\/novo\/wp-content\/uploads\/2020\/11\/ED466A1.pdf\">Download Edital<\/a><\/p>\n<p><a href=\"https:\/\/www.orlandia.sp.gov.br\/novo\/wp-content\/uploads\/2020\/11\/ATA-PR-01.2020.pdf\">ATA PR 01.2020<\/a><\/p>\n","protected":false},"excerpt":{"rendered":"<p>PROCESSO: 160\/2020<br \/>\nOBJETO: AQUISI\u00c7\u00c3O DE C\u00c2MARA PARA CONSERVA\u00c7\u00c3O DE VACINAS PARA A SECRETARIA MUNICIPAL DE S\u00c1UDE.<br \/>\nABERTURA DAS PROPOSTAS: dia 23\/11\/2020 as 08:30 min.<br \/>\nIN\u00cdCIO DA DISPUTA DE PRE\u00c7OS: dia 23\/11\/2020 a partir das 09:00 horas.<\/p>\n","protected":false},"author":10,"featured_media":0,"comment_status":"open","ping_status":"open","sticky":false,"template":"","format":"standard","meta":{"ngg_post_thumbnail":0,"footnotes":""},"categories":[42],"tags":[],"magazineBlocksPostFeaturedMedia":{"thumbnail":false,"medium":false,"medium_large":false,"large":false,"1536x1536":false,"2048x2048":false,"colormag-highlighted-post":false,"colormag-featured-post-medium":false,"colormag-featured-post-small":false,"colormag-featured-image":false,"colormag-default-news":false,"colormag-featured-image-large":false},"magazineBlocksPostAuthor":{"name":"Licita\u00e7\u00e3o","avatar":"https:\/\/secure.gravatar.com\/avatar\/510039dcf0c0f298820adcefb2dc032d?s=96&d=mm&r=g"},"magazineBlocksPostCommentsNumber":false,"magazineBlocksPostExcerpt":"PROCESSO: 160\/2020\r\nOBJETO: AQUISI\u00c7\u00c3O DE C\u00c2MARA PARA CONSERVA\u00c7\u00c3O DE VACINAS PARA A SECRETARIA MUNICIPAL DE S\u00c1UDE.\r\nABERTURA DAS PROPOSTAS: dia 23\/11\/2020 as 08:30 min.\r\nIN\u00cdCIO DA DISPUTA DE PRE\u00c7OS: dia 23\/11\/2020 a partir das 09:00 horas.","magazineBlocksPostCategories":["Preg\u00e3o Presencial"],"magazine_blocks_featured_image_url":{"full":false,"medium":false,"thumbnail":false},"magazine_blocks_author":{"display_name":"Licita\u00e7\u00e3o","author_link":"https:\/\/www.orlandia.sp.gov.br\/novo\/author\/licitacao"},"magazine_blocks_comment":0,"magazine_blocks_author_image":"https:\/\/secure.gravatar.com\/avatar\/510039dcf0c0f298820adcefb2dc032d?s=96&d=mm&r=g","magazine_blocks_category":"<a href=\"https:\/\/www.orlandia.sp.gov.br\/novo\/category\/publicacoes\/pregao-presencial\" rel=\"category tag\">Preg\u00e3o Presencial<\/a>","_links":{"self":[{"href":"https:\/\/www.orlandia.sp.gov.br\/novo\/wp-json\/wp\/v2\/posts\/16925"}],"collection":[{"href":"https:\/\/www.orlandia.sp.gov.br\/novo\/wp-json\/wp\/v2\/posts"}],"about":[{"href":"https:\/\/www.orlandia.sp.gov.br\/novo\/wp-json\/wp\/v2\/types\/post"}],"author":[{"embeddable":true,"href":"https:\/\/www.orlandia.sp.gov.br\/novo\/wp-json\/wp\/v2\/users\/10"}],"replies":[{"embeddable":true,"href":"https:\/\/www.orlandia.sp.gov.br\/novo\/wp-json\/wp\/v2\/comments?post=16925"}],"version-history":[{"count":3,"href":"https:\/\/www.orlandia.sp.gov.br\/novo\/wp-json\/wp\/v2\/posts\/16925\/revisions"}],"predecessor-version":[{"id":17034,"href":"https:\/\/www.orlandia.sp.gov.br\/novo\/wp-json\/wp\/v2\/posts\/16925\/revisions\/17034"}],"wp:attachment":[{"href":"https:\/\/www.orlandia.sp.gov.br\/novo\/wp-json\/wp\/v2\/media?parent=16925"}],"wp:term":[{"taxonomy":"category","embeddable":true,"href":"https:\/\/www.orlandia.sp.gov.br\/novo\/wp-json\/wp\/v2\/categories?post=16925"},{"taxonomy":"post_tag","embeddable":true,"href":"https:\/\/www.orlandia.sp.gov.br\/novo\/wp-json\/wp\/v2\/tags?post=16925"}],"curies":[{"name":"wp","href":"https:\/\/api.w.org\/{rel}","templated":true}]}}