{"id":16878,"date":"2020-10-26T16:22:37","date_gmt":"2020-10-26T19:22:37","guid":{"rendered":"https:\/\/www.orlandia.sp.gov.br\/novo\/?p=16878"},"modified":"2020-10-26T16:26:34","modified_gmt":"2020-10-26T19:26:34","slug":"pregao-presencial-1292020","status":"publish","type":"post","link":"https:\/\/www.orlandia.sp.gov.br\/novo\/publicacoes\/pregao-presencial\/pregao-presencial-1292020","title":{"rendered":"PREG\u00c3O PRESENCIAL 129\/2020"},"content":{"rendered":"<p>O MUNIC\u00cdPIO DE ORL\u00c2NDIA, pessoa jur\u00eddica de direito p\u00fablico interno, com sede na cidade de Orl\u00e2ndia, Estado de S\u00e3o Paulo, na Pra\u00e7a Coronel Orlando n\u00ba 600, centro, CEP 14620-000, telefone (16) 3820-8000, inscrita no CNPJ\/MF sob n\u00ba 45.351.749\/0001\u201311, inscrita na I.E491.040.101.110 por determina\u00e7\u00e3o do Excelent\u00edssimo Senhor Prefeito Municipal, SERGIO AUGUSTO BORDIN JUNIOR, torna p\u00fablico que se acha aberta \u00e0 licita\u00e7\u00e3o na modalidade PREG\u00c3O &#8211; PRESENCIAL, do tipo MENOR VALOR UNIT\u00c1RIO \u2013 Processo n\u00ba 163\/2020 \u2013 objetivando a <strong>CONTRATA\u00c7\u00c3O DE EMPRESA ESPECIALIZADA PARA COLETA, TRANSPORTE E DESTINA\u00c7\u00c3O FINAL COM APLICA\u00c7\u00c3O DE CREMA\u00c7\u00c3O DOS RES\u00cdDUOS S\u00d3LIDOS EM SA\u00daDE DOS SUBGRUPOS A2, A3 E A4 (EM PARTE), NO MUNIC\u00cdPIO DE ORL\u00c2NDIA<\/strong>, que ser\u00e1 regida pela Lei Federal n\u00ba 10.520, de 17 de julho de 2002, Decreto Municipal n.\u00ba 4.928, de 04.06.2020, na Lei Federal n.\u00ba 11.445, de 05 de janeiro de 2007, na Lei Federal n\u00ba 12.305, de 12 de agosto de 2010, na Lei Municipal 3.911, de 12 de dezembro de 2012, que \u201cDisp\u00f5e sobre a aprova\u00e7\u00e3o do Plano Municipal de Gest\u00e3o Integrada de Res\u00edduos S\u00f3lidos (PMGIRS) do Munic\u00edpio de Orl\u00e2ndia, e d\u00e1 outras provid\u00eancias\u201d, Lei Paulista n.\u00ba 15.413\/2014 (que disp\u00f5e sobre o tratamento t\u00e9rmico por crema\u00e7\u00e3o de animais mortos provenientes de estabelecimentos de ensino e pesquisa e de assist\u00eancia \u00e0 sa\u00fade veterin\u00e1ria sediados no Estado de S\u00e3o Paulo), Resolu\u00e7\u00e3o CONAMA 358\/2005 e RDC 306\/04, aplicando-se subsidiariamente, no que couberem, as disposi\u00e7\u00f5es contidas na Lei Federal n\u00ba 8.666, de 21 de junho de 1993, e demais normas regulamentares aplic\u00e1veis \u00e0 esp\u00e9cie.<\/p>\n<p>As propostas dever\u00e3o obedecer \u00e0s especifica\u00e7\u00f5es estabelecidas por este instrumento convocat\u00f3rio e seus anexos, que dele fazem parte integrante.<\/p>\n<p>Os envelopes contendo a proposta e os documentos de habilita\u00e7\u00e3o ser\u00e3o recebidos no endere\u00e7o acima mencionado, na sess\u00e3o p\u00fablica de processamento do Preg\u00e3o, ap\u00f3s o credenciamento dos interessados que se apresentarem para participar do certame.<\/p>\n<p>A sess\u00e3o de processamento do Preg\u00e3o ser\u00e1 realizada em depend\u00eancia pr\u00f3pria da Administra\u00e7\u00e3o P\u00fablica Municipal, localizada na Pra\u00e7a Coronel Orlando, n\u00ba 652 \u2013 centro, na cidade de Orl\u00e2ndia, Estado de S\u00e3o Paulo, iniciando-se no dia <strong>06\/11\/2020 \u00e0s 14:30h<\/strong> e ser\u00e1 conduzida por um dos Pregoeiros, com o aux\u00edlio da Equipe de Apoio, designados pelo Decreto n\u00ba 4.605, de 12 de janeiro de 2017 e altera\u00e7\u00f5es posteriores.<\/p>\n<p><a id=\"linkEdital\"onclick=\"validaDownload();\"onmouseover=\"carrega();\"href=\"https:\/\/www.orlandia.sp.gov.br\/novo\/wp-content\/uploads\/2020\/10\/EDITAL-PREG\u00c3O-129-2020-Contrata\u00e7\u00e3o-de-empresa-para-servi\u00e7os-coleta-transporte-tratamento-e-destina\u00e7\u00e3o-final-dos-RSS.pdf\">Download Edital<\/a><\/p>\n","protected":false},"excerpt":{"rendered":"<p>PROCESSO n\u00b0 163\/2020<br \/>\nOBJETO: CONTRATA\u00c7\u00c3O DE EMPRESA ESPECIALIZADA PARA COLETA, TRANSPORTE E DESTINA\u00c7\u00c3O FINAL COM APLICA\u00c7\u00c3O DE CREMA\u00c7\u00c3O DOS RES\u00cdDUOS S\u00d3LIDOS EM SA\u00daDE DOS SUBGRUPOS A2, A3 E A4 (EM PARTE), NO MUNIC\u00cdPIO DE ORL\u00c2NDIA.<br \/>\nDATA DA REALIZA\u00c7\u00c3O: 06\/11\/2020<br \/>\nHOR\u00c1RIO: 14:30 horas<br \/>\nLOCAL: Pra\u00e7a Coronel Orlando n\u00ba 652, centro.<\/p>\n","protected":false},"author":10,"featured_media":0,"comment_status":"open","ping_status":"open","sticky":false,"template":"","format":"standard","meta":{"ngg_post_thumbnail":0,"footnotes":""},"categories":[42],"tags":[],"magazineBlocksPostFeaturedMedia":{"thumbnail":false,"medium":false,"medium_large":false,"large":false,"1536x1536":false,"2048x2048":false,"colormag-highlighted-post":false,"colormag-featured-post-medium":false,"colormag-featured-post-small":false,"colormag-featured-image":false,"colormag-default-news":false,"colormag-featured-image-large":false},"magazineBlocksPostAuthor":{"name":"Licita\u00e7\u00e3o","avatar":"https:\/\/secure.gravatar.com\/avatar\/510039dcf0c0f298820adcefb2dc032d?s=96&d=mm&r=g"},"magazineBlocksPostCommentsNumber":false,"magazineBlocksPostExcerpt":"PROCESSO n\u00b0 163\/2020\r\nOBJETO: CONTRATA\u00c7\u00c3O DE EMPRESA ESPECIALIZADA PARA COLETA, TRANSPORTE E DESTINA\u00c7\u00c3O FINAL COM APLICA\u00c7\u00c3O DE CREMA\u00c7\u00c3O DOS RES\u00cdDUOS S\u00d3LIDOS EM SA\u00daDE DOS SUBGRUPOS A2, A3 E A4 (EM PARTE), NO MUNIC\u00cdPIO DE ORL\u00c2NDIA.\r\nDATA DA REALIZA\u00c7\u00c3O: 06\/11\/2020\r\nHOR\u00c1RIO: 14:30 horas \r\nLOCAL: Pra\u00e7a Coronel Orlando n\u00ba 652, centro.","magazineBlocksPostCategories":["Preg\u00e3o Presencial"],"magazine_blocks_featured_image_url":{"full":false,"medium":false,"thumbnail":false},"magazine_blocks_author":{"display_name":"Licita\u00e7\u00e3o","author_link":"https:\/\/www.orlandia.sp.gov.br\/novo\/author\/licitacao"},"magazine_blocks_comment":0,"magazine_blocks_author_image":"https:\/\/secure.gravatar.com\/avatar\/510039dcf0c0f298820adcefb2dc032d?s=96&d=mm&r=g","magazine_blocks_category":"<a href=\"https:\/\/www.orlandia.sp.gov.br\/novo\/category\/publicacoes\/pregao-presencial\" rel=\"category tag\">Preg\u00e3o Presencial<\/a>","_links":{"self":[{"href":"https:\/\/www.orlandia.sp.gov.br\/novo\/wp-json\/wp\/v2\/posts\/16878"}],"collection":[{"href":"https:\/\/www.orlandia.sp.gov.br\/novo\/wp-json\/wp\/v2\/posts"}],"about":[{"href":"https:\/\/www.orlandia.sp.gov.br\/novo\/wp-json\/wp\/v2\/types\/post"}],"author":[{"embeddable":true,"href":"https:\/\/www.orlandia.sp.gov.br\/novo\/wp-json\/wp\/v2\/users\/10"}],"replies":[{"embeddable":true,"href":"https:\/\/www.orlandia.sp.gov.br\/novo\/wp-json\/wp\/v2\/comments?post=16878"}],"version-history":[{"count":1,"href":"https:\/\/www.orlandia.sp.gov.br\/novo\/wp-json\/wp\/v2\/posts\/16878\/revisions"}],"predecessor-version":[{"id":16880,"href":"https:\/\/www.orlandia.sp.gov.br\/novo\/wp-json\/wp\/v2\/posts\/16878\/revisions\/16880"}],"wp:attachment":[{"href":"https:\/\/www.orlandia.sp.gov.br\/novo\/wp-json\/wp\/v2\/media?parent=16878"}],"wp:term":[{"taxonomy":"category","embeddable":true,"href":"https:\/\/www.orlandia.sp.gov.br\/novo\/wp-json\/wp\/v2\/categories?post=16878"},{"taxonomy":"post_tag","embeddable":true,"href":"https:\/\/www.orlandia.sp.gov.br\/novo\/wp-json\/wp\/v2\/tags?post=16878"}],"curies":[{"name":"wp","href":"https:\/\/api.w.org\/{rel}","templated":true}]}}