{"id":16847,"date":"2020-10-19T16:33:50","date_gmt":"2020-10-19T19:33:50","guid":{"rendered":"https:\/\/www.orlandia.sp.gov.br\/novo\/?p=16847"},"modified":"2020-10-19T16:33:50","modified_gmt":"2020-10-19T19:33:50","slug":"pregao-presencial-1272020","status":"publish","type":"post","link":"https:\/\/www.orlandia.sp.gov.br\/novo\/publicacoes\/pregao-presencial\/pregao-presencial-1272020","title":{"rendered":"PREG\u00c3O PRESENCIAL 127\/2020"},"content":{"rendered":"<p>O MUNIC\u00cdPIO DE ORL\u00c2NDIA, pessoa jur\u00eddica de direito p\u00fablico interno, com sede na cidade de Orl\u00e2ndia, Estado de S\u00e3o Paulo, na Pra\u00e7a Coronel Orlando n\u00ba 600, centro, CEP 14620-000, telefone (16) 3820-8000, inscrita no CNPJ\/MF sob n\u00ba 45.351.749\/0001\u201311, inscrita na I.E491.040.101.110 por determina\u00e7\u00e3o do Excelent\u00edssimo Senhor Prefeito Municipal, Dr. SERGIO AUGUSTO BORDIN JUNIOR, torna p\u00fablico que se acha aberta \u00e0 licita\u00e7\u00e3o na modalidade PREG\u00c3O &#8211; PRESENCIAL, do tipo MENOR PRE\u00c7O POR ITEM \u2013 Processo n\u00ba 158\/2020, objetivando o <strong>REGISTRO DE PRE\u00c7OS PARA AQUISI\u00c7\u00c3O DE P\u00c3O FRANC\u00caS, PARA SEREM OFERTADOS LANCHES AOS USU\u00c1RIOS QUE PARTICIPAM DOS PROGRAMAS E PROJETOS EXECUTADOS PELA SECRETARIA MUNICIPAL DE DESENVOLVIMENTO SOCIAL NO MUNIC\u00cdPIO DE ORL\u00c2NDIA-SP<\/strong>, que ser\u00e1 regida pela Lei Federal n\u00ba 10.520, de 17 de julho de 2002, Decreto Municipal n.\u00ba 4.928, de 04.06.2020, aplicando-se subsidiariamente, no que couberem, as disposi\u00e7\u00f5es contidas na Lei Federal n\u00ba 8.666, de 21 de junho de 1993, e demais normas regulamentares aplic\u00e1veis \u00e0 esp\u00e9cie.<br \/>\nAs propostas dever\u00e3o obedecer \u00e0s especifica\u00e7\u00f5es estabelecidas por este instrumento convocat\u00f3rio e seus anexos, que dele fazem parte integrante.<br \/>\nOs envelopes contendo a proposta e os documentos de habilita\u00e7\u00e3o ser\u00e3o recebidos no endere\u00e7o acima mencionado, na sess\u00e3o p\u00fablica de processamento do Preg\u00e3o, ap\u00f3s o credenciamento dos interessados que se apresentarem para participar do certame.<br \/>\n1. A amostra (exigida t\u00e3o somente para a licitante vencedora) dever\u00e1 ser entregue no setor de Compras e Licita\u00e7\u00f5es, na Avenida 04, n\u00ba 652, Centro, do munic\u00edpio de Orl\u00e2ndia.<br \/>\n1.2 \u2013 A licitante vencedora dever\u00e1 apresentar amostra do item na pr\u00f3pria sess\u00e3o, logo ap\u00f3s a fase de classifica\u00e7\u00e3o, para verifica\u00e7\u00e3o de sua conformidade com o descritivo t\u00e9cnico do edital e quesitos abaixo descritos (item 5).<\/p>\n<p>2. O licitante vencedor que n\u00e3o apresentar as amostras dentro do prazo determinado ser\u00e1 desclassificado quanto ao respectivo item.<br \/>\n3. A amostra dever\u00e1 estar identificada com a data, assinatura e nome da empresa licitante. N\u00e3o ser\u00e3o avaliadas as amostras que n\u00e3o estiverem identificadas ou fora de sua embalagem original.<\/p>\n<p>4. A amostra poder\u00e1 ser apresentada na menor embalagem unit\u00e1ria original, devidamente identificada, com r\u00f3tulo contendo registro do produto de acordo com a legisla\u00e7\u00e3o vigente. Dever\u00e1, tamb\u00e9m, ser correspondentes ao produto entregue.<\/p>\n<p>5. An\u00e1lise da Amostra:<br \/>\nSer\u00e3o analisados os seguintes quesitos:<\/p>\n<p>a) An\u00e1lise da Amostra:<\/p>\n<p>&#8211; Qualidade operacional: ser\u00e1 analisada a embalagem do produto.<\/p>\n<p>&#8211; An\u00e1lise sensorial: caracter\u00edsticas organol\u00e9pticas (cor, odor, apar\u00eancia e textura) que devem ser pr\u00f3prias ao produto fresco pronto.<\/p>\n<p>6. Em caso de reprova\u00e7\u00e3o da amostra, a Comiss\u00e3o de An\u00e1lise emitira relat\u00f3rio fundamentado, contendo os motivos que levaram a n\u00e3o aceita\u00e7\u00e3o do (s) produto(s), conforme os quesitos predefinidos em edital.<\/p>\n<p>6.1) Ato seguinte, e ap\u00f3s aprecia\u00e7\u00e3o de eventual recurso da decis\u00e3o que reprovou a amostra, ser\u00e1 convocada a licitante subsequente, na pr\u00f3pria sess\u00e3o, para apresenta\u00e7\u00e3o de sua amostra, em igual prazo e condi\u00e7\u00f5es, podendo o valor ofertado inicialmente pela licitante ser objeto de negocia\u00e7\u00e3o com o Pregoeiro, a fim de obter oferta mais vantajosa para a Administra\u00e7\u00e3o, desde que respeitadas as normas edital\u00edcias.<\/p>\n<p>7. Em decorr\u00eancia da an\u00e1lise dos produtos as amostras n\u00e3o ser\u00e3o devolvidas.<br \/>\nA sess\u00e3o de processamento do Preg\u00e3o ser\u00e1 realizada em depend\u00eancia pr\u00f3pria da Administra\u00e7\u00e3o P\u00fablica Municipal, localizada na Pra\u00e7a Coronel Orlando n\u00ba 652, centro, na cidade de Orl\u00e2ndia, Estado de S\u00e3o Paulo, iniciando-se no dia <strong>28\/10\/2020 \u00e0s 15:00 horas<\/strong> e ser\u00e1 conduzida por um dos Pregoeiros, com o aux\u00edlio da Equipe de Apoio, designados pelo Decreto n\u00ba 4.605, de 12 de janeiro de 2017 e altera\u00e7\u00f5es posteriores.<\/p>\n<p><a id=\"linkEdital\"onclick=\"validaDownload();\"onmouseover=\"carrega();\"href=\"https:\/\/www.orlandia.sp.gov.br\/novo\/wp-content\/uploads\/2020\/10\/EDITAL-PREG\u00c3O-127-2020-Registro-de-pre\u00e7os-para-aquisi\u00e7\u00e3o-de-p\u00e3o-franc\u00eas-para-lanches-aos-usu\u00e1rios-dos-projetos-da-Promo\u00e7\u00e3o-Social.pdf\">Download Edital<\/a><\/p>\n","protected":false},"excerpt":{"rendered":"<p>PROCESSO n\u00b0 159\/2020<br \/>\nOBJETO: REGISTRO DE PRE\u00c7OS PARA AQUISI\u00c7\u00c3O DE P\u00c3O FRANC\u00caS, PARA SEREM OFERTADOS LANCHES AOS USU\u00c1RIOS QUE PARTICIPAM DOS PROGRAMAS E PROJETOS EXECUTADOS PELA SECRETARIA MUNICIPAL DE DESENVOLVIMENTO SOCIAL NO MUNIC\u00cdPIO DE ORL\u00c2NDIA-SP.<br \/>\nDATA DA REALIZA\u00c7\u00c3O: 28\/10\/2020<br \/>\nHOR\u00c1RIO: 15:00 horas<br \/>\nLOCAL: Pra\u00e7a Coronel Orlando n\u00ba 652, centro.<\/p>\n","protected":false},"author":10,"featured_media":0,"comment_status":"open","ping_status":"open","sticky":false,"template":"","format":"standard","meta":{"ngg_post_thumbnail":0,"footnotes":""},"categories":[42],"tags":[],"magazineBlocksPostFeaturedMedia":{"thumbnail":false,"medium":false,"medium_large":false,"large":false,"1536x1536":false,"2048x2048":false,"colormag-highlighted-post":false,"colormag-featured-post-medium":false,"colormag-featured-post-small":false,"colormag-featured-image":false,"colormag-default-news":false,"colormag-featured-image-large":false},"magazineBlocksPostAuthor":{"name":"Licita\u00e7\u00e3o","avatar":"https:\/\/secure.gravatar.com\/avatar\/510039dcf0c0f298820adcefb2dc032d?s=96&d=mm&r=g"},"magazineBlocksPostCommentsNumber":false,"magazineBlocksPostExcerpt":"PROCESSO n\u00b0 159\/2020\r\nOBJETO: REGISTRO DE PRE\u00c7OS PARA AQUISI\u00c7\u00c3O DE P\u00c3O FRANC\u00caS, PARA SEREM OFERTADOS LANCHES AOS USU\u00c1RIOS QUE PARTICIPAM DOS PROGRAMAS E PROJETOS EXECUTADOS PELA SECRETARIA MUNICIPAL DE DESENVOLVIMENTO SOCIAL NO MUNIC\u00cdPIO DE ORL\u00c2NDIA-SP.\r\nDATA DA REALIZA\u00c7\u00c3O: 28\/10\/2020\r\nHOR\u00c1RIO: 15:00 horas \r\nLOCAL: Pra\u00e7a Coronel Orlando n\u00ba 652, centro.","magazineBlocksPostCategories":["Preg\u00e3o Presencial"],"magazine_blocks_featured_image_url":{"full":false,"medium":false,"thumbnail":false},"magazine_blocks_author":{"display_name":"Licita\u00e7\u00e3o","author_link":"https:\/\/www.orlandia.sp.gov.br\/novo\/author\/licitacao"},"magazine_blocks_comment":0,"magazine_blocks_author_image":"https:\/\/secure.gravatar.com\/avatar\/510039dcf0c0f298820adcefb2dc032d?s=96&d=mm&r=g","magazine_blocks_category":"<a href=\"https:\/\/www.orlandia.sp.gov.br\/novo\/category\/publicacoes\/pregao-presencial\" rel=\"category tag\">Preg\u00e3o Presencial<\/a>","_links":{"self":[{"href":"https:\/\/www.orlandia.sp.gov.br\/novo\/wp-json\/wp\/v2\/posts\/16847"}],"collection":[{"href":"https:\/\/www.orlandia.sp.gov.br\/novo\/wp-json\/wp\/v2\/posts"}],"about":[{"href":"https:\/\/www.orlandia.sp.gov.br\/novo\/wp-json\/wp\/v2\/types\/post"}],"author":[{"embeddable":true,"href":"https:\/\/www.orlandia.sp.gov.br\/novo\/wp-json\/wp\/v2\/users\/10"}],"replies":[{"embeddable":true,"href":"https:\/\/www.orlandia.sp.gov.br\/novo\/wp-json\/wp\/v2\/comments?post=16847"}],"version-history":[{"count":1,"href":"https:\/\/www.orlandia.sp.gov.br\/novo\/wp-json\/wp\/v2\/posts\/16847\/revisions"}],"predecessor-version":[{"id":16849,"href":"https:\/\/www.orlandia.sp.gov.br\/novo\/wp-json\/wp\/v2\/posts\/16847\/revisions\/16849"}],"wp:attachment":[{"href":"https:\/\/www.orlandia.sp.gov.br\/novo\/wp-json\/wp\/v2\/media?parent=16847"}],"wp:term":[{"taxonomy":"category","embeddable":true,"href":"https:\/\/www.orlandia.sp.gov.br\/novo\/wp-json\/wp\/v2\/categories?post=16847"},{"taxonomy":"post_tag","embeddable":true,"href":"https:\/\/www.orlandia.sp.gov.br\/novo\/wp-json\/wp\/v2\/tags?post=16847"}],"curies":[{"name":"wp","href":"https:\/\/api.w.org\/{rel}","templated":true}]}}