{"id":16709,"date":"2020-09-25T10:30:56","date_gmt":"2020-09-25T13:30:56","guid":{"rendered":"https:\/\/www.orlandia.sp.gov.br\/novo\/?p=16709"},"modified":"2020-09-25T10:30:56","modified_gmt":"2020-09-25T13:30:56","slug":"pregao-presencial-1212019-2","status":"publish","type":"post","link":"https:\/\/www.orlandia.sp.gov.br\/novo\/publicacoes\/pregao-presencial\/pregao-presencial-1212019-2","title":{"rendered":"PREG\u00c3O PRESENCIAL 121\/2019"},"content":{"rendered":"<p>O MUNIC\u00cdPIO DE ORL\u00c2NDIA, pessoa jur\u00eddica de direito p\u00fablico interno, com sede na cidade de Orl\u00e2ndia, Estado de S\u00e3o Paulo, na Pra\u00e7a Coronel Orlando n\u00ba 600, centro, CEP 14620-000, telefone (16) 3820-8000, inscrita no CNPJ\/MF sob n\u00ba 45.351.749\/0001\u201311, inscrita na I.E491.040.101.110 por determina\u00e7\u00e3o do Excelent\u00edssimo Senhor Prefeito Municipal, Dr. SERGIO AUGUSTO BORDIN JUNIOR, torna p\u00fablico que se acha aberta \u00e0 licita\u00e7\u00e3o na modalidade PREG\u00c3O &#8211; PRESENCIAL, do tipo MENOR VALOR GLOBAL \u2013 Processo n\u00ba 152\/2020 \u2013 objetivando a <strong>CONTRATA\u00c7\u00c3O DE SISTEMA INFORMATIZADO DE APOIO AO CONTROLE INTERNO QUE POSSIBILITE O GERENCIAMENTO DAS ROTINAS DE VERIFICA\u00c7\u00d5ES, TRATAMENTO DE DADOS, GERA\u00c7\u00c3O DE RELAT\u00d3RIOS E DEMONSTRATIVOS PARA AN\u00c1LISE T\u00c9CNICA E GERENCIAL, CONFORME O DISPOSTO EM LEIS FEDERAIS, ESTADUAIS, MUNICIPAIS E ORIENTA\u00c7\u00d5ES DO TRIBUNAL DE CONTAS DO ESTADO DE S\u00c3O PAULO EM SEU MANUAL DE CONTROLE INTERNO, NA INSTRU\u00c7\u00c3O 2\/2016 (LIVRO III) E EM INSTRU\u00c7\u00d5ES POSTERIORES QUE VIEREM A SER EDITADAS<\/strong>, que ser\u00e1 regida pela Lei Federal n\u00ba 10.520, de 17 de julho de 2002, Decreto Municipal n.\u00ba 4.928, de 04.06.2020, aplicando-se subsidiariamente, no que couberem, as disposi\u00e7\u00f5es contidas na Lei Federal n\u00ba 8.666, de 21 de junho de 1993, e demais normas regulamentares aplic\u00e1veis \u00e0 esp\u00e9cie.<\/p>\n<p>As propostas dever\u00e3o obedecer \u00e0s especifica\u00e7\u00f5es estabelecidas por este instrumento convocat\u00f3rio e seus anexos, que dele fazem parte integrante.<\/p>\n<p>Os envelopes contendo a proposta e os documentos de habilita\u00e7\u00e3o ser\u00e3o recebidos no endere\u00e7o acima mencionado, na sess\u00e3o p\u00fablica de processamento do Preg\u00e3o, ap\u00f3s o credenciamento dos interessados que se apresentarem para participar do certame.<\/p>\n<p>Ap\u00f3s a etapa de lances, na pr\u00f3pria sess\u00e3o, a vencedora dever\u00e1 demonstrar o sistema, sendo que a ADJUDICA\u00c7\u00c3O estar\u00e1 condicionada ao atendimento das exig\u00eancias deste edital.<br \/>\nA demonstra\u00e7\u00e3o da funcionalidade consistir\u00e1 na verifica\u00e7\u00e3o do sistema quanto ao atendimento das especifica\u00e7\u00f5es (itens) do memorial descritivo (anexo I).<\/p>\n<p>O acompanhamento e an\u00e1lise desta demonstra\u00e7\u00e3o ficar\u00e1 a cargo do Controlador-Geral do Munic\u00edpio.<\/p>\n<p>A sess\u00e3o de processamento do Preg\u00e3o ser\u00e1 realizada em depend\u00eancia pr\u00f3pria da Administra\u00e7\u00e3o P\u00fablica Municipal, localizada na Pra\u00e7a Coronel Orlando, n\u00ba 652 \u2013 centro, na cidade de Orl\u00e2ndia, Estado de S\u00e3o Paulo, iniciando-se no dia <strong>06\/10\/2020 \u00e0s 09:00<\/strong> e ser\u00e1 conduzida por um dos Pregoeiros, com o aux\u00edlio da Equipe de Apoio, designados pelo Decreto n\u00ba 4.605, de 12 de janeiro de 2017, e altera\u00e7\u00f5es posteriores.<\/p>\n<p><a id=\"linkEdital\"onclick=\"validaDownload();\"onmouseover=\"carrega();\"href=\"https:\/\/www.orlandia.sp.gov.br\/novo\/wp-content\/uploads\/2020\/09\/EDITAL-PREG\u00c3O-121-2020-Contrata\u00e7\u00e3o-de-sistema-informatizado-de-apoio-ao-controle-interno.pdf\">Download Edital<\/a><\/p>\n","protected":false},"excerpt":{"rendered":"<p>PROCESSO n\u00b0 152\/2020<br \/>\nOBJETO: CONTRATA\u00c7\u00c3O DE SISTEMA INFORMATIZADO DE APOIO AO CONTROLE INTERNO QUE POSSIBILITE O GERENCIAMENTO DAS ROTINAS DE VERIFICA\u00c7\u00d5ES, TRATAMENTO DE DADOS, GERA\u00c7\u00c3O DE RELAT\u00d3RIOS E DEMONSTRATIVOS PARA AN\u00c1LISE T\u00c9CNICA E GERENCIAL, CONFORME O DISPOSTO EM LEIS FEDERAIS, ESTADUAIS, MUNICIPAIS E ORIENTA\u00c7\u00d5ES DO TRIBUNAL DE CONTAS DO ESTADO DE S\u00c3O PAULO EM SEU MANUAL DE CONTROLE INTERNO, NA INSTRU\u00c7\u00c3O 2\/2016 (LIVRO III) E EM INSTRU\u00c7\u00d5ES POSTERIORES QUE VIEREM A SER EDITADAS.<br \/>\nDATA DA REALIZA\u00c7\u00c3O: 06\/10\/2020<br \/>\nHOR\u00c1RIO: 09:00 horas<br \/>\nLOCAL: Pra\u00e7a Coronel Orlando n\u00ba 652, centro.<\/p>\n","protected":false},"author":10,"featured_media":0,"comment_status":"open","ping_status":"open","sticky":false,"template":"","format":"standard","meta":{"ngg_post_thumbnail":0,"footnotes":""},"categories":[42],"tags":[],"magazineBlocksPostFeaturedMedia":{"thumbnail":false,"medium":false,"medium_large":false,"large":false,"1536x1536":false,"2048x2048":false,"colormag-highlighted-post":false,"colormag-featured-post-medium":false,"colormag-featured-post-small":false,"colormag-featured-image":false,"colormag-default-news":false,"colormag-featured-image-large":false},"magazineBlocksPostAuthor":{"name":"Licita\u00e7\u00e3o","avatar":"https:\/\/secure.gravatar.com\/avatar\/510039dcf0c0f298820adcefb2dc032d?s=96&d=mm&r=g"},"magazineBlocksPostCommentsNumber":false,"magazineBlocksPostExcerpt":"PROCESSO n\u00b0 152\/2020\r\nOBJETO: CONTRATA\u00c7\u00c3O DE SISTEMA INFORMATIZADO DE APOIO AO CONTROLE INTERNO QUE POSSIBILITE O GERENCIAMENTO DAS ROTINAS DE VERIFICA\u00c7\u00d5ES, TRATAMENTO DE DADOS, GERA\u00c7\u00c3O DE RELAT\u00d3RIOS E DEMONSTRATIVOS PARA AN\u00c1LISE T\u00c9CNICA E GERENCIAL, CONFORME O DISPOSTO EM LEIS FEDERAIS, ESTADUAIS, MUNICIPAIS E ORIENTA\u00c7\u00d5ES DO TRIBUNAL DE CONTAS DO ESTADO DE S\u00c3O PAULO EM SEU MANUAL DE CONTROLE INTERNO, NA INSTRU\u00c7\u00c3O 2\/2016 (LIVRO III) E EM INSTRU\u00c7\u00d5ES POSTERIORES QUE VIEREM A SER EDITADAS.\r\nDATA DA REALIZA\u00c7\u00c3O: 06\/10\/2020\r\nHOR\u00c1RIO: 09:00 horas \r\nLOCAL: Pra\u00e7a Coronel Orlando n\u00ba 652, centro.","magazineBlocksPostCategories":["Preg\u00e3o Presencial"],"magazine_blocks_featured_image_url":{"full":false,"medium":false,"thumbnail":false},"magazine_blocks_author":{"display_name":"Licita\u00e7\u00e3o","author_link":"https:\/\/www.orlandia.sp.gov.br\/novo\/author\/licitacao"},"magazine_blocks_comment":0,"magazine_blocks_author_image":"https:\/\/secure.gravatar.com\/avatar\/510039dcf0c0f298820adcefb2dc032d?s=96&d=mm&r=g","magazine_blocks_category":"<a href=\"https:\/\/www.orlandia.sp.gov.br\/novo\/category\/publicacoes\/pregao-presencial\" rel=\"category tag\">Preg\u00e3o Presencial<\/a>","_links":{"self":[{"href":"https:\/\/www.orlandia.sp.gov.br\/novo\/wp-json\/wp\/v2\/posts\/16709"}],"collection":[{"href":"https:\/\/www.orlandia.sp.gov.br\/novo\/wp-json\/wp\/v2\/posts"}],"about":[{"href":"https:\/\/www.orlandia.sp.gov.br\/novo\/wp-json\/wp\/v2\/types\/post"}],"author":[{"embeddable":true,"href":"https:\/\/www.orlandia.sp.gov.br\/novo\/wp-json\/wp\/v2\/users\/10"}],"replies":[{"embeddable":true,"href":"https:\/\/www.orlandia.sp.gov.br\/novo\/wp-json\/wp\/v2\/comments?post=16709"}],"version-history":[{"count":1,"href":"https:\/\/www.orlandia.sp.gov.br\/novo\/wp-json\/wp\/v2\/posts\/16709\/revisions"}],"predecessor-version":[{"id":16711,"href":"https:\/\/www.orlandia.sp.gov.br\/novo\/wp-json\/wp\/v2\/posts\/16709\/revisions\/16711"}],"wp:attachment":[{"href":"https:\/\/www.orlandia.sp.gov.br\/novo\/wp-json\/wp\/v2\/media?parent=16709"}],"wp:term":[{"taxonomy":"category","embeddable":true,"href":"https:\/\/www.orlandia.sp.gov.br\/novo\/wp-json\/wp\/v2\/categories?post=16709"},{"taxonomy":"post_tag","embeddable":true,"href":"https:\/\/www.orlandia.sp.gov.br\/novo\/wp-json\/wp\/v2\/tags?post=16709"}],"curies":[{"name":"wp","href":"https:\/\/api.w.org\/{rel}","templated":true}]}}