{"id":16471,"date":"2020-09-03T16:38:39","date_gmt":"2020-09-03T19:38:39","guid":{"rendered":"https:\/\/www.orlandia.sp.gov.br\/novo\/?p=16471"},"modified":"2020-09-10T18:42:41","modified_gmt":"2020-09-10T21:42:41","slug":"pregao-presencial-1102020","status":"publish","type":"post","link":"https:\/\/www.orlandia.sp.gov.br\/novo\/publicacoes\/pregao-presencial\/pregao-presencial-1102020","title":{"rendered":"PREG\u00c3O PRESENCIAL 110\/2020 (NOVO EDITAL &#8211; ATUALIZADO EM 10\/09\/2020)"},"content":{"rendered":"<p>O MUNIC\u00cdPIO DE ORL\u00c2NDIA, pessoa jur\u00eddica de direito p\u00fablico interno, com sede na cidade de\u00a0Orl\u00e2ndia, Estado de S\u00e3o Paulo, na Pra\u00e7a Coronel Orlando n\u00ba 600, centro, CEP 14620-000, telefone\u00a0(16) 3820-8000, inscrita no CNPJ\/MF sob n\u00ba 45.351.749\/0001\u201311, inscrita na I.E491.040.101.110\u00a0por determina\u00e7\u00e3o do Excelent\u00edssimo Senhor Prefeito Municipal, OSWALDO RIBEIRO\u00a0JUNQUEIRA NETO, torna p\u00fablico que se acha aberta \u00e0 licita\u00e7\u00e3o na modalidade PREG\u00c3O &#8211;\u00a0PRESENCIAL, do tipo MENOR VALOR GLOBAL \u2013 Processo n\u00ba 141\/2020 \u2013\u00a0objetivando a CONTRATA\u00c7\u00c3O DE EMPRESA PARA EXECU\u00c7\u00c3O DOS SERVI\u00c7OS DE\u00a0RECAPE COM UTILIZA\u00c7\u00c3O DE CBUQ \u2013 CONCRETO BETUMINOSO USINADO A\u00a0QUENTE SOBRE PAVIMENTA\u00c7\u00c3O EXISTENTE, EM DIVERSAS RUAS NO MUNIC\u00cdPIO\u00a0DE ORL\u00c2NDIA &#8211; S\u00c3O PAULO, que ser\u00e1 regida pela Lei Federal n\u00ba 10.520, de 17 de julho de 2002,<br \/>\nDecreto Municipal n.\u00ba 4.928, de 04.06.2020, aplicando-se subsidiariamente, no que couberem, as\u00a0disposi\u00e7\u00f5es contidas na Lei Federal n\u00ba 8.666, de 21 de junho de 1993, e demais normas\u00a0regulamentares aplic\u00e1veis \u00e0 esp\u00e9cie.<\/p>\n<p>As propostas dever\u00e3o obedecer \u00e0s especifica\u00e7\u00f5es estabelecidas por este instrumento convocat\u00f3rio e\u00a0seus anexos, que dele fazem parte integrante.<br \/>\nOs envelopes contendo a proposta e os documentos de habilita\u00e7\u00e3o ser\u00e3o recebidos no endere\u00e7o acima\u00a0mencionado, na sess\u00e3o p\u00fablica de processamento do Preg\u00e3o, ap\u00f3s o credenciamento dos interessados\u00a0que se apresentarem para participar do certame.<br \/>\nA sess\u00e3o de processamento do Preg\u00e3o ser\u00e1 realizada em depend\u00eancia pr\u00f3pria da Administra\u00e7\u00e3o\u00a0P\u00fablica Municipal, localizada na Pra\u00e7a Coronel Orlando, n\u00ba 652 \u2013 centro, na cidade de Orl\u00e2ndia,\u00a0Estado de S\u00e3o Paulo, iniciando-se no dia 22\/09\/2020 \u00e0s 09:00h e ser\u00e1 conduzida por um dos\u00a0Pregoeiros, com o aux\u00edlio da Equipe de Apoio, designados pelo Decreto n\u00ba 4.605, de 12 de janeiro de\u00a02017.<\/p>\n<p><a id=\"linkEdital\"onclick=\"validaDownload();\"onmouseover=\"carrega();\"href=\"https:\/\/www.orlandia.sp.gov.br\/novo\/wp-content\/uploads\/2020\/09\/EDITAL-PREG\u00c3O-110-2020-Contrata\u00e7\u00e3o-de-empresa-para-servi\u00e7os-de-recapeamento-asf\u00e1ltico-com-CBUQ-em-75-pontos-1.pdf\">Download Edital<\/a><\/p>\n<p><a href=\"https:\/\/www.orlandia.sp.gov.br\/novo\/wp-content\/uploads\/2020\/09\/CRONOGRAMA.pdf\">CRONOGRAMA<\/a><br \/>\n<a href=\"https:\/\/www.orlandia.sp.gov.br\/novo\/wp-content\/uploads\/2020\/09\/Planta-de-Localiza\u00e7\u00e3o-das-Ruas-1.pdf\">Planta de Localiza\u00e7\u00e3o das Ruas<\/a><br \/>\n<a href=\"https:\/\/www.orlandia.sp.gov.br\/novo\/wp-content\/uploads\/2020\/09\/Projeto-Detalhe-PV-1.pdf\">Projeto Detalhe PV<\/a><br \/>\n<a href=\"https:\/\/www.orlandia.sp.gov.br\/novo\/wp-content\/uploads\/2020\/09\/Projeto-Detalhe-PV-2.pdf\">Projeto Detalhe PV<\/a><br \/>\n<a href=\"https:\/\/www.orlandia.sp.gov.br\/novo\/wp-content\/uploads\/2020\/09\/Rela\u00e7\u00e3o-de-Ruas-1.pdf\">Rela\u00e7\u00e3o de Ruas<\/a><br \/>\n<a href=\"https:\/\/www.orlandia.sp.gov.br\/novo\/wp-content\/uploads\/2020\/09\/Relatorio-fotografico-1.pdf\">Relatorio fotografico<\/a><\/p>\n","protected":false},"excerpt":{"rendered":"<p>PROCESSO n\u00b0 141\/2020<br \/>\nOBJETO: CONTRATA\u00c7\u00c3O DE EMPRESA PARA EXECU\u00c7\u00c3O DOS SERVI\u00c7OS DE RECAPE COM UTILIZA\u00c7\u00c3O DE CBUQ \u2013 CONCRETO BETUMINOSO USINADO A QUENTE SOBRE PAVIMENTA\u00c7\u00c3O EXISTENTE, EM DIVERSAS RUAS NO MUNIC\u00cdPIO DE ORL\u00c2NDIA &#8211; S\u00c3O PAULO.<br \/>\nDATA DA REALIZA\u00c7\u00c3O: 22\/09\/2020<br \/>\nHOR\u00c1RIO: 09:00 horas.<br \/>\nLOCAL: Pra\u00e7a Coronel Orlando n\u00ba 652, centro. <\/p>\n","protected":false},"author":10,"featured_media":0,"comment_status":"open","ping_status":"open","sticky":false,"template":"","format":"standard","meta":{"ngg_post_thumbnail":0,"footnotes":""},"categories":[42],"tags":[],"magazineBlocksPostFeaturedMedia":{"thumbnail":false,"medium":false,"medium_large":false,"large":false,"1536x1536":false,"2048x2048":false,"colormag-highlighted-post":false,"colormag-featured-post-medium":false,"colormag-featured-post-small":false,"colormag-featured-image":false,"colormag-default-news":false,"colormag-featured-image-large":false},"magazineBlocksPostAuthor":{"name":"Licita\u00e7\u00e3o","avatar":"https:\/\/secure.gravatar.com\/avatar\/510039dcf0c0f298820adcefb2dc032d?s=96&d=mm&r=g"},"magazineBlocksPostCommentsNumber":false,"magazineBlocksPostExcerpt":"PROCESSO n\u00b0 141\/2020 \r\nOBJETO: CONTRATA\u00c7\u00c3O DE EMPRESA PARA EXECU\u00c7\u00c3O DOS SERVI\u00c7OS DE RECAPE COM UTILIZA\u00c7\u00c3O DE CBUQ \u2013 CONCRETO BETUMINOSO USINADO A QUENTE SOBRE PAVIMENTA\u00c7\u00c3O EXISTENTE, EM DIVERSAS RUAS NO MUNIC\u00cdPIO DE ORL\u00c2NDIA - S\u00c3O PAULO.\r\nDATA DA REALIZA\u00c7\u00c3O: 22\/09\/2020\r\nHOR\u00c1RIO: 09:00 horas.  \r\nLOCAL: Pra\u00e7a Coronel Orlando n\u00ba 652, centro. ","magazineBlocksPostCategories":["Preg\u00e3o Presencial"],"magazine_blocks_featured_image_url":{"full":false,"medium":false,"thumbnail":false},"magazine_blocks_author":{"display_name":"Licita\u00e7\u00e3o","author_link":"https:\/\/www.orlandia.sp.gov.br\/novo\/author\/licitacao"},"magazine_blocks_comment":0,"magazine_blocks_author_image":"https:\/\/secure.gravatar.com\/avatar\/510039dcf0c0f298820adcefb2dc032d?s=96&d=mm&r=g","magazine_blocks_category":"<a href=\"https:\/\/www.orlandia.sp.gov.br\/novo\/category\/publicacoes\/pregao-presencial\" rel=\"category tag\">Preg\u00e3o Presencial<\/a>","_links":{"self":[{"href":"https:\/\/www.orlandia.sp.gov.br\/novo\/wp-json\/wp\/v2\/posts\/16471"}],"collection":[{"href":"https:\/\/www.orlandia.sp.gov.br\/novo\/wp-json\/wp\/v2\/posts"}],"about":[{"href":"https:\/\/www.orlandia.sp.gov.br\/novo\/wp-json\/wp\/v2\/types\/post"}],"author":[{"embeddable":true,"href":"https:\/\/www.orlandia.sp.gov.br\/novo\/wp-json\/wp\/v2\/users\/10"}],"replies":[{"embeddable":true,"href":"https:\/\/www.orlandia.sp.gov.br\/novo\/wp-json\/wp\/v2\/comments?post=16471"}],"version-history":[{"count":8,"href":"https:\/\/www.orlandia.sp.gov.br\/novo\/wp-json\/wp\/v2\/posts\/16471\/revisions"}],"predecessor-version":[{"id":16572,"href":"https:\/\/www.orlandia.sp.gov.br\/novo\/wp-json\/wp\/v2\/posts\/16471\/revisions\/16572"}],"wp:attachment":[{"href":"https:\/\/www.orlandia.sp.gov.br\/novo\/wp-json\/wp\/v2\/media?parent=16471"}],"wp:term":[{"taxonomy":"category","embeddable":true,"href":"https:\/\/www.orlandia.sp.gov.br\/novo\/wp-json\/wp\/v2\/categories?post=16471"},{"taxonomy":"post_tag","embeddable":true,"href":"https:\/\/www.orlandia.sp.gov.br\/novo\/wp-json\/wp\/v2\/tags?post=16471"}],"curies":[{"name":"wp","href":"https:\/\/api.w.org\/{rel}","templated":true}]}}