{"id":16363,"date":"2020-08-26T10:18:11","date_gmt":"2020-08-26T13:18:11","guid":{"rendered":"https:\/\/www.orlandia.sp.gov.br\/novo\/?p=16363"},"modified":"2020-09-17T16:39:41","modified_gmt":"2020-09-17T19:39:41","slug":"tomada-de-precos-102020","status":"publish","type":"post","link":"https:\/\/www.orlandia.sp.gov.br\/novo\/publicacoes\/tomada-de-preco\/tomada-de-precos-102020","title":{"rendered":"TOMADA DE PRE\u00c7OS 10\/2020"},"content":{"rendered":"<p>A PREFEITURA MUNICIPAL DE ORL\u00c2NDIA, do Estado de S\u00e3o Paulo, inscrita no CNPJ\/MF sob o n\u00ba 45.351.749\/0001\u201311, inscrita na I.E n\u00ba 491.040.101.110, por determina\u00e7\u00e3o do Excelent\u00edssimo Senhor Prefeito Municipal OSWALDO RIBEIRO JUNQUEIRA NETO, no uso de suas atribui\u00e7\u00f5es legais, faz p\u00fablico que se acha aberta a TOMADA DE PRE\u00c7OS N\u00ba 10\/2020, tipo MENOR PRE\u00c7O GLOBAL, que tem por objeto a <b>CONTRATA\u00c7\u00c3O DE EMPRESA ESPECIALIZADA EM ENGENHARIA PARA EXECU\u00c7\u00c3O DE SERVI\u00c7OS DE ADEQUA\u00c7\u00c3O E CONCLUS\u00c3O DO CENTRO DE M\u00daLTIPLO\u00a0USO localizado NO JARDIM TEIXEIRA, na cidade de Orl\u00e2ndia-SP<\/b>, que ser\u00e1 procedida e julgada de acordo com os princ\u00edpios e normas gerais estabelecidas pela Lei Federal n\u00ba 8.666, de 21 de junho de 1993, Decreto Municipal n.\u00ba 4.928, de 04.06.2020, bem como pelas disposi\u00e7\u00f5es deste edital.<\/p>\n<p>O futuro contrato a ser assinado nos presentes autos reger-se-\u00e1 pelas disposi\u00e7\u00f5es legais contidas na Lei Federal n.\u00ba 8.666\/93, na Lei Org\u00e2nica do Munic\u00edpio de Orl\u00e2ndia, no Decreto Municipal n.\u00ba 4.928, de 04.06.2020, e demais normas legais pertinentes \u00e0 mat\u00e9ria.<\/p>\n<p><a id=\"linkEdital\"onclick=\"validaDownload();\"onmouseover=\"carrega();\"href=\"https:\/\/www.orlandia.sp.gov.br\/novo\/wp-content\/uploads\/2020\/08\/TOMADA-DE-PRE\u00c7OS-10-2020-Contrata\u00e7\u00e3o-de-empresa-para-adequa\u00e7\u00e3o-e-conclus\u00e3o-do-Centro-de-Multiplo-Uso-Teixeira.pdf\">Download Edital<\/a><\/p>\n<p><a href=\"https:\/\/www.orlandia.sp.gov.br\/novo\/wp-content\/uploads\/2020\/08\/0-Planta-de-Localiza\u00e7\u00e3o.pdf\">0 Planta de Localiza\u00e7\u00e3o<\/a><\/p>\n<p><a href=\"https:\/\/www.orlandia.sp.gov.br\/novo\/wp-content\/uploads\/2020\/08\/1-Lay-Out-Geral.pdf\">1 Lay Out Geral<\/a><\/p>\n<p><a href=\"https:\/\/www.orlandia.sp.gov.br\/novo\/wp-content\/uploads\/2020\/08\/2-Planta-Baixa-Execu\u00e7\u00e3o.pdf\">2 Planta Baixa &#8211; Execu\u00e7\u00e3o<\/a><\/p>\n<p><a href=\"https:\/\/www.orlandia.sp.gov.br\/novo\/wp-content\/uploads\/2020\/08\/3-Planta-de-Cobertura.pdf\">3 Planta de Cobertura<\/a><\/p>\n<p><a href=\"https:\/\/www.orlandia.sp.gov.br\/novo\/wp-content\/uploads\/2020\/08\/4-Pontos-Eletricos-Tetos.pdf\">4 Pontos Eletricos Tetos<\/a><\/p>\n<p><a href=\"https:\/\/www.orlandia.sp.gov.br\/novo\/wp-content\/uploads\/2020\/08\/5-Pontos-Eletricos-Paredes.pdf\">5 Pontos Eletricos Paredes<\/a><\/p>\n<p><a href=\"https:\/\/www.orlandia.sp.gov.br\/novo\/wp-content\/uploads\/2020\/08\/6-Fachada.pdf\">6 Fachada<\/a><\/p>\n<p><a href=\"https:\/\/www.orlandia.sp.gov.br\/novo\/wp-content\/uploads\/2020\/08\/7-Cortes-AA-BB-CC-DD-EE.pdf\">7 Cortes AA BB CC DD EE<\/a><\/p>\n<p><a href=\"https:\/\/www.orlandia.sp.gov.br\/novo\/wp-content\/uploads\/2020\/08\/8-Cortes-FF-GG.pdf\">8 Cortes FF GG<\/a><\/p>\n<p><a href=\"https:\/\/www.orlandia.sp.gov.br\/novo\/wp-content\/uploads\/2020\/08\/8-Esquadrias.pdf\">8 Esquadrias<\/a><\/p>\n<p><a href=\"https:\/\/www.orlandia.sp.gov.br\/novo\/wp-content\/uploads\/2020\/08\/9-Gessos-Teto.pdf\">9 Gessos Teto<\/a><\/p>\n<p><a href=\"https:\/\/www.orlandia.sp.gov.br\/novo\/wp-content\/uploads\/2020\/08\/Cronograma.pdf\">Cronograma<\/a><\/p>\n<p><a href=\"https:\/\/www.orlandia.sp.gov.br\/novo\/wp-content\/uploads\/2020\/08\/Relatorio-Fotografico.pdf\">Relatorio Fotografico<\/a><\/p>\n<p><a href=\"https:\/\/www.orlandia.sp.gov.br\/novo\/wp-content\/uploads\/2020\/08\/PLANILHA-OR\u00c7AMENT\u00c1RIA-PARA-PREENCHER.xls\">PLANILHA OR\u00c7AMENT\u00c1RIA PARA PREENCHER<\/a><\/p>\n<p><a href=\"https:\/\/www.orlandia.sp.gov.br\/novo\/wp-content\/uploads\/2020\/08\/ATA-TP-10-2020.pdf\">ATA TP-10-2020<\/a><\/p>\n","protected":false},"excerpt":{"rendered":"<p>PROCESSO n.\u00ba 136\/2020<br \/>\nOBJETO: CONTRATA\u00c7\u00c3O DE EMPRESA ESPECIALIZADA EM ENGENHARIA PARA EXECU\u00c7\u00c3O DE SERVI\u00c7OS DE ADEQUA\u00c7\u00c3O E CONCLUS\u00c3O DO CENTRO DE MULTIPLO USO localizado NO JARDIM TEIXEIRA, na cidade de Orl\u00e2ndia-SP.<br \/>\nDATA DA REALIZA\u00c7\u00c3O: 11\/09\/2020<br \/>\nHOR\u00c1RIO: 09:00 horas.<br \/>\nLOCAL: Pra\u00e7a Coronel Orlando, n\u00ba 652, centro.<\/p>\n","protected":false},"author":10,"featured_media":0,"comment_status":"open","ping_status":"open","sticky":false,"template":"","format":"standard","meta":{"ngg_post_thumbnail":0,"footnotes":""},"categories":[44],"tags":[],"magazineBlocksPostFeaturedMedia":{"thumbnail":false,"medium":false,"medium_large":false,"large":false,"1536x1536":false,"2048x2048":false,"colormag-highlighted-post":false,"colormag-featured-post-medium":false,"colormag-featured-post-small":false,"colormag-featured-image":false,"colormag-default-news":false,"colormag-featured-image-large":false},"magazineBlocksPostAuthor":{"name":"Licita\u00e7\u00e3o","avatar":"https:\/\/secure.gravatar.com\/avatar\/510039dcf0c0f298820adcefb2dc032d?s=96&d=mm&r=g"},"magazineBlocksPostCommentsNumber":false,"magazineBlocksPostExcerpt":"PROCESSO n.\u00ba 136\/2020\r\nOBJETO: CONTRATA\u00c7\u00c3O DE EMPRESA ESPECIALIZADA EM ENGENHARIA PARA EXECU\u00c7\u00c3O DE SERVI\u00c7OS DE ADEQUA\u00c7\u00c3O E CONCLUS\u00c3O DO CENTRO DE MULTIPLO USO localizado NO JARDIM TEIXEIRA, na cidade de Orl\u00e2ndia-SP.\r\nDATA DA REALIZA\u00c7\u00c3O: 11\/09\/2020\r\nHOR\u00c1RIO: 09:00 horas.\r\nLOCAL: Pra\u00e7a Coronel Orlando, n\u00ba 652, centro.","magazineBlocksPostCategories":["Tomada de Pre\u00e7o"],"magazine_blocks_featured_image_url":{"full":false,"medium":false,"thumbnail":false},"magazine_blocks_author":{"display_name":"Licita\u00e7\u00e3o","author_link":"https:\/\/www.orlandia.sp.gov.br\/novo\/author\/licitacao"},"magazine_blocks_comment":0,"magazine_blocks_author_image":"https:\/\/secure.gravatar.com\/avatar\/510039dcf0c0f298820adcefb2dc032d?s=96&d=mm&r=g","magazine_blocks_category":"<a href=\"https:\/\/www.orlandia.sp.gov.br\/novo\/category\/publicacoes\/tomada-de-preco\" rel=\"category tag\">Tomada de Pre\u00e7o<\/a>","_links":{"self":[{"href":"https:\/\/www.orlandia.sp.gov.br\/novo\/wp-json\/wp\/v2\/posts\/16363"}],"collection":[{"href":"https:\/\/www.orlandia.sp.gov.br\/novo\/wp-json\/wp\/v2\/posts"}],"about":[{"href":"https:\/\/www.orlandia.sp.gov.br\/novo\/wp-json\/wp\/v2\/types\/post"}],"author":[{"embeddable":true,"href":"https:\/\/www.orlandia.sp.gov.br\/novo\/wp-json\/wp\/v2\/users\/10"}],"replies":[{"embeddable":true,"href":"https:\/\/www.orlandia.sp.gov.br\/novo\/wp-json\/wp\/v2\/comments?post=16363"}],"version-history":[{"count":5,"href":"https:\/\/www.orlandia.sp.gov.br\/novo\/wp-json\/wp\/v2\/posts\/16363\/revisions"}],"predecessor-version":[{"id":16661,"href":"https:\/\/www.orlandia.sp.gov.br\/novo\/wp-json\/wp\/v2\/posts\/16363\/revisions\/16661"}],"wp:attachment":[{"href":"https:\/\/www.orlandia.sp.gov.br\/novo\/wp-json\/wp\/v2\/media?parent=16363"}],"wp:term":[{"taxonomy":"category","embeddable":true,"href":"https:\/\/www.orlandia.sp.gov.br\/novo\/wp-json\/wp\/v2\/categories?post=16363"},{"taxonomy":"post_tag","embeddable":true,"href":"https:\/\/www.orlandia.sp.gov.br\/novo\/wp-json\/wp\/v2\/tags?post=16363"}],"curies":[{"name":"wp","href":"https:\/\/api.w.org\/{rel}","templated":true}]}}