{"id":15472,"date":"2020-03-31T11:55:15","date_gmt":"2020-03-31T14:55:15","guid":{"rendered":"https:\/\/www.orlandia.sp.gov.br\/novo\/?p=15472"},"modified":"2020-04-13T14:51:53","modified_gmt":"2020-04-13T17:51:53","slug":"pregao-presencial-462020","status":"publish","type":"post","link":"https:\/\/www.orlandia.sp.gov.br\/novo\/publicacoes\/pregao-presencial\/pregao-presencial-462020","title":{"rendered":"PREG\u00c3O PRESENCIAL 46\/2020 (PROCESSO SUSPENSO)"},"content":{"rendered":"","protected":false},"excerpt":{"rendered":"<p>PROCESSO n\u00b0 58\/2020<br \/>\nOBJETO: CONTRATA\u00c7\u00c3O DE SOCIEDADE DE ADVOGADOS PARA A PRESTA\u00c7\u00c3O DE SERVI\u00c7OS T\u00c9CNICOS ADVOCAT\u00cdCIOS PARA DEFESA E ATUA\u00c7\u00c3O EM PROCESSOS JUNTO AO TRIBUNAL DE CONTAS DO ESTADO DE S\u00c3O PAULO (TCE-SP), CONFORME TERMO DE REFER\u00caNCIA.<br \/>\nDATA DA REALIZA\u00c7\u00c3O: XX\/XX\/XXXX<br \/>\nHOR\u00c1RIO: XX:XX<br \/>\nLOCAL: Pra\u00e7a Coronel Orlando n\u00ba 652, centro.<\/p>\n","protected":false},"author":10,"featured_media":0,"comment_status":"open","ping_status":"open","sticky":false,"template":"","format":"standard","meta":{"ngg_post_thumbnail":0,"footnotes":""},"categories":[42],"tags":[],"magazineBlocksPostFeaturedMedia":{"thumbnail":false,"medium":false,"medium_large":false,"large":false,"1536x1536":false,"2048x2048":false,"colormag-highlighted-post":false,"colormag-featured-post-medium":false,"colormag-featured-post-small":false,"colormag-featured-image":false,"colormag-default-news":false,"colormag-featured-image-large":false},"magazineBlocksPostAuthor":{"name":"Licita\u00e7\u00e3o","avatar":"https:\/\/secure.gravatar.com\/avatar\/510039dcf0c0f298820adcefb2dc032d?s=96&d=mm&r=g"},"magazineBlocksPostCommentsNumber":false,"magazineBlocksPostExcerpt":"PROCESSO n\u00b0 58\/2020\r\nOBJETO: CONTRATA\u00c7\u00c3O DE SOCIEDADE DE ADVOGADOS PARA A PRESTA\u00c7\u00c3O DE SERVI\u00c7OS T\u00c9CNICOS ADVOCAT\u00cdCIOS PARA DEFESA E ATUA\u00c7\u00c3O EM PROCESSOS JUNTO AO TRIBUNAL DE CONTAS DO ESTADO DE S\u00c3O PAULO (TCE-SP), CONFORME TERMO DE REFER\u00caNCIA.\r\nDATA DA REALIZA\u00c7\u00c3O: XX\/XX\/XXXX\r\nHOR\u00c1RIO: XX:XX\r\nLOCAL: Pra\u00e7a Coronel Orlando n\u00ba 652, centro.","magazineBlocksPostCategories":["Preg\u00e3o Presencial"],"magazine_blocks_featured_image_url":{"full":false,"medium":false,"thumbnail":false},"magazine_blocks_author":{"display_name":"Licita\u00e7\u00e3o","author_link":"https:\/\/www.orlandia.sp.gov.br\/novo\/author\/licitacao"},"magazine_blocks_comment":0,"magazine_blocks_author_image":"https:\/\/secure.gravatar.com\/avatar\/510039dcf0c0f298820adcefb2dc032d?s=96&d=mm&r=g","magazine_blocks_category":"<a href=\"https:\/\/www.orlandia.sp.gov.br\/novo\/category\/publicacoes\/pregao-presencial\" rel=\"category tag\">Preg\u00e3o Presencial<\/a>","_links":{"self":[{"href":"https:\/\/www.orlandia.sp.gov.br\/novo\/wp-json\/wp\/v2\/posts\/15472"}],"collection":[{"href":"https:\/\/www.orlandia.sp.gov.br\/novo\/wp-json\/wp\/v2\/posts"}],"about":[{"href":"https:\/\/www.orlandia.sp.gov.br\/novo\/wp-json\/wp\/v2\/types\/post"}],"author":[{"embeddable":true,"href":"https:\/\/www.orlandia.sp.gov.br\/novo\/wp-json\/wp\/v2\/users\/10"}],"replies":[{"embeddable":true,"href":"https:\/\/www.orlandia.sp.gov.br\/novo\/wp-json\/wp\/v2\/comments?post=15472"}],"version-history":[{"count":3,"href":"https:\/\/www.orlandia.sp.gov.br\/novo\/wp-json\/wp\/v2\/posts\/15472\/revisions"}],"predecessor-version":[{"id":15510,"href":"https:\/\/www.orlandia.sp.gov.br\/novo\/wp-json\/wp\/v2\/posts\/15472\/revisions\/15510"}],"wp:attachment":[{"href":"https:\/\/www.orlandia.sp.gov.br\/novo\/wp-json\/wp\/v2\/media?parent=15472"}],"wp:term":[{"taxonomy":"category","embeddable":true,"href":"https:\/\/www.orlandia.sp.gov.br\/novo\/wp-json\/wp\/v2\/categories?post=15472"},{"taxonomy":"post_tag","embeddable":true,"href":"https:\/\/www.orlandia.sp.gov.br\/novo\/wp-json\/wp\/v2\/tags?post=15472"}],"curies":[{"name":"wp","href":"https:\/\/api.w.org\/{rel}","templated":true}]}}