{"id":15452,"date":"2020-03-31T11:51:31","date_gmt":"2020-03-31T14:51:31","guid":{"rendered":"https:\/\/www.orlandia.sp.gov.br\/novo\/?p=15452"},"modified":"2020-03-31T11:51:31","modified_gmt":"2020-03-31T14:51:31","slug":"pregao-presencial-432020","status":"publish","type":"post","link":"https:\/\/www.orlandia.sp.gov.br\/novo\/publicacoes\/pregao-presencial\/pregao-presencial-432020","title":{"rendered":"PREG\u00c3O PRESENCIAL 43\/2020"},"content":{"rendered":"<p>O MUNIC\u00cdPIO DE ORL\u00c2NDIA, pessoa jur\u00eddica de direito p\u00fablico interno, com sede na\u00a0cidade de Orl\u00e2ndia, Estado de S\u00e3o Paulo, na Pra\u00e7a Coronel Orlando n\u00ba 600, centro, CEP 14620-000, telefone (16) 3820-8000, inscrita no CNPJ\/MF sob n\u00ba 45.351.749\/0001\u201311, inscrita na I.E\u00a0491.040.101.110, por determina\u00e7\u00e3o do Excelent\u00edssimo Prefeito Municipal, SENHOR\u00a0OSWALDO RIBEIRO JUNQUEIRA NETO, torna p\u00fablico que se acha aberta \u00e0 licita\u00e7\u00e3o na<br \/>\nmodalidade PREG\u00c3O \u2013 PRESENCIAL, do tipo MENOR VALOR GLOBAL \u2013 Processo n\u00ba\u00a055\/2020, objetivando o <strong>REGISTRO DE PRE\u00c7OS PARA A AQUISI\u00c7\u00c3O DE CESTAS\u00a0B\u00c1SICAS PARA ATENDIMENTO EVENTUAL AS FAM\u00cdLIAS CADASTRADAS NA\u00a0SECRETARIA MUNICIPAL DE ASSIST\u00caNCIA E DESENVOLVIMENTO SOCIAL<\/strong>,<br \/>\nque ser\u00e1 regida pela Lei Federal n\u00ba 10.520, de 17 de julho de 2002, Decreto Municipal n\u00ba 3.373,\u00a0de 30 de maio de 2005, Decreto Municipal 4.111, de 06 de fevereiro de 2012, aplicando-se\u00a0subsidiariamente, no que couberem, as disposi\u00e7\u00f5es contidas na Lei Federal n\u00ba 8.666, de 21 de\u00a0junho de 1993, e demais normas regulamentares aplic\u00e1veis \u00e0 esp\u00e9cie.<br \/>\nAs propostas dever\u00e3o obedecer \u00e0s especifica\u00e7\u00f5es estabelecidas por este instrumento\u00a0convocat\u00f3rio e seus anexos, que dele fazem parte integrante.<br \/>\nOs envelopes contendo a proposta e os documentos de habilita\u00e7\u00e3o ser\u00e3o recebidos no endere\u00e7o\u00a0acima mencionado, na sess\u00e3o p\u00fablica de processamento do Preg\u00e3o, ap\u00f3s o credenciamento dos\u00a0interessados que se apresentarem para participar do certame.<br \/>\n1. As amostras (exigidas t\u00e3o somente para as licitantes vencedoras) dever\u00e3o ser entregues no\u00a0setor de Compras e Licita\u00e7\u00f5es, na Avenida 04, n\u00ba 652, Centro, do munic\u00edpio de Orl\u00e2ndia, no\u00a0mesmo dia de abertura do certame, ap\u00f3s a fase de classifica\u00e7\u00e3o.<br \/>\n1.2 \u2013 As licitantes vencedoras dever\u00e3o apresentar amostras de todos os itens para verifica\u00e7\u00e3o\u00a0de sua conformidade com o descritivo t\u00e9cnico do edital.<br \/>\n2. O licitante vencedor que n\u00e3o apresentar as amostras dentro do prazo determinado ser\u00e1\u00a0desclassificado quanto ao respectivo item.<br \/>\n3. As amostras dever\u00e3o estar identificadas com data, assinatura e nome da empresa licitante.\u00a0N\u00e3o ser\u00e3o avaliadas as amostras que n\u00e3o estiverem identificadas ou fora de sua embalagem\u00a0original.<br \/>\n4. As amostras poder\u00e3o ser apresentadas na menor embalagem unit\u00e1ria original, devidamente\u00a0identificada, com r\u00f3tulo contendo registro do produto de acordo com a legisla\u00e7\u00e3o vigente.\u00a0Dever\u00e3o, tamb\u00e9m, ser correspondentes ao produto entregue.<br \/>\n5. Em decorr\u00eancia da an\u00e1lise dos produtos as amostras n\u00e3o ser\u00e3o devolvidas, uma vez que\u00a0ser\u00e3o retidas para a confronta\u00e7\u00e3o do material quando de sua entrega, assim como para\u00a0posteriores an\u00e1lises pelos \u00d3rg\u00e3os de Controle Interno e Externo.<br \/>\nA sess\u00e3o de processamento do Preg\u00e3o ser\u00e1 realizada em depend\u00eancia pr\u00f3pria da Administra\u00e7\u00e3o\u00a0P\u00fablica Municipal, localizada na Pra\u00e7a Coronel Orlando n\u00ba 652, centro, na cidade de Orl\u00e2ndia,\u00a0Estado de S\u00e3o Paulo, iniciando-se no dia <strong>09\/04\/2020<\/strong> \u00e0s<strong> 09:00 horas<\/strong> e ser\u00e1 conduzida por um\u00a0dos Pregoeiros, com o aux\u00edlio da Equipe de Apoio, designados pelo Decreto n\u00ba 4.605, de 12 de\u00a0janeiro de 2017.<\/p>\n<p><a id=\"linkEdital\"onclick=\"validaDownload();\"onmouseover=\"carrega();\"href=\"https:\/\/www.orlandia.sp.gov.br\/novo\/wp-content\/uploads\/2020\/03\/EDITAL-PREG\u00c3O-43-2020-Registro-de-pre\u00e7os-para-aquisi\u00e7\u00e3o-de-cesta-b\u00e1sica-para-a-Promo\u00e7\u00e3o-Social.pdf\">Download Edital<\/a><\/p>\n","protected":false},"excerpt":{"rendered":"<p>PROCESSO n\u00b0 55\/2020<br \/>\nOBJETO: REGISTRO DE PRE\u00c7OS PARA A AQUISI\u00c7\u00c3O DE CESTAS B\u00c1SICAS PARA ATENDIMENTO EVENTUAL AS FAM\u00cdLIAS CADASTRADAS NA SECRETARIA MUNICIPAL DE ASSIST\u00caNCIA E DESENVOLVIMENTO SOCIAL.<br \/>\nDATA DA REALIZA\u00c7\u00c3O: 09\/04\/2020<br \/>\nHOR\u00c1RIO: 09:00 horas<br \/>\nLOCAL: Pra\u00e7a Coronel Orlando n\u00ba 652, centro<\/p>\n","protected":false},"author":10,"featured_media":0,"comment_status":"open","ping_status":"open","sticky":false,"template":"","format":"standard","meta":{"ngg_post_thumbnail":0,"footnotes":""},"categories":[42],"tags":[],"magazineBlocksPostFeaturedMedia":{"thumbnail":false,"medium":false,"medium_large":false,"large":false,"1536x1536":false,"2048x2048":false,"colormag-highlighted-post":false,"colormag-featured-post-medium":false,"colormag-featured-post-small":false,"colormag-featured-image":false,"colormag-default-news":false,"colormag-featured-image-large":false},"magazineBlocksPostAuthor":{"name":"Licita\u00e7\u00e3o","avatar":"https:\/\/secure.gravatar.com\/avatar\/510039dcf0c0f298820adcefb2dc032d?s=96&d=mm&r=g"},"magazineBlocksPostCommentsNumber":false,"magazineBlocksPostExcerpt":"PROCESSO n\u00b0 55\/2020\r\nOBJETO: REGISTRO DE PRE\u00c7OS PARA A AQUISI\u00c7\u00c3O DE CESTAS B\u00c1SICAS PARA ATENDIMENTO EVENTUAL AS FAM\u00cdLIAS CADASTRADAS NA SECRETARIA MUNICIPAL DE ASSIST\u00caNCIA E DESENVOLVIMENTO SOCIAL.\r\nDATA DA REALIZA\u00c7\u00c3O: 09\/04\/2020\r\nHOR\u00c1RIO: 09:00 horas\r\nLOCAL: Pra\u00e7a Coronel Orlando n\u00ba 652, centro","magazineBlocksPostCategories":["Preg\u00e3o Presencial"],"magazine_blocks_featured_image_url":{"full":false,"medium":false,"thumbnail":false},"magazine_blocks_author":{"display_name":"Licita\u00e7\u00e3o","author_link":"https:\/\/www.orlandia.sp.gov.br\/novo\/author\/licitacao"},"magazine_blocks_comment":0,"magazine_blocks_author_image":"https:\/\/secure.gravatar.com\/avatar\/510039dcf0c0f298820adcefb2dc032d?s=96&d=mm&r=g","magazine_blocks_category":"<a href=\"https:\/\/www.orlandia.sp.gov.br\/novo\/category\/publicacoes\/pregao-presencial\" rel=\"category tag\">Preg\u00e3o Presencial<\/a>","_links":{"self":[{"href":"https:\/\/www.orlandia.sp.gov.br\/novo\/wp-json\/wp\/v2\/posts\/15452"}],"collection":[{"href":"https:\/\/www.orlandia.sp.gov.br\/novo\/wp-json\/wp\/v2\/posts"}],"about":[{"href":"https:\/\/www.orlandia.sp.gov.br\/novo\/wp-json\/wp\/v2\/types\/post"}],"author":[{"embeddable":true,"href":"https:\/\/www.orlandia.sp.gov.br\/novo\/wp-json\/wp\/v2\/users\/10"}],"replies":[{"embeddable":true,"href":"https:\/\/www.orlandia.sp.gov.br\/novo\/wp-json\/wp\/v2\/comments?post=15452"}],"version-history":[{"count":1,"href":"https:\/\/www.orlandia.sp.gov.br\/novo\/wp-json\/wp\/v2\/posts\/15452\/revisions"}],"predecessor-version":[{"id":15454,"href":"https:\/\/www.orlandia.sp.gov.br\/novo\/wp-json\/wp\/v2\/posts\/15452\/revisions\/15454"}],"wp:attachment":[{"href":"https:\/\/www.orlandia.sp.gov.br\/novo\/wp-json\/wp\/v2\/media?parent=15452"}],"wp:term":[{"taxonomy":"category","embeddable":true,"href":"https:\/\/www.orlandia.sp.gov.br\/novo\/wp-json\/wp\/v2\/categories?post=15452"},{"taxonomy":"post_tag","embeddable":true,"href":"https:\/\/www.orlandia.sp.gov.br\/novo\/wp-json\/wp\/v2\/tags?post=15452"}],"curies":[{"name":"wp","href":"https:\/\/api.w.org\/{rel}","templated":true}]}}