{"id":14628,"date":"2019-11-04T14:18:23","date_gmt":"2019-11-04T17:18:23","guid":{"rendered":"https:\/\/www.orlandia.sp.gov.br\/novo\/?p=14628"},"modified":"2019-11-04T16:36:42","modified_gmt":"2019-11-04T19:36:42","slug":"concorrencia-publica-032019","status":"publish","type":"post","link":"https:\/\/www.orlandia.sp.gov.br\/novo\/publicacoes\/concorrencia-publica\/concorrencia-publica-032019","title":{"rendered":"CONCORR\u00caNCIA P\u00daBLICA 03\/2019"},"content":{"rendered":"<p>A PREFEITURA MUNICIPAL DE ORL\u00c2NDIA, do Estado de S\u00e3o Paulo, inscrita no CNPJ\/MF sob o n\u00ba 45.351.749\/0001\u201311, inscrita na I.E n\u00ba 491.040.101.110, por determina\u00e7\u00e3o do Excelent\u00edssimo Senhor Prefeito Municipal SENHOR OSWALDO RIBEIRO JUNQUEIRA NETO, no uso de suas atribui\u00e7\u00f5es legais, faz p\u00fablico que se acha aberta a <strong>CONCORR\u00caNCIA P\u00daBLICA N\u00ba 003\/2019<\/strong>, tipo MENOR VALOR GLOBAL, que tem por objeto a <strong>CONTRATA\u00c7\u00c3O DE EMPRESA ESPECIALIZADA EM ENGENHARIA PARA EXECU\u00c7\u00c3O DE SERVI\u00c7OS GERAIS DE MANUTEN\u00c7\u00c3O EM PR\u00c9DIOS P\u00daBLICOS PR\u00d3PRIOS, LOCADOS E CONVENIADOS DA ADMINISTRA\u00c7\u00c3O EM GERAL E DA REDE MUNICIPAL DE ENSINO<\/strong>, que ser\u00e1 procedida e julgada de acordo com os princ\u00edpios e normas gerais estabelecidas pela Lei Federal n\u00ba 8.666, de 21 de junho de 1993, bem como pelas disposi\u00e7\u00f5es deste edital.<\/p>\n<p>O futuro contrato a ser assinado nos presentes autos reger-se-\u00e1 pelas disposi\u00e7\u00f5es legais contidas na Lei n.\u00ba 8.666\/93, na Lei Org\u00e2nica do Munic\u00edpio de Orl\u00e2ndia, e demais normas legais pertinentes.<\/p>\n<p><a id=\"linkEdital\"onclick=\"validaDownload();\"onmouseover=\"carrega();\"href=\"https:\/\/www.orlandia.sp.gov.br\/novo\/wp-content\/uploads\/2019\/11\/CONCORR\u00caNCIA-P\u00daBLICA-003-2019-MANUTEN\u00c7\u00c3O-PREDIAL-1.pdf\">Download Edital<\/a><\/p>\n<p><a href=\"https:\/\/www.orlandia.sp.gov.br\/novo\/wp-content\/uploads\/2019\/11\/BDI-predios-publicos.pdf\">BDI predios publicos<\/a><\/p>\n<p><a href=\"https:\/\/www.orlandia.sp.gov.br\/novo\/wp-content\/uploads\/2019\/11\/Model.pdf\">Model<\/a><\/p>\n<p><a href=\"https:\/\/www.orlandia.sp.gov.br\/novo\/wp-content\/uploads\/2019\/11\/Modelo-de-Proposta-7.xlsx\">Modelo de Proposta (7)<\/a><\/p>\n<p><a href=\"https:\/\/www.orlandia.sp.gov.br\/novo\/wp-content\/uploads\/2019\/11\/Planilha-Or\u00e7ament\u00e1ria.xlsx\">Planilha Or\u00e7ament\u00e1ria<\/a><\/p>\n","protected":false},"excerpt":{"rendered":"<p>PROCESSO n.\u00ba 159\/2019<br \/>\nOBJETO: CONTRATA\u00c7\u00c3O DE EMPRESA ESPECIALIZADA EM ENGENHARIA PARA EXECU\u00c7\u00c3O DE SERVI\u00c7OS GERAIS DE MANUTEN\u00c7\u00c3O EM PR\u00c9DIOS P\u00daBLICOS PR\u00d3PRIOS, LOCADOS E CONVENIADOS DA ADMINISTRA\u00c7\u00c3O EM GERAL E DA REDE MUNICIPAL DE ENSINO.<br \/>\nDATA DA REALIZA\u00c7\u00c3O: 04\/12\/2019.<br \/>\nHOR\u00c1RIO: 09:00 horas.<br \/>\nLOCAL: Pra\u00e7a Coronel Orlando n\u00ba 652, centro.<\/p>\n","protected":false},"author":10,"featured_media":0,"comment_status":"open","ping_status":"open","sticky":false,"template":"","format":"standard","meta":{"ngg_post_thumbnail":0,"footnotes":""},"categories":[34],"tags":[],"magazineBlocksPostFeaturedMedia":{"thumbnail":false,"medium":false,"medium_large":false,"large":false,"1536x1536":false,"2048x2048":false,"colormag-highlighted-post":false,"colormag-featured-post-medium":false,"colormag-featured-post-small":false,"colormag-featured-image":false,"colormag-default-news":false,"colormag-featured-image-large":false},"magazineBlocksPostAuthor":{"name":"Licita\u00e7\u00e3o","avatar":"https:\/\/secure.gravatar.com\/avatar\/510039dcf0c0f298820adcefb2dc032d?s=96&d=mm&r=g"},"magazineBlocksPostCommentsNumber":false,"magazineBlocksPostExcerpt":"PROCESSO n.\u00ba 159\/2019\r\nOBJETO: CONTRATA\u00c7\u00c3O DE EMPRESA ESPECIALIZADA EM ENGENHARIA PARA EXECU\u00c7\u00c3O DE SERVI\u00c7OS GERAIS DE MANUTEN\u00c7\u00c3O EM PR\u00c9DIOS P\u00daBLICOS PR\u00d3PRIOS, LOCADOS E CONVENIADOS DA ADMINISTRA\u00c7\u00c3O EM GERAL E DA REDE MUNICIPAL DE ENSINO.\r\nDATA DA REALIZA\u00c7\u00c3O: 04\/12\/2019.\r\nHOR\u00c1RIO: 09:00 horas.\r\nLOCAL: Pra\u00e7a Coronel Orlando n\u00ba 652, centro.","magazineBlocksPostCategories":["Concorr\u00eancia P\u00fablica"],"magazine_blocks_featured_image_url":{"full":false,"medium":false,"thumbnail":false},"magazine_blocks_author":{"display_name":"Licita\u00e7\u00e3o","author_link":"https:\/\/www.orlandia.sp.gov.br\/novo\/author\/licitacao"},"magazine_blocks_comment":0,"magazine_blocks_author_image":"https:\/\/secure.gravatar.com\/avatar\/510039dcf0c0f298820adcefb2dc032d?s=96&d=mm&r=g","magazine_blocks_category":"<a href=\"https:\/\/www.orlandia.sp.gov.br\/novo\/category\/publicacoes\/concorrencia-publica\" rel=\"category tag\">Concorr\u00eancia P\u00fablica<\/a>","_links":{"self":[{"href":"https:\/\/www.orlandia.sp.gov.br\/novo\/wp-json\/wp\/v2\/posts\/14628"}],"collection":[{"href":"https:\/\/www.orlandia.sp.gov.br\/novo\/wp-json\/wp\/v2\/posts"}],"about":[{"href":"https:\/\/www.orlandia.sp.gov.br\/novo\/wp-json\/wp\/v2\/types\/post"}],"author":[{"embeddable":true,"href":"https:\/\/www.orlandia.sp.gov.br\/novo\/wp-json\/wp\/v2\/users\/10"}],"replies":[{"embeddable":true,"href":"https:\/\/www.orlandia.sp.gov.br\/novo\/wp-json\/wp\/v2\/comments?post=14628"}],"version-history":[{"count":6,"href":"https:\/\/www.orlandia.sp.gov.br\/novo\/wp-json\/wp\/v2\/posts\/14628\/revisions"}],"predecessor-version":[{"id":14648,"href":"https:\/\/www.orlandia.sp.gov.br\/novo\/wp-json\/wp\/v2\/posts\/14628\/revisions\/14648"}],"wp:attachment":[{"href":"https:\/\/www.orlandia.sp.gov.br\/novo\/wp-json\/wp\/v2\/media?parent=14628"}],"wp:term":[{"taxonomy":"category","embeddable":true,"href":"https:\/\/www.orlandia.sp.gov.br\/novo\/wp-json\/wp\/v2\/categories?post=14628"},{"taxonomy":"post_tag","embeddable":true,"href":"https:\/\/www.orlandia.sp.gov.br\/novo\/wp-json\/wp\/v2\/tags?post=14628"}],"curies":[{"name":"wp","href":"https:\/\/api.w.org\/{rel}","templated":true}]}}