{"id":14424,"date":"2019-09-05T09:49:49","date_gmt":"2019-09-05T12:49:49","guid":{"rendered":"https:\/\/www.orlandia.sp.gov.br\/novo\/?p=14424"},"modified":"2020-01-17T14:33:56","modified_gmt":"2020-01-17T17:33:56","slug":"concurso-publico-012019","status":"publish","type":"post","link":"https:\/\/www.orlandia.sp.gov.br\/novo\/publicacoes\/concurso-publico\/concurso-publico-012019","title":{"rendered":"CONCURSO P\u00daBLICO 01\/2019"},"content":{"rendered":"<p>A PREFEITURA MUNICIPAL DE ORL\u00c2NDIA\/SP, no uso de suas atribui\u00e7\u00f5es e com fundamento no artigo 37, inciso II, da Constitui\u00e7\u00e3o Federal Brasileira de 1988; na Lei Org\u00e2nica do Munic\u00edpio de Orl\u00e2ndia; na Lei Complementar n\u00ba 3.823\/2011; na Lei Complementar n\u00ba 28\/2017; na Lei Complementar n\u00ba 3480\/2006; Lei n\u00ba 4.153\/2018; e na Portaria n\u00ba 24.866 de 17 de agosto de 2017, torna p\u00fablica a realiza\u00e7\u00e3o de Concurso P\u00fablico de Provas e T\u00edtulos destinado ao preenchimento de vagas do quadro de servidores e forma\u00e7\u00e3o de cadastro de reserva, mediante as condi\u00e7\u00f5es estabelecidas neste Edital.<\/p>\n<p><a href=\"https:\/\/www.orlandia.sp.gov.br\/novo\/wp-content\/uploads\/2019\/09\/Minuta-Edital-Concurso-P\u00fablico-001.2019-Prefeitura-Municipal-de-Orl\u00e2ndia.pdf\">Minuta Edital &#8211; Concurso P\u00fablico &#8211; 001.2019 &#8211; Prefeitura Municipal de Orl\u00e2ndia<\/a><\/p>\n<p><a href=\"https:\/\/www.orlandia.sp.gov.br\/novo\/wp-content\/uploads\/2019\/09\/Prefeitura-de-Orl\u00e2ndia-Retifica\u00e7\u00e3o-I.pdf\">Prefeitura de Orl\u00e2ndia &#8211; Retifica\u00e7\u00e3o I<\/a><\/p>\n<p><a href=\"https:\/\/www.orlandia.sp.gov.br\/novo\/wp-content\/uploads\/2019\/09\/Edital-Prefeitura-de-Orl\u00e2ndia-An\u00e1lise-preliminar-isen\u00e7\u00e3o.pdf\">Edital &#8211; Prefeitura de Orl\u00e2ndia &#8211; An\u00e1lise preliminar isen\u00e7\u00e3o<\/a><\/p>\n<p><a href=\"https:\/\/www.orlandia.sp.gov.br\/novo\/wp-content\/uploads\/2019\/09\/Ana\u0301lise-definitiva-dos-pedidos-de-isenc\u0327a\u0303o.pdf\">EDITAL &#8211; An\u00e1lise Definitivo Dos Pedidos De Isen\u00e7\u00e3o<\/a><\/p>\n<p><a href=\"https:\/\/www.orlandia.sp.gov.br\/novo\/wp-content\/uploads\/2019\/09\/Retifica\u00e7\u00e3o-I-do-Edital-de-Abertura.pdf\">Retifica\u00e7\u00e3o I do Edital de Abertura<\/a><\/p>\n<p><a href=\"https:\/\/www.orlandia.sp.gov.br\/novo\/wp-content\/uploads\/2019\/09\/An\u00e1lise-Definitiva-dos-Pedidos-de-Isen\u00e7\u00e3o.pdf\">An\u00e1lise Definitiva dos Pedidos de Isen\u00e7\u00e3o<\/a><\/p>\n<p><a href=\"https:\/\/www.orlandia.sp.gov.br\/novo\/wp-content\/uploads\/2019\/09\/An\u00e1lise-Preliminar-dos-Pedidos-de-Concorr\u00eancia-\u00e0-PCD.pdf\">An\u00e1lise Preliminar dos Pedidos de Concorr\u00eancia \u00e0 PCD<\/a><\/p>\n<p><a href=\"https:\/\/www.orlandia.sp.gov.br\/novo\/wp-content\/uploads\/2019\/09\/An\u00e1lise-Preliminar-dos-Pedidos-de-Atendimento-Especial.pdf\">An\u00e1lise Preliminar dos Pedidos de Atendimento Especial<\/a><\/p>\n<p><a href=\"https:\/\/www.orlandia.sp.gov.br\/novo\/wp-content\/uploads\/2019\/09\/Edital-Preliminar-de-Homologa\u00e7\u00e3o-das-Inscri\u00e7\u00f5es.pdf\">Edital Preliminar de Homologa\u00e7\u00e3o das Inscri\u00e7\u00f5es<\/a><\/p>\n<p><a href=\"https:\/\/www.orlandia.sp.gov.br\/novo\/wp-content\/uploads\/2019\/09\/An\u00e1lise-Definitiva-dos-Pedidos-de-Concorr\u00eancia-\u00e0-PCD.pdf\">An\u00e1lise Definitiva dos Pedidos de Concorr\u00eancia \u00e0 PCD<\/a><\/p>\n<p><a href=\"https:\/\/www.orlandia.sp.gov.br\/novo\/wp-content\/uploads\/2019\/09\/An\u00e1lise-Definitiva-dos-Pedidos-de-Atendimento-Especial.pdf\">An\u00e1lise Definitiva dos Pedidos de Atendimento Especial<\/a><\/p>\n<p><a href=\"https:\/\/www.orlandia.sp.gov.br\/novo\/wp-content\/uploads\/2019\/09\/Edital-Definitivo-de-Homologa\u00e7\u00e3o-das-Inscri\u00e7\u00f5es.pdf\">Edital Definitivo de Homologa\u00e7\u00e3o das Inscri\u00e7\u00f5es<\/a><\/p>\n<p><a href=\"https:\/\/www.orlandia.sp.gov.br\/novo\/wp-content\/uploads\/2019\/09\/Demanda-de-Candidatos-por-Vaga.pdf\">Demanda de Candidatos por Vaga<\/a><\/p>\n<p><a href=\"https:\/\/www.orlandia.sp.gov.br\/novo\/wp-content\/uploads\/2019\/09\/GABARITO-P\u00d3S-RECURSOS-CONCURSO-P\u00daBLICO-PREFEITURA-MUNICIPAL-DE-ORL\u00c2NDIA-SP.pdf\">GABARITO P\u00d3S-RECURSOS &#8211; CONCURSO P\u00daBLICO PREFEITURA MUNICIPAL DE ORL\u00c2NDIA &#8211; SP<\/a><\/p>\n<p><a href=\"https:\/\/www.orlandia.sp.gov.br\/novo\/wp-content\/uploads\/2019\/09\/959_ORL\u00c2NDIA-Resultado-Preliminar-da-Prova-Objetiva-2019-11-14.pdf\">959_ORL\u00c2NDIA &#8211; Resultado Preliminar da Prova Objetiva (2019-11-14)<\/a><\/p>\n<p><a href=\"https:\/\/www.orlandia.sp.gov.br\/novo\/wp-content\/uploads\/2019\/09\/959_ORL\u00c2NDIA-Resultado-Preliminar-Avalia\u00e7\u00e3o-de-T\u00edtulos-2019-11-22.pdf\">959_ORL\u00c2NDIA &#8211; Resultado Preliminar Avalia\u00e7\u00e3o de T\u00edtulos (2019-11-22)<\/a><\/p>\n<p><a href=\"https:\/\/www.orlandia.sp.gov.br\/novo\/wp-content\/uploads\/2019\/09\/959_ORL\u00c2NDIA-Resultado-Definitivo-da-Prova-Objetiva-2019-11-22.pdf\">959_ORL\u00c2NDIA &#8211; Resultado Definitivo da Prova Objetiva (2019-11-22)<\/a><\/p>\n<p><a href=\"https:\/\/www.orlandia.sp.gov.br\/novo\/wp-content\/uploads\/2019\/09\/959_ORL\u00c2NDIA-Resultado-Final-de-Aprovados-OBJETIVA-2019-11-25.pdf\">959_ORL\u00c2NDIA &#8211; Resultado Final de Aprovados (OBJETIVA) &#8211; (2019-11-25)<\/a><\/p>\n<p><a href=\"https:\/\/www.orlandia.sp.gov.br\/novo\/wp-content\/uploads\/2019\/09\/Convoca\u00e7\u00e3o-Guarda-Civil-PREFEITURA-MUNICIPAL-ORL\u00c2NDIA-2019.pdf\">Convoca\u00e7\u00e3o Guarda Civil &#8211; PREFEITURA MUNICIPAL ORL\u00c2NDIA 2019<\/a><\/p>\n<p><a href=\"https:\/\/www.orlandia.sp.gov.br\/novo\/wp-content\/uploads\/2019\/09\/Convoca\u00e7\u00e3o-Prova-Pr\u00e1tica-PREFEITURA-MUNICIPAL-ORL\u00c2NDIA-2019.pdf\">Convoca\u00e7\u00e3o Prova Pr\u00e1tica &#8211; PREFEITURA MUNICIPAL ORL\u00c2NDIA 2019<\/a><\/p>\n<p><a href=\"https:\/\/www.orlandia.sp.gov.br\/novo\/wp-content\/uploads\/2019\/09\/959_ORL\u00c2NDIA-Resultado-Definitivo-Avalia\u00e7\u00e3o-de-T\u00edtulos-2019-12-04.pdf\">959_ORL\u00c2NDIA &#8211; Resultado Definitivo Avalia\u00e7\u00e3o de T\u00edtulos (2019-12-04))<\/a><\/p>\n<p><a href=\"https:\/\/www.orlandia.sp.gov.br\/novo\/wp-content\/uploads\/2019\/09\/959_ORL\u00c2NDIA-Resultado-Final-de-Aprovados-T\u00cdTULOS-2019-12-04.pdf\">959_ORL\u00c2NDIA &#8211; Resultado Final de Aprovados (T\u00cdTULOS) &#8211; (2019-12-04)<\/a><\/p>\n<p><a href=\"https:\/\/www.orlandia.sp.gov.br\/novo\/wp-content\/uploads\/2019\/09\/959_ORL\u00c2NDIA-Resultado-Final-de-Aprovados-Deficientes-T\u00cdTULOS-2019-12-04.pdf\">959_ORL\u00c2NDIA &#8211; Resultado Final de Aprovados Deficientes (T\u00cdTULOS) &#8211; (2019-12-04)<\/a><\/p>\n<p><a href=\"https:\/\/www.orlandia.sp.gov.br\/novo\/wp-content\/uploads\/2019\/09\/Resultado-preliminar-Prova-Pr\u00e1tica.pdf\">Resultado preliminar &#8211; Prova Pr\u00e1tica<\/a><\/p>\n<p><a href=\"https:\/\/www.orlandia.sp.gov.br\/novo\/wp-content\/uploads\/2019\/09\/Resultado-preliminar-Avalia\u00e7\u00e3o-M\u00e9dica_Guarda-Civil.pdf\">Resultado preliminar Avalia\u00e7\u00e3o M\u00e9dica_Guarda Civil<\/a><\/p>\n<p><a href=\"https:\/\/www.orlandia.sp.gov.br\/novo\/wp-content\/uploads\/2019\/09\/Resultado-preliminar_Investiga\u00e7\u00e3o-social.pdf\">Resultado preliminar_Investiga\u00e7\u00e3o social<\/a><\/p>\n<p><a href=\"https:\/\/www.orlandia.sp.gov.br\/novo\/wp-content\/uploads\/2019\/09\/Resultado-preliminar_TAF.pdf\">Resultado preliminar_TAF<\/a><\/p>\n<p><a href=\"https:\/\/www.orlandia.sp.gov.br\/novo\/wp-content\/uploads\/2019\/09\/Resultado-preliminar_Avalia\u00e7\u00e3o-Psicol\u00f3gica-19-12-2019.pdf\">Resultado preliminar_Avalia\u00e7\u00e3o Psicol\u00f3gica 19 12 2019<\/a><\/p>\n<p><a href=\"https:\/\/www.orlandia.sp.gov.br\/novo\/wp-content\/uploads\/2019\/09\/01-COMUNICADO-RECURSOS-AVALIA\u00c7\u00c3O-PSICOL\u00d3GICA-ORL\u00c2NDIA.pdf\">01 &#8211; COMUNICADO- RECURSOS AVALIA\u00c7\u00c3O PSICOL\u00d3GICA &#8211; ORL\u00c2NDIA<\/a><\/p>\n<p><a href=\"https:\/\/www.orlandia.sp.gov.br\/novo\/wp-content\/uploads\/2019\/09\/02-Resultado-definitivo-Prova-Pr\u00e1tica.pdf\">02 &#8211; Resultado definitivo &#8211; Prova Pr\u00e1tica<\/a><\/p>\n<p><a href=\"https:\/\/www.orlandia.sp.gov.br\/novo\/wp-content\/uploads\/2019\/09\/03-Resultado-definitivo-Avalia\u00e7\u00e3o-M\u00e9dica_Guarda-Civil.pdf\">03 &#8211; Resultado definitivo Avalia\u00e7\u00e3o M\u00e9dica_Guarda Civil<\/a><\/p>\n<p><a href=\"https:\/\/www.orlandia.sp.gov.br\/novo\/wp-content\/uploads\/2019\/09\/04-Resultado-definitivo_Avalia\u00e7\u00e3o-Psicol\u00f3gica-19-12-2019.pdf\">04 &#8211; Resultado definitivo_Avalia\u00e7\u00e3o Psicol\u00f3gica 19 12 2019<\/a><\/p>\n<p><a href=\"https:\/\/www.orlandia.sp.gov.br\/novo\/wp-content\/uploads\/2019\/09\/05-Resultado-definitivo_Investiga\u00e7\u00e3o-social.pdf\">05 &#8211; Resultado definitivo_Investiga\u00e7\u00e3o social<\/a><\/p>\n<p><a href=\"https:\/\/www.orlandia.sp.gov.br\/novo\/wp-content\/uploads\/2019\/09\/06-Resultado-definitivo_TAF.pdf\">06 &#8211; Resultado definitivo_TAF<\/a><\/p>\n<p><a href=\"https:\/\/www.orlandia.sp.gov.br\/novo\/wp-content\/uploads\/2019\/09\/07-ORL\u00c2NDIA-Resultado-Final-de-Aprovados-Prova-Pr\u00e1tica-Quarta-Etapa.pdf\">07 &#8211; ORL\u00c2NDIA &#8211; Resultado Final de Aprovados (Prova Pr\u00e1tica &#8211; Quarta Etapa)<\/a><\/p>\n<p><a href=\"https:\/\/www.orlandia.sp.gov.br\/novo\/wp-content\/uploads\/2019\/09\/Cumprimento-Caio-Henrique-De-Oliveira-Sousa.pdf\">Cumprimento &#8211; Caio Henrique De Oliveira Sousa<\/a><\/p>\n","protected":false},"excerpt":{"rendered":"<p>A PREFEITURA MUNICIPAL DE ORL\u00c2NDIA\/SP, no uso de suas atribui\u00e7\u00f5es e com fundamento no artigo 37, inciso II, da Constitui\u00e7\u00e3o<\/p>\n","protected":false},"author":10,"featured_media":0,"comment_status":"open","ping_status":"open","sticky":false,"template":"","format":"standard","meta":{"ngg_post_thumbnail":0,"footnotes":""},"categories":[35],"tags":[],"magazineBlocksPostFeaturedMedia":{"thumbnail":false,"medium":false,"medium_large":false,"large":false,"1536x1536":false,"2048x2048":false,"colormag-highlighted-post":false,"colormag-featured-post-medium":false,"colormag-featured-post-small":false,"colormag-featured-image":false,"colormag-default-news":false,"colormag-featured-image-large":false},"magazineBlocksPostAuthor":{"name":"Licita\u00e7\u00e3o","avatar":"https:\/\/secure.gravatar.com\/avatar\/510039dcf0c0f298820adcefb2dc032d?s=96&d=mm&r=g"},"magazineBlocksPostCommentsNumber":false,"magazineBlocksPostExcerpt":"A PREFEITURA MUNICIPAL DE ORL\u00c2NDIA\/SP, no uso de suas atribui\u00e7\u00f5es e com fundamento no artigo 37, inciso II, da Constitui\u00e7\u00e3o","magazineBlocksPostCategories":["Concurso P\u00fablico"],"magazine_blocks_featured_image_url":{"full":false,"medium":false,"thumbnail":false},"magazine_blocks_author":{"display_name":"Licita\u00e7\u00e3o","author_link":"https:\/\/www.orlandia.sp.gov.br\/novo\/author\/licitacao"},"magazine_blocks_comment":1,"magazine_blocks_author_image":"https:\/\/secure.gravatar.com\/avatar\/510039dcf0c0f298820adcefb2dc032d?s=96&d=mm&r=g","magazine_blocks_category":"<a href=\"https:\/\/www.orlandia.sp.gov.br\/novo\/category\/publicacoes\/concurso-publico\" rel=\"category tag\">Concurso P\u00fablico<\/a>","_links":{"self":[{"href":"https:\/\/www.orlandia.sp.gov.br\/novo\/wp-json\/wp\/v2\/posts\/14424"}],"collection":[{"href":"https:\/\/www.orlandia.sp.gov.br\/novo\/wp-json\/wp\/v2\/posts"}],"about":[{"href":"https:\/\/www.orlandia.sp.gov.br\/novo\/wp-json\/wp\/v2\/types\/post"}],"author":[{"embeddable":true,"href":"https:\/\/www.orlandia.sp.gov.br\/novo\/wp-json\/wp\/v2\/users\/10"}],"replies":[{"embeddable":true,"href":"https:\/\/www.orlandia.sp.gov.br\/novo\/wp-json\/wp\/v2\/comments?post=14424"}],"version-history":[{"count":16,"href":"https:\/\/www.orlandia.sp.gov.br\/novo\/wp-json\/wp\/v2\/posts\/14424\/revisions"}],"predecessor-version":[{"id":14987,"href":"https:\/\/www.orlandia.sp.gov.br\/novo\/wp-json\/wp\/v2\/posts\/14424\/revisions\/14987"}],"wp:attachment":[{"href":"https:\/\/www.orlandia.sp.gov.br\/novo\/wp-json\/wp\/v2\/media?parent=14424"}],"wp:term":[{"taxonomy":"category","embeddable":true,"href":"https:\/\/www.orlandia.sp.gov.br\/novo\/wp-json\/wp\/v2\/categories?post=14424"},{"taxonomy":"post_tag","embeddable":true,"href":"https:\/\/www.orlandia.sp.gov.br\/novo\/wp-json\/wp\/v2\/tags?post=14424"}],"curies":[{"name":"wp","href":"https:\/\/api.w.org\/{rel}","templated":true}]}}