{"id":14328,"date":"2019-08-14T14:03:25","date_gmt":"2019-08-14T17:03:25","guid":{"rendered":"https:\/\/www.orlandia.sp.gov.br\/novo\/?p=14328"},"modified":"2019-08-15T10:17:55","modified_gmt":"2019-08-15T13:17:55","slug":"chamada-publica-032019","status":"publish","type":"post","link":"https:\/\/www.orlandia.sp.gov.br\/novo\/publicacoes\/chamada-publica\/chamada-publica-032019","title":{"rendered":"CHAMADA P\u00daBLICA 03\/2019"},"content":{"rendered":"<p><strong>CHAMADA P\u00daBLICA 03\/2019<\/strong><br \/>\nOBJETO: CHAMADA P\u00daBLICA PARA SELE\u00c7\u00c3O DE EXPOSITORES PARA A FEIRA DO LIVRO 2019, QUE ACONTECER\u00c1 NO PER\u00cdODO DE 21 A 23 DE AGOSTO DE 2019.<\/p>\n<p><a id=\"linkEdital\"onclick=\"validaDownload();\"onmouseover=\"carrega();\"href=\"https:\/\/www.orlandia.sp.gov.br\/novo\/wp-content\/uploads\/2019\/08\/Dec_4834_19-Feira-do-Livro-2019.pdf\">Dec_4834_19 (Feira do Livro 2019)<\/a><\/p>\n","protected":false},"excerpt":{"rendered":"<p>CHAMADA P\u00daBLICA 03\/2019 OBJETO: CHAMADA P\u00daBLICA PARA SELE\u00c7\u00c3O DE EXPOSITORES PARA A FEIRA DO LIVRO 2019, QUE ACONTECER\u00c1 NO PER\u00cdODO<\/p>\n","protected":false},"author":10,"featured_media":0,"comment_status":"open","ping_status":"open","sticky":false,"template":"","format":"standard","meta":{"ngg_post_thumbnail":0,"footnotes":""},"categories":[37],"tags":[],"magazineBlocksPostFeaturedMedia":{"thumbnail":false,"medium":false,"medium_large":false,"large":false,"1536x1536":false,"2048x2048":false,"colormag-highlighted-post":false,"colormag-featured-post-medium":false,"colormag-featured-post-small":false,"colormag-featured-image":false,"colormag-default-news":false,"colormag-featured-image-large":false},"magazineBlocksPostAuthor":{"name":"Licita\u00e7\u00e3o","avatar":"https:\/\/secure.gravatar.com\/avatar\/510039dcf0c0f298820adcefb2dc032d?s=96&d=mm&r=g"},"magazineBlocksPostCommentsNumber":false,"magazineBlocksPostExcerpt":"CHAMADA P\u00daBLICA 03\/2019 OBJETO: CHAMADA P\u00daBLICA PARA SELE\u00c7\u00c3O DE EXPOSITORES PARA A FEIRA DO LIVRO 2019, QUE ACONTECER\u00c1 NO PER\u00cdODO","magazineBlocksPostCategories":["Chamada P\u00fablica"],"magazine_blocks_featured_image_url":{"full":false,"medium":false,"thumbnail":false},"magazine_blocks_author":{"display_name":"Licita\u00e7\u00e3o","author_link":"https:\/\/www.orlandia.sp.gov.br\/novo\/author\/licitacao"},"magazine_blocks_comment":0,"magazine_blocks_author_image":"https:\/\/secure.gravatar.com\/avatar\/510039dcf0c0f298820adcefb2dc032d?s=96&d=mm&r=g","magazine_blocks_category":"<a href=\"https:\/\/www.orlandia.sp.gov.br\/novo\/category\/publicacoes\/chamada-publica\" rel=\"category tag\">Chamada P\u00fablica<\/a>","_links":{"self":[{"href":"https:\/\/www.orlandia.sp.gov.br\/novo\/wp-json\/wp\/v2\/posts\/14328"}],"collection":[{"href":"https:\/\/www.orlandia.sp.gov.br\/novo\/wp-json\/wp\/v2\/posts"}],"about":[{"href":"https:\/\/www.orlandia.sp.gov.br\/novo\/wp-json\/wp\/v2\/types\/post"}],"author":[{"embeddable":true,"href":"https:\/\/www.orlandia.sp.gov.br\/novo\/wp-json\/wp\/v2\/users\/10"}],"replies":[{"embeddable":true,"href":"https:\/\/www.orlandia.sp.gov.br\/novo\/wp-json\/wp\/v2\/comments?post=14328"}],"version-history":[{"count":2,"href":"https:\/\/www.orlandia.sp.gov.br\/novo\/wp-json\/wp\/v2\/posts\/14328\/revisions"}],"predecessor-version":[{"id":14342,"href":"https:\/\/www.orlandia.sp.gov.br\/novo\/wp-json\/wp\/v2\/posts\/14328\/revisions\/14342"}],"wp:attachment":[{"href":"https:\/\/www.orlandia.sp.gov.br\/novo\/wp-json\/wp\/v2\/media?parent=14328"}],"wp:term":[{"taxonomy":"category","embeddable":true,"href":"https:\/\/www.orlandia.sp.gov.br\/novo\/wp-json\/wp\/v2\/categories?post=14328"},{"taxonomy":"post_tag","embeddable":true,"href":"https:\/\/www.orlandia.sp.gov.br\/novo\/wp-json\/wp\/v2\/tags?post=14328"}],"curies":[{"name":"wp","href":"https:\/\/api.w.org\/{rel}","templated":true}]}}