{"id":14324,"date":"2019-08-14T13:32:20","date_gmt":"2019-08-14T16:32:20","guid":{"rendered":"https:\/\/www.orlandia.sp.gov.br\/novo\/?p=14324"},"modified":"2019-08-14T16:40:06","modified_gmt":"2019-08-14T19:40:06","slug":"tomada-de-precos-082019","status":"publish","type":"post","link":"https:\/\/www.orlandia.sp.gov.br\/novo\/publicacoes\/tomada-de-preco\/tomada-de-precos-082019","title":{"rendered":"TOMADA DE PRE\u00c7OS 08\/2019"},"content":{"rendered":"<p>A PREFEITURA MUNICIPAL DE ORL\u00c2NDIA, do Estado de S\u00e3o Paulo, inscrita no CNPJ\/MF sob o n\u00ba 45.351.749\/0001\u201311, inscrita na I.E n\u00ba 491.040.101.110, por determina\u00e7\u00e3o do Excelent\u00edssimo Senhor Prefeito Municipal OSWALDO RIBEIRO JUNQUEIRA NETO, no uso de suas atribui\u00e7\u00f5es legais, faz p\u00fablico que se acha aberta a TOMADA DE PRE\u00c7OS N\u00ba 08\/2019, tipo MENOR PRE\u00c7O GLOBAL, que tem por objeto a CONTRATA\u00c7\u00c3O DE EMPRESA ESPECIALIZADA EM ENGENHARIA PARA EXECU\u00c7\u00c3O DE SERVI\u00c7OS DE ADEQUA\u00c7\u00c3O DE ACESSIBILIDADE NOS PONTOS DE ONIBUS EM DIVERSOS PONTOS DA CIDADE DE ORL\u00c2NDIA \u2013 SP, que ser\u00e1 procedida e julgada de acordo com os princ\u00edpios e normas gerais estabelecidas pela Lei Federal n\u00ba 8.666, de 21 de junho de 1993, bem como pelas disposi\u00e7\u00f5es deste edital.<\/p>\n<p>O futuro contrato a ser assinado nos presentes autos reger-se-\u00e1 pelas disposi\u00e7\u00f5es legais contidas na Lei Federal n.\u00ba 8.666\/93, na Lei Org\u00e2nica do Munic\u00edpio de Orl\u00e2ndia, e demais normas legais pertinentes \u00e0 mat\u00e9ria.<\/p>\n<p><a id=\"linkEdital\"onclick=\"validaDownload();\"onmouseover=\"carrega();\"href=\"https:\/\/www.orlandia.sp.gov.br\/novo\/wp-content\/uploads\/2019\/08\/TOMADA-DE-PRE\u00c7OS-08-2019-Contrata\u00e7\u00e3o-de-empresa-para-acessibilidade-nos-pontos-de-\u00f4nibus.pdf\">Download Edital<\/a><\/p>\n<p><a href=\"https:\/\/www.orlandia.sp.gov.br\/novo\/wp-content\/uploads\/2019\/08\/Model-1.pdf\">Model 1<\/a><\/p>\n<p><a href=\"https:\/\/www.orlandia.sp.gov.br\/novo\/wp-content\/uploads\/2019\/08\/Model-2.pdf\">Model 2<\/a><\/p>\n<p><a href=\"https:\/\/www.orlandia.sp.gov.br\/novo\/wp-content\/uploads\/2019\/08\/Model.pdf\">Model<\/a><\/p>\n<p><a href=\"https:\/\/www.orlandia.sp.gov.br\/novo\/wp-content\/uploads\/2019\/08\/Relat\u00f3rio-fotogr\u00e1fico-acessibilidade-Ponto-de-Onibus.docx\">Relat\u00f3rio fotogr\u00e1fico acessibilidade Ponto de Onibus<\/a><\/p>\n","protected":false},"excerpt":{"rendered":"<p>PROCESSO n.\u00ba 134\/2019<br \/>\nOBJETO: CONTRATA\u00c7\u00c3O DE EMPRESA ESPECIALIZADA EM ENGENHARIA PARA EXECU\u00c7\u00c3O DE SERVI\u00c7OS DE ADEQUA\u00c7\u00c3O DE ACESSIBILIDADE NOS PONTOS DE ONIBUS EM DIVERSOS PONTOS DA CIDADE DE ORL\u00c2NDIA \u2013 SP.<br \/>\nDATA DE REALIZA\u00c7\u00c3O: 29\/08\/2019.<br \/>\nHORARIO: 09:00 horas.<br \/>\nLOCAL: Pra\u00e7a Coronel Orlando, n\u00ba 652, centro, CEP 14620-000<\/p>\n","protected":false},"author":10,"featured_media":0,"comment_status":"open","ping_status":"open","sticky":false,"template":"","format":"standard","meta":{"ngg_post_thumbnail":0,"footnotes":""},"categories":[44],"tags":[],"magazineBlocksPostFeaturedMedia":{"thumbnail":false,"medium":false,"medium_large":false,"large":false,"1536x1536":false,"2048x2048":false,"colormag-highlighted-post":false,"colormag-featured-post-medium":false,"colormag-featured-post-small":false,"colormag-featured-image":false,"colormag-default-news":false,"colormag-featured-image-large":false},"magazineBlocksPostAuthor":{"name":"Licita\u00e7\u00e3o","avatar":"https:\/\/secure.gravatar.com\/avatar\/510039dcf0c0f298820adcefb2dc032d?s=96&d=mm&r=g"},"magazineBlocksPostCommentsNumber":false,"magazineBlocksPostExcerpt":"PROCESSO n.\u00ba 134\/2019\r\nOBJETO: CONTRATA\u00c7\u00c3O DE EMPRESA ESPECIALIZADA EM ENGENHARIA PARA EXECU\u00c7\u00c3O DE SERVI\u00c7OS DE ADEQUA\u00c7\u00c3O DE ACESSIBILIDADE NOS PONTOS DE ONIBUS EM DIVERSOS PONTOS DA CIDADE DE ORL\u00c2NDIA \u2013 SP.\r\nDATA DE REALIZA\u00c7\u00c3O: 29\/08\/2019.\r\nHORARIO: 09:00 horas.\r\nLOCAL: Pra\u00e7a Coronel Orlando, n\u00ba 652, centro, CEP 14620-000","magazineBlocksPostCategories":["Tomada de Pre\u00e7o"],"magazine_blocks_featured_image_url":{"full":false,"medium":false,"thumbnail":false},"magazine_blocks_author":{"display_name":"Licita\u00e7\u00e3o","author_link":"https:\/\/www.orlandia.sp.gov.br\/novo\/author\/licitacao"},"magazine_blocks_comment":0,"magazine_blocks_author_image":"https:\/\/secure.gravatar.com\/avatar\/510039dcf0c0f298820adcefb2dc032d?s=96&d=mm&r=g","magazine_blocks_category":"<a href=\"https:\/\/www.orlandia.sp.gov.br\/novo\/category\/publicacoes\/tomada-de-preco\" rel=\"category tag\">Tomada de Pre\u00e7o<\/a>","_links":{"self":[{"href":"https:\/\/www.orlandia.sp.gov.br\/novo\/wp-json\/wp\/v2\/posts\/14324"}],"collection":[{"href":"https:\/\/www.orlandia.sp.gov.br\/novo\/wp-json\/wp\/v2\/posts"}],"about":[{"href":"https:\/\/www.orlandia.sp.gov.br\/novo\/wp-json\/wp\/v2\/types\/post"}],"author":[{"embeddable":true,"href":"https:\/\/www.orlandia.sp.gov.br\/novo\/wp-json\/wp\/v2\/users\/10"}],"replies":[{"embeddable":true,"href":"https:\/\/www.orlandia.sp.gov.br\/novo\/wp-json\/wp\/v2\/comments?post=14324"}],"version-history":[{"count":3,"href":"https:\/\/www.orlandia.sp.gov.br\/novo\/wp-json\/wp\/v2\/posts\/14324\/revisions"}],"predecessor-version":[{"id":14339,"href":"https:\/\/www.orlandia.sp.gov.br\/novo\/wp-json\/wp\/v2\/posts\/14324\/revisions\/14339"}],"wp:attachment":[{"href":"https:\/\/www.orlandia.sp.gov.br\/novo\/wp-json\/wp\/v2\/media?parent=14324"}],"wp:term":[{"taxonomy":"category","embeddable":true,"href":"https:\/\/www.orlandia.sp.gov.br\/novo\/wp-json\/wp\/v2\/categories?post=14324"},{"taxonomy":"post_tag","embeddable":true,"href":"https:\/\/www.orlandia.sp.gov.br\/novo\/wp-json\/wp\/v2\/tags?post=14324"}],"curies":[{"name":"wp","href":"https:\/\/api.w.org\/{rel}","templated":true}]}}