{"id":14047,"date":"2019-06-17T11:16:51","date_gmt":"2019-06-17T14:16:51","guid":{"rendered":"https:\/\/www.orlandia.sp.gov.br\/novo\/?p=14047"},"modified":"2019-08-08T16:44:27","modified_gmt":"2019-08-08T19:44:27","slug":"tomada-de-precos-052019","status":"publish","type":"post","link":"https:\/\/www.orlandia.sp.gov.br\/novo\/publicacoes\/tomada-de-preco\/tomada-de-precos-052019","title":{"rendered":"TOMADA DE PRE\u00c7OS 05\/2019 (NOVO EDITAL &#8211; ATUALIZADO EM 08\/08\/19)."},"content":{"rendered":"<p>A PREFEITURA MUNICIPAL DE ORL\u00c2NDIA, do Estado de S\u00e3o Paulo, inscrita no CNPJ\/MF sob o n\u00ba 45.351.749\/0001\u201311, inscrita na I.E n\u00ba 491.040.101.110, por determina\u00e7\u00e3o do Excelent\u00edssimo Senhor Prefeito Municipal OSWALDO RIBEIRO JUNQUEIRA NETO, no uso de suas atribui\u00e7\u00f5es legais, faz p\u00fablico que se acha aberta a <strong>TOMADA DE PRE\u00c7OS N\u00ba 05\/2019<\/strong>, tipo MENOR PRE\u00c7O GLOBAL, que tem por objeto a <strong>CONTRATA\u00c7\u00c3O DE EMPRESA ESPECIALIZADA EM ENGENHARIA PARA EXECU\u00c7\u00c3O DOS SERVI\u00c7OS REMANESCENTES E FINALIZA\u00c7\u00c3O DA OBRA DA CRECHE DO JARDIM TEIXEIRA<\/strong>, que ser\u00e1 procedida e julgada de acordo com os princ\u00edpios e normas gerais estabelecidas pela Lei Federal n\u00ba 8.666, de 21 de junho de 1993, bem como pelas disposi\u00e7\u00f5es deste edital.<\/p>\n<p>O futuro contrato a ser assinado nos presentes autos reger-se-\u00e1 pelas disposi\u00e7\u00f5es legais contidas na Lei Federal n.\u00ba 8.666\/93, na Lei Org\u00e2nica do Munic\u00edpio de Orl\u00e2ndia, e demais normas legais pertinentes \u00e0 mat\u00e9ria.<\/p>\n<p>1 &#8211; DAS DISPOSI\u00c7\u00d5ES INICIAIS<\/p>\n<p>1.1. Os ENVELOPES: N\u00ba 1 DOCUMENTA\u00c7\u00c3O e N\u00ba 2 \uf0be PROPOSTA DE PRE\u00c7OS UNIT\u00c1RIOS E GLOBAL, instru\u00eddos de acordo com as exig\u00eancias deste edital ser\u00e3o recebidos pela Comiss\u00e3o Municipal Permanente de Licita\u00e7\u00f5es, na Pra\u00e7a Coronel Orlando, n\u00ba 652, centro, CEP 14620-000, telefone 16 \u2013 3820-8058, at\u00e9 \u00e0s <strong>09:00 HORAS, DO DIA 23 DE AGOSTO 2019.<\/strong><\/p>\n<p>1.2. A sess\u00e3o p\u00fablica para in\u00edcio da abertura dos envelopes ser\u00e1 realizada \u00e0s 09:00 HORAS, DO DIA 23 DE AGOSTO DE 2019, em depend\u00eancia pr\u00f3pria da Administra\u00e7\u00e3o P\u00fablica Municipal, localizada na Pra\u00e7a Coronel Orlando n\u00ba 652, centro, na cidade de Orl\u00e2ndia, Estado de S\u00e3o Paulo e ser\u00e1 procedida pela Comiss\u00e3o Municipal Permanente de Licita\u00e7\u00f5es, nos termos das disposi\u00e7\u00f5es contidas neste edital, nos itens pertinentes.<\/p>\n<p>1.3. Esclarecimentos a respeito deste certame licitat\u00f3rio poder\u00e3o ser obtidos junto \u00e0 Comiss\u00e3o Municipal Permanente de Licita\u00e7\u00f5es, somente atrav\u00e9s do e-mail: licitacao@orlandia.sp.gov.br.<\/p>\n<p>1.4. O edital completo estar\u00e1 \u00e0 disposi\u00e7\u00e3o dos interessados junto \u00e0 Comiss\u00e3o Municipal Permanente de Licita\u00e7\u00f5es ao custo de R$ 20,00 (vinte reais) ou gratuitamente atrav\u00e9s do site www.orlandia.sp.gov.br.<\/p>\n<p><a id=\"linkEdital\" href=\"https:\/\/www.orlandia.sp.gov.br\/novo\/wp-content\/uploads\/2019\/06\/TOMADA-DE-PRE\u00c7OS-05-2019-Contrata\u00e7\u00e3o-de-empresa-para-finaliza\u00e7\u00e3o-da-obra-da-creche-do-Teixeira-1.pdf\">Download Edital<\/a><\/p>\n<p><a href=\"https:\/\/www.orlandia.sp.gov.br\/novo\/wp-content\/uploads\/2019\/06\/ANEXO-V-ANALISE-FOTOGRAFICO.docx\">ANEXO V &#8211; ANALISE FOTOGRAFICO<\/a><\/p>\n<p><a href=\"https:\/\/www.orlandia.sp.gov.br\/novo\/wp-content\/uploads\/2019\/06\/scan.pdf\">scan<\/a><br \/>\n<a href=\"https:\/\/www.orlandia.sp.gov.br\/novo\/wp-content\/uploads\/2019\/06\/scan0143.pdf\">scan0143<\/a><br \/>\n<a href=\"https:\/\/www.orlandia.sp.gov.br\/novo\/wp-content\/uploads\/2019\/06\/scan0144.pdf\">scan0144<\/a><br \/>\n<a href=\"https:\/\/www.orlandia.sp.gov.br\/novo\/wp-content\/uploads\/2019\/06\/scan0145.pdf\">scan0145<\/a><br \/>\n<a href=\"https:\/\/www.orlandia.sp.gov.br\/novo\/wp-content\/uploads\/2019\/06\/scan0146.pdf\">scan0146<\/a><br \/>\n<a href=\"https:\/\/www.orlandia.sp.gov.br\/novo\/wp-content\/uploads\/2019\/06\/scan0147.pdf\">scan0147<\/a><br \/>\n<a href=\"https:\/\/www.orlandia.sp.gov.br\/novo\/wp-content\/uploads\/2019\/06\/scan0148.pdf\">scan0148<\/a><br \/>\n<a href=\"https:\/\/www.orlandia.sp.gov.br\/novo\/wp-content\/uploads\/2019\/06\/scan0149.pdf\">scan0149<\/a><br \/>\n<a href=\"https:\/\/www.orlandia.sp.gov.br\/novo\/wp-content\/uploads\/2019\/06\/scan0150.pdf\">scan0150<\/a><br \/>\n<a href=\"https:\/\/www.orlandia.sp.gov.br\/novo\/wp-content\/uploads\/2019\/06\/scan0151.pdf\">scan0151<\/a><br \/>\n<a href=\"https:\/\/www.orlandia.sp.gov.br\/novo\/wp-content\/uploads\/2019\/06\/scan0152.pdf\">scan0152<\/a><br \/>\n<a href=\"https:\/\/www.orlandia.sp.gov.br\/novo\/wp-content\/uploads\/2019\/06\/scan0153.pdf\">scan0153<\/a><br \/>\n<a href=\"https:\/\/www.orlandia.sp.gov.br\/novo\/wp-content\/uploads\/2019\/06\/scan0154.pdf\">scan0154<\/a><br \/>\n<a href=\"https:\/\/www.orlandia.sp.gov.br\/novo\/wp-content\/uploads\/2019\/06\/scan0155.pdf\">scan0155<\/a><br \/>\n<a href=\"https:\/\/www.orlandia.sp.gov.br\/novo\/wp-content\/uploads\/2019\/06\/scan0156.pdf\">scan0156<\/a><br \/>\n<a href=\"https:\/\/www.orlandia.sp.gov.br\/novo\/wp-content\/uploads\/2019\/06\/scan0157.pdf\">scan0157<\/a><br \/>\n<a href=\"https:\/\/www.orlandia.sp.gov.br\/novo\/wp-content\/uploads\/2019\/06\/scan0158.pdf\">scan0158<\/a><br \/>\n<a href=\"https:\/\/www.orlandia.sp.gov.br\/novo\/wp-content\/uploads\/2019\/06\/scan0159.pdf\">scan0159<\/a><br \/>\n<a href=\"https:\/\/www.orlandia.sp.gov.br\/novo\/wp-content\/uploads\/2019\/06\/scan0160.pdf\">scan0160<\/a><br \/>\n<a href=\"https:\/\/www.orlandia.sp.gov.br\/novo\/wp-content\/uploads\/2019\/06\/scan0161.pdf\">scan0161<\/a><br \/>\n<a href=\"https:\/\/www.orlandia.sp.gov.br\/novo\/wp-content\/uploads\/2019\/06\/scan0162.pdf\">scan0162<\/a><br \/>\n<a href=\"https:\/\/www.orlandia.sp.gov.br\/novo\/wp-content\/uploads\/2019\/06\/scan0163.pdf\">scan0163<\/a><br \/>\n<a href=\"https:\/\/www.orlandia.sp.gov.br\/novo\/wp-content\/uploads\/2019\/06\/scan0164.pdf\">scan0164<\/a><br \/>\n<a href=\"https:\/\/www.orlandia.sp.gov.br\/novo\/wp-content\/uploads\/2019\/06\/scan0165.pdf\">scan0165<\/a><br \/>\n<a href=\"https:\/\/www.orlandia.sp.gov.br\/novo\/wp-content\/uploads\/2019\/06\/scan0166.pdf\">scan0166<\/a><br \/>\n<a href=\"https:\/\/www.orlandia.sp.gov.br\/novo\/wp-content\/uploads\/2019\/06\/scan0167.pdf\">scan0167<\/a><br \/>\n<a href=\"https:\/\/www.orlandia.sp.gov.br\/novo\/wp-content\/uploads\/2019\/06\/scan0168.pdf\">scan0168<\/a><br \/>\n<a href=\"https:\/\/www.orlandia.sp.gov.br\/novo\/wp-content\/uploads\/2019\/06\/scan0169.pdf\">scan0169<\/a><br \/>\n<a href=\"https:\/\/www.orlandia.sp.gov.br\/novo\/wp-content\/uploads\/2019\/06\/scan0170.pdf\">scan0170<\/a><br \/>\n<a href=\"https:\/\/www.orlandia.sp.gov.br\/novo\/wp-content\/uploads\/2019\/06\/scan0171.pdf\">scan0171<\/a><br \/>\n<a href=\"https:\/\/www.orlandia.sp.gov.br\/novo\/wp-content\/uploads\/2019\/06\/scan0172.pdf\">scan0172<\/a><br \/>\n<a href=\"https:\/\/www.orlandia.sp.gov.br\/novo\/wp-content\/uploads\/2019\/06\/scan0173.pdf\">scan0173<\/a><br \/>\n<a href=\"https:\/\/www.orlandia.sp.gov.br\/novo\/wp-content\/uploads\/2019\/06\/scan0174.pdf\">scan0174<\/a><br \/>\n<a href=\"https:\/\/www.orlandia.sp.gov.br\/novo\/wp-content\/uploads\/2019\/06\/scan0175.pdf\">scan0175<\/a><br \/>\n<a href=\"https:\/\/www.orlandia.sp.gov.br\/novo\/wp-content\/uploads\/2019\/06\/scan0176.pdf\">scan0176<\/a><br \/>\n<a href=\"https:\/\/www.orlandia.sp.gov.br\/novo\/wp-content\/uploads\/2019\/06\/scan0177.pdf\">scan0177<\/a><br \/>\n<a href=\"https:\/\/www.orlandia.sp.gov.br\/novo\/wp-content\/uploads\/2019\/06\/scan0178.pdf\">scan0178<\/a><\/p>\n","protected":false},"excerpt":{"rendered":"<p>PROCESSO n\u00ba 102\/2019<br \/>\nOBJETO: CONTRATA\u00c7\u00c3O DE EMPRESA ESPECIALIZADA EM ENGENHARIA PARA EXECU\u00c7\u00c3O DOS SERVI\u00c7OS REMANESCENTES E FINALIZA\u00c7\u00c3O DA OBRA DA CRECHE DO JARDIM TEIXEIRA.<br \/>\nDATA: 23\/08\/2019.<br \/>\nHOR\u00c1RIO: 09:00horas.<br \/>\nLOCAL: Pra\u00e7a Coronel Orlando n\u00ba 652, centro, na cidade de Orl\u00e2ndia<\/p>\n","protected":false},"author":10,"featured_media":0,"comment_status":"open","ping_status":"open","sticky":false,"template":"","format":"standard","meta":{"ngg_post_thumbnail":0,"footnotes":""},"categories":[44],"tags":[],"magazineBlocksPostFeaturedMedia":{"thumbnail":false,"medium":false,"medium_large":false,"large":false,"1536x1536":false,"2048x2048":false,"colormag-highlighted-post":false,"colormag-featured-post-medium":false,"colormag-featured-post-small":false,"colormag-featured-image":false,"colormag-default-news":false,"colormag-featured-image-large":false},"magazineBlocksPostAuthor":{"name":"Licita\u00e7\u00e3o","avatar":"https:\/\/secure.gravatar.com\/avatar\/510039dcf0c0f298820adcefb2dc032d?s=96&d=mm&r=g"},"magazineBlocksPostCommentsNumber":false,"magazineBlocksPostExcerpt":"PROCESSO n\u00ba 102\/2019\r\nOBJETO: CONTRATA\u00c7\u00c3O DE EMPRESA ESPECIALIZADA EM ENGENHARIA PARA EXECU\u00c7\u00c3O DOS SERVI\u00c7OS REMANESCENTES E FINALIZA\u00c7\u00c3O DA OBRA DA CRECHE DO JARDIM TEIXEIRA.\r\nDATA: 23\/08\/2019.\r\nHOR\u00c1RIO: 09:00horas.\r\nLOCAL: Pra\u00e7a Coronel Orlando n\u00ba 652, centro, na cidade de Orl\u00e2ndia","magazineBlocksPostCategories":["Tomada de Pre\u00e7o"],"magazine_blocks_featured_image_url":{"full":false,"medium":false,"thumbnail":false},"magazine_blocks_author":{"display_name":"Licita\u00e7\u00e3o","author_link":"https:\/\/www.orlandia.sp.gov.br\/novo\/author\/licitacao"},"magazine_blocks_comment":0,"magazine_blocks_author_image":"https:\/\/secure.gravatar.com\/avatar\/510039dcf0c0f298820adcefb2dc032d?s=96&d=mm&r=g","magazine_blocks_category":"<a href=\"https:\/\/www.orlandia.sp.gov.br\/novo\/category\/publicacoes\/tomada-de-preco\" rel=\"category tag\">Tomada de Pre\u00e7o<\/a>","_links":{"self":[{"href":"https:\/\/www.orlandia.sp.gov.br\/novo\/wp-json\/wp\/v2\/posts\/14047"}],"collection":[{"href":"https:\/\/www.orlandia.sp.gov.br\/novo\/wp-json\/wp\/v2\/posts"}],"about":[{"href":"https:\/\/www.orlandia.sp.gov.br\/novo\/wp-json\/wp\/v2\/types\/post"}],"author":[{"embeddable":true,"href":"https:\/\/www.orlandia.sp.gov.br\/novo\/wp-json\/wp\/v2\/users\/10"}],"replies":[{"embeddable":true,"href":"https:\/\/www.orlandia.sp.gov.br\/novo\/wp-json\/wp\/v2\/comments?post=14047"}],"version-history":[{"count":6,"href":"https:\/\/www.orlandia.sp.gov.br\/novo\/wp-json\/wp\/v2\/posts\/14047\/revisions"}],"predecessor-version":[{"id":14306,"href":"https:\/\/www.orlandia.sp.gov.br\/novo\/wp-json\/wp\/v2\/posts\/14047\/revisions\/14306"}],"wp:attachment":[{"href":"https:\/\/www.orlandia.sp.gov.br\/novo\/wp-json\/wp\/v2\/media?parent=14047"}],"wp:term":[{"taxonomy":"category","embeddable":true,"href":"https:\/\/www.orlandia.sp.gov.br\/novo\/wp-json\/wp\/v2\/categories?post=14047"},{"taxonomy":"post_tag","embeddable":true,"href":"https:\/\/www.orlandia.sp.gov.br\/novo\/wp-json\/wp\/v2\/tags?post=14047"}],"curies":[{"name":"wp","href":"https:\/\/api.w.org\/{rel}","templated":true}]}}