{"id":12225,"date":"2018-07-02T18:30:09","date_gmt":"2018-07-02T21:30:09","guid":{"rendered":"https:\/\/www.orlandia.sp.gov.br\/novo\/?p=12225"},"modified":"2018-07-03T10:28:03","modified_gmt":"2018-07-03T13:28:03","slug":"pregao-presencial-632018","status":"publish","type":"post","link":"https:\/\/www.orlandia.sp.gov.br\/novo\/publicacoes\/pregao-presencial\/pregao-presencial-632018","title":{"rendered":"PREG\u00c3O PRESENCIAL 63\/2018"},"content":{"rendered":"<p>O MUNIC\u00cdPIO DE ORL\u00c2NDIA, pessoa jur\u00eddica de direito p\u00fablico interno, com sede na cidade de Orl\u00e2ndia, Estado de S\u00e3o Paulo, na Pra\u00e7a Coronel Orlando n\u00ba 600, centro, CEP 14620-000, telefone (16) 3820-8000, inscrita no CNPJ\/MF sob n\u00ba 45.351.749\/0001\u201311, inscrita na I.E 491.040.101.110, por determina\u00e7\u00e3o do Excelent\u00edssimo Prefeito Municipal, SENHOR OSWALDO RIBEIRO JUNQUEIRA NETO, torna p\u00fablico que se acha aberta \u00e0 licita\u00e7\u00e3o na modalidade PREG\u00c3O \u2013 PRESENCIAL (ATA DE REGISTRO DE PRE\u00c7OS), do tipo MENOR PRE\u00c7O UNIT\u00c1RIO \u2013 Processo n\u00ba 105\/2018, objetivando <strong>REGISTRO DE REGISTRO DE PRE\u00c7OS PARA AQUISI\u00c7\u00c3O DE G\u00caNEROS ALIMENT\u00cdCIOS PARA A CASA DE ACOLHIMENTO S\u00c3O FRANCISCO DE ASSIS<\/strong>, que ser\u00e1 regida pela Lei Federal n\u00ba 10.520, de 17 de julho de 2002, Decreto Municipal n\u00ba 3.373, de 30 de maio de 2005, Decreto Municipal 4.111, de 06 de fevereiro de 2012, aplicando-se subsidiariamente, no que couberem, as disposi\u00e7\u00f5es contidas na Lei Federal n\u00ba 8.666, de 21 de junho de 1993, e demais normas regulamentares aplic\u00e1veis \u00e0 esp\u00e9cie.<br \/>\nAs propostas dever\u00e3o obedecer \u00e0s especifica\u00e7\u00f5es estabelecidas por este instrumento convocat\u00f3rio e seus anexos, que dele fazem parte integrante.<br \/>\n1. As amostras (exigidas t\u00e3o somente para as licitantes vencedoras) e os envelopes contendo as propostas dever\u00e3o ser entregues no Departamento Municipal de Licita\u00e7\u00f5es, na Pra\u00e7a Coronel Orlando, n\u00ba 652, centro, do munic\u00edpio de Orl\u00e2ndia, no dia <strong>16\/07\/2018<\/strong> \u00e0s <strong>09:00h<\/strong>, onde ocorrer\u00e1 a abertura do procedimento licitat\u00f3rio em ep\u00edgrafe.<br \/>\n2. As empresas licitantes declaradas Vencedoras dever\u00e3o apresentar na pr\u00f3pria sess\u00e3o amostras dos itens de 01 a 14 e amostras dos \u00edtens de 56 a a 135 na menor embalagem original.<\/p>\n<p>3. O licitante vencedor que n\u00e3o apresentar as amostras e as fichas dentro do prazo determinado ser\u00e1 desclassificado quanto ao respectivo item.<\/p>\n<p>4. As amostras dever\u00e3o estar identificadas com data, assinatura e nome da empresa licitante. N\u00e3o ser\u00e3o avalidas as amostras que n\u00e3o estiverem identificadas ou fora de sua embalagem original.<br \/>\n5. As amostras poder\u00e3o ser apresentadas na menor embalagem unit\u00e1ria original para cada aitem, devidamente identificada, com r\u00f3tulo contendo registro do produto de acordo com a legisla\u00e7\u00e3o vigente. Dever\u00e3o, tamb\u00e9m, ser correspondentes ao produto entregue. Em decorr\u00eancia da an\u00e1lise dos produtos as amostras n\u00e3o ser\u00e3o devolvidas.<\/p>\n<p>6. An\u00e1lise das amostras: Ser\u00e3o analisados os produtos quanto a rotulagem, conforme legisla\u00e7\u00e3o vigente, propriedades organol\u00e9pticas, teor de s\u00f3dio e gordura nas embalagens e rendimento.<\/p>\n<p><a id=\"linkEdital\"onclick=\"validaDownload();\"onmouseover=\"carrega();\"href=\"https:\/\/www.orlandia.sp.gov.br\/novo\/wp-content\/uploads\/2018\/07\/EDITAL-PREG\u00c3O-63-2018-Registro-de-pre\u00e7os-para-aquisi\u00e7\u00e3o-de-generos-alimenticios-para-casa-de-acolhimento-1.pdf\">Download Edital<\/a><\/p>\n","protected":false},"excerpt":{"rendered":"<p>PROCESSO n\u00b0 105\/2018<br \/>\nOBJETO: REGISTRO DE PRE\u00c7OS PARA AQUISI\u00c7\u00c3O DE G\u00caNEROS ALIMENT\u00cdCIOS PARA A CASA DE ACOLHIMENTO S\u00c3O FRANCISCO DE ASSIS.<br \/>\nDATA DA REALIZA\u00c7\u00c3O: 16\/07\/2018<br \/>\nHOR\u00c1RIO: 09:00 horas<br \/>\nLOCAL: Pra\u00e7a Coronel Orlando n\u00ba 652, centro.<\/p>\n","protected":false},"author":10,"featured_media":0,"comment_status":"open","ping_status":"open","sticky":false,"template":"","format":"standard","meta":{"ngg_post_thumbnail":0,"footnotes":""},"categories":[42],"tags":[],"magazineBlocksPostFeaturedMedia":{"thumbnail":false,"medium":false,"medium_large":false,"large":false,"1536x1536":false,"2048x2048":false,"colormag-highlighted-post":false,"colormag-featured-post-medium":false,"colormag-featured-post-small":false,"colormag-featured-image":false,"colormag-default-news":false,"colormag-featured-image-large":false},"magazineBlocksPostAuthor":{"name":"Licita\u00e7\u00e3o","avatar":"https:\/\/secure.gravatar.com\/avatar\/510039dcf0c0f298820adcefb2dc032d?s=96&d=mm&r=g"},"magazineBlocksPostCommentsNumber":false,"magazineBlocksPostExcerpt":"PROCESSO n\u00b0 105\/2018\r\nOBJETO: REGISTRO DE PRE\u00c7OS PARA AQUISI\u00c7\u00c3O DE G\u00caNEROS ALIMENT\u00cdCIOS PARA A CASA DE ACOLHIMENTO S\u00c3O FRANCISCO DE ASSIS.\r\nDATA DA REALIZA\u00c7\u00c3O: 16\/07\/2018\r\nHOR\u00c1RIO: 09:00 horas \r\nLOCAL: Pra\u00e7a Coronel Orlando n\u00ba 652, centro.","magazineBlocksPostCategories":["Preg\u00e3o Presencial"],"magazine_blocks_featured_image_url":{"full":false,"medium":false,"thumbnail":false},"magazine_blocks_author":{"display_name":"Licita\u00e7\u00e3o","author_link":"https:\/\/www.orlandia.sp.gov.br\/novo\/author\/licitacao"},"magazine_blocks_comment":0,"magazine_blocks_author_image":"https:\/\/secure.gravatar.com\/avatar\/510039dcf0c0f298820adcefb2dc032d?s=96&d=mm&r=g","magazine_blocks_category":"<a href=\"https:\/\/www.orlandia.sp.gov.br\/novo\/category\/publicacoes\/pregao-presencial\" rel=\"category tag\">Preg\u00e3o Presencial<\/a>","_links":{"self":[{"href":"https:\/\/www.orlandia.sp.gov.br\/novo\/wp-json\/wp\/v2\/posts\/12225"}],"collection":[{"href":"https:\/\/www.orlandia.sp.gov.br\/novo\/wp-json\/wp\/v2\/posts"}],"about":[{"href":"https:\/\/www.orlandia.sp.gov.br\/novo\/wp-json\/wp\/v2\/types\/post"}],"author":[{"embeddable":true,"href":"https:\/\/www.orlandia.sp.gov.br\/novo\/wp-json\/wp\/v2\/users\/10"}],"replies":[{"embeddable":true,"href":"https:\/\/www.orlandia.sp.gov.br\/novo\/wp-json\/wp\/v2\/comments?post=12225"}],"version-history":[{"count":3,"href":"https:\/\/www.orlandia.sp.gov.br\/novo\/wp-json\/wp\/v2\/posts\/12225\/revisions"}],"predecessor-version":[{"id":12231,"href":"https:\/\/www.orlandia.sp.gov.br\/novo\/wp-json\/wp\/v2\/posts\/12225\/revisions\/12231"}],"wp:attachment":[{"href":"https:\/\/www.orlandia.sp.gov.br\/novo\/wp-json\/wp\/v2\/media?parent=12225"}],"wp:term":[{"taxonomy":"category","embeddable":true,"href":"https:\/\/www.orlandia.sp.gov.br\/novo\/wp-json\/wp\/v2\/categories?post=12225"},{"taxonomy":"post_tag","embeddable":true,"href":"https:\/\/www.orlandia.sp.gov.br\/novo\/wp-json\/wp\/v2\/tags?post=12225"}],"curies":[{"name":"wp","href":"https:\/\/api.w.org\/{rel}","templated":true}]}}