{"id":12184,"date":"2018-06-26T16:13:42","date_gmt":"2018-06-26T19:13:42","guid":{"rendered":"https:\/\/www.orlandia.sp.gov.br\/novo\/?p=12184"},"modified":"2018-10-11T14:09:53","modified_gmt":"2018-10-11T17:09:53","slug":"processo-seletivo-022018","status":"publish","type":"post","link":"https:\/\/www.orlandia.sp.gov.br\/novo\/publicacoes\/processo-seletivo\/processo-seletivo-022018","title":{"rendered":"PROCESSO SELETIVO 02\/2018"},"content":{"rendered":"<p>Realiza\u00e7\u00e3o: 16\/09\/2018. <\/p>\n<p>Objeto: O Processo Seletivo destina-se \u00e0 Contrata\u00e7\u00e3o tempor\u00e1ria de docentes para reger classes e ministrar aulas nas escolas integrantes da rede municipal de ensino. <\/p>\n<p><a href=\"https:\/\/www.orlandia.sp.gov.br\/novo\/wp-content\/uploads\/2018\/06\/EDITAL-PROCESSO-SELETIVO-N\u00ba-002.2018.pdf\">EDITAL PROCESSO SELETIVO N\u00ba 002.2018<\/a><\/p>\n<p><a href=\"https:\/\/www.orlandia.sp.gov.br\/novo\/wp-content\/uploads\/2018\/06\/PMOR1801-Errata-I-Conte\u00fado-Program\u00e1tico-para-os-cargos-de-PEB-I-\u2013-ENSINO-FUNDAMENTAL-1\u00ba-AO-5\u00ba-ANO-e-PEB-I-\u2013-ENSINO-FUNDAMENTAL-1\u00ba-AO-5\u00ba-ANO-SUBSTITUTO..pdf\">PMOR1801 &#8211; Errata I -Conte\u00fado Program\u00e1tico, para os cargos de PEB I \u2013 ENSINO FUNDAMENTAL 1\u00ba AO 5\u00ba ANO e PEB I \u2013 ENSINO FUNDAMENTAL 1\u00ba AO 5\u00ba ANO SUBSTITUTO.<\/a><\/p>\n<p><a href=\"https:\/\/www.orlandia.sp.gov.br\/novo\/wp-content\/uploads\/2018\/06\/PMOR1801_GAB-1.pdf\">PMOR1801_GAB-1<\/a><br \/>\n<a href=\"https:\/\/www.orlandia.sp.gov.br\/novo\/wp-content\/uploads\/2018\/06\/PMOR1801_GAB-2.pdf\">PMOR1801_GAB-2<\/a><br \/>\n<a href=\"https:\/\/www.orlandia.sp.gov.br\/novo\/wp-content\/uploads\/2018\/06\/PMOR1801_GAB-3.pdf\">PMOR1801_GAB-3<\/a><br \/>\n<a href=\"https:\/\/www.orlandia.sp.gov.br\/novo\/wp-content\/uploads\/2018\/06\/PMOR1801_GAB-4.pdf\">PMOR1801_GAB-4<\/a><br \/>\n<a href=\"https:\/\/www.orlandia.sp.gov.br\/novo\/wp-content\/uploads\/2018\/06\/PMOR1801_GAB-5.pdf\">PMOR1801_GAB-5<\/a><br \/>\n<a href=\"https:\/\/www.orlandia.sp.gov.br\/novo\/wp-content\/uploads\/2018\/06\/PMOR1801_GAB-6.pdf\">PMOR1801_GAB-6<\/a><br \/>\n<a href=\"https:\/\/www.orlandia.sp.gov.br\/novo\/wp-content\/uploads\/2018\/06\/PMOR1801_GAB-7.pdf\">PMOR1801_GAB-7<\/a><br \/>\n<a href=\"https:\/\/www.orlandia.sp.gov.br\/novo\/wp-content\/uploads\/2018\/06\/PMOR1801_GAB-8.pdf\">PMOR1801_GAB-8<\/a><br \/>\n<a href=\"https:\/\/www.orlandia.sp.gov.br\/novo\/wp-content\/uploads\/2018\/06\/PMOR1801_GAB-9.pdf\">PMOR1801_GAB-9<\/a><br \/>\n<a href=\"https:\/\/www.orlandia.sp.gov.br\/novo\/wp-content\/uploads\/2018\/06\/PMOR1801_GAB-10.pdf\">PMOR1801_GAB-10<\/a><br \/>\n<a href=\"https:\/\/www.orlandia.sp.gov.br\/novo\/wp-content\/uploads\/2018\/06\/PMOR1801_GAB-11.pdf\">PMOR1801_GAB-11<\/a><br \/>\n<a href=\"https:\/\/www.orlandia.sp.gov.br\/novo\/wp-content\/uploads\/2018\/06\/PMOR1801_GAB-12.pdf\">PMOR1801_GAB-12<\/a><br \/>\n<a href=\"https:\/\/www.orlandia.sp.gov.br\/novo\/wp-content\/uploads\/2018\/06\/PMOR1801_GAB-13.pdf\">PMOR1801_GAB-13<\/a><\/p>\n<p><a href=\"https:\/\/www.orlandia.sp.gov.br\/novo\/wp-content\/uploads\/2018\/06\/Edital-de-Divulga\u00e7\u00e3o-Resultado-dos-Recursos-Contra-a-Pontua\u00e7\u00e3o-e-Classifica\u00e7\u00e3o-Pr\u00e9via-Prova-Objetiva-4.pdf\">Edital de Divulga\u00e7\u00e3o &#8211; Resultado dos Recursos Contra a Pontua\u00e7\u00e3o e Classifica\u00e7\u00e3o Pr\u00e9via Prova Objetiva (4)<\/a><\/p>\n<p><a href=\"https:\/\/www.orlandia.sp.gov.br\/novo\/wp-content\/uploads\/2018\/06\/LISTA-DE-CLASSIFICA\u00c7\u00c3O-GERAL.pdf\">LISTA DE CLASSIFICA\u00c7\u00c3O GERAL<\/a><\/p>\n","protected":false},"excerpt":{"rendered":"<p>CONFIRA O EDITAL DE ABERTURA DE INSCRI\u00c7\u00d5ES (EAI) DO PROCESSO SELETIVO N\u00ba 002\/2018 DA SECRETARIA MUNICIPAL DE EDUCA\u00c7\u00c3O DO MUNIC\u00cdPIO DE ORL\u00c2NDIA PARA CONTRATA\u00c7\u00c3O TEMPOR\u00c1RIA DE DOCENTES PARA REGER CLASSES E MINISTRAR AULAS NAS ESCOLAS INTEGRANTES DA REDE MUNICIPAL DE ENSINO. <\/p>\n","protected":false},"author":10,"featured_media":0,"comment_status":"open","ping_status":"open","sticky":false,"template":"","format":"standard","meta":{"ngg_post_thumbnail":0,"footnotes":""},"categories":[58,43],"tags":[],"magazineBlocksPostFeaturedMedia":{"thumbnail":false,"medium":false,"medium_large":false,"large":false,"1536x1536":false,"2048x2048":false,"colormag-highlighted-post":false,"colormag-featured-post-medium":false,"colormag-featured-post-small":false,"colormag-featured-image":false,"colormag-default-news":false,"colormag-featured-image-large":false},"magazineBlocksPostAuthor":{"name":"Licita\u00e7\u00e3o","avatar":"https:\/\/secure.gravatar.com\/avatar\/510039dcf0c0f298820adcefb2dc032d?s=96&d=mm&r=g"},"magazineBlocksPostCommentsNumber":false,"magazineBlocksPostExcerpt":"CONFIRA O EDITAL DE ABERTURA DE INSCRI\u00c7\u00d5ES (EAI) DO PROCESSO SELETIVO N\u00ba 002\/2018 DA SECRETARIA MUNICIPAL DE EDUCA\u00c7\u00c3O DO MUNIC\u00cdPIO DE ORL\u00c2NDIA PARA CONTRATA\u00c7\u00c3O TEMPOR\u00c1RIA DE DOCENTES PARA REGER CLASSES E MINISTRAR AULAS NAS ESCOLAS INTEGRANTES DA REDE MUNICIPAL DE ENSINO. ","magazineBlocksPostCategories":["Administra\u00e7\u00e3o","Processo Seletivo"],"magazine_blocks_featured_image_url":{"full":false,"medium":false,"thumbnail":false},"magazine_blocks_author":{"display_name":"Licita\u00e7\u00e3o","author_link":"https:\/\/www.orlandia.sp.gov.br\/novo\/author\/licitacao"},"magazine_blocks_comment":0,"magazine_blocks_author_image":"https:\/\/secure.gravatar.com\/avatar\/510039dcf0c0f298820adcefb2dc032d?s=96&d=mm&r=g","magazine_blocks_category":"<a href=\"https:\/\/www.orlandia.sp.gov.br\/novo\/category\/secretarias\/administracao\" rel=\"category tag\">Administra\u00e7\u00e3o<\/a> <a href=\"https:\/\/www.orlandia.sp.gov.br\/novo\/category\/publicacoes\/processo-seletivo\" rel=\"category tag\">Processo Seletivo<\/a>","_links":{"self":[{"href":"https:\/\/www.orlandia.sp.gov.br\/novo\/wp-json\/wp\/v2\/posts\/12184"}],"collection":[{"href":"https:\/\/www.orlandia.sp.gov.br\/novo\/wp-json\/wp\/v2\/posts"}],"about":[{"href":"https:\/\/www.orlandia.sp.gov.br\/novo\/wp-json\/wp\/v2\/types\/post"}],"author":[{"embeddable":true,"href":"https:\/\/www.orlandia.sp.gov.br\/novo\/wp-json\/wp\/v2\/users\/10"}],"replies":[{"embeddable":true,"href":"https:\/\/www.orlandia.sp.gov.br\/novo\/wp-json\/wp\/v2\/comments?post=12184"}],"version-history":[{"count":5,"href":"https:\/\/www.orlandia.sp.gov.br\/novo\/wp-json\/wp\/v2\/posts\/12184\/revisions"}],"predecessor-version":[{"id":12663,"href":"https:\/\/www.orlandia.sp.gov.br\/novo\/wp-json\/wp\/v2\/posts\/12184\/revisions\/12663"}],"wp:attachment":[{"href":"https:\/\/www.orlandia.sp.gov.br\/novo\/wp-json\/wp\/v2\/media?parent=12184"}],"wp:term":[{"taxonomy":"category","embeddable":true,"href":"https:\/\/www.orlandia.sp.gov.br\/novo\/wp-json\/wp\/v2\/categories?post=12184"},{"taxonomy":"post_tag","embeddable":true,"href":"https:\/\/www.orlandia.sp.gov.br\/novo\/wp-json\/wp\/v2\/tags?post=12184"}],"curies":[{"name":"wp","href":"https:\/\/api.w.org\/{rel}","templated":true}]}}