{"id":11788,"date":"2018-04-02T16:53:36","date_gmt":"2018-04-02T19:53:36","guid":{"rendered":"https:\/\/www.orlandia.sp.gov.br\/novo\/?p=11788"},"modified":"2018-05-30T13:13:56","modified_gmt":"2018-05-30T16:13:56","slug":"concorrencia-publica-052018","status":"publish","type":"post","link":"https:\/\/www.orlandia.sp.gov.br\/novo\/publicacoes\/concorrencia-publica\/concorrencia-publica-052018","title":{"rendered":"CONCORR\u00caNCIA P\u00daBLICA 05\/2018 &#8211; PROCESSO SUSPENSO PELO TC\/SP."},"content":{"rendered":"<p>A PREFEITURA MUNICIPAL DO MUNIC\u00cdPIO DE ORL\u00c2NDIA, ESTADO DE S\u00c3O PAULO, torna p\u00fablico aos interessados que, por determina\u00e7\u00e3o do Sr. Prefeito Municipal encontra-se aberta a <strong>CONCORR\u00caNCIA P\u00daBLICA N\u00ba 005\/2018<\/strong>, cujo o objeto \u00e9 a <strong>CONCESS\u00c3O COMUM PARA EXPLORA\u00c7\u00c3O DOS SERVI\u00c7OS P\u00daBLICOS DE ABASTECIMENTO DE \u00c1GUA E DE ESGOTAMENTO SANIT\u00c1RIO NO MUNIC\u00cdPIO DE ORL\u00c2NDIA, QUE COMPREENDEM A CONSTRU\u00c7\u00c3O, A OPERA\u00c7\u00c3O E A MANUTEN\u00c7\u00c3O DAS UNIDADES INTEGRANTES DOS SISTEMAS F\u00cdSICOS, OPERACIONAIS E GERENCIAIS DE PRODU\u00c7\u00c3O E DISTRIBUI\u00c7\u00c3O DE \u00c1GUA, BEM COMO A COLETA, O AFASTAMENTO, O TRATAMENTO E A DISPOSI\u00c7\u00c3O DE ESGOTOS SANIT\u00c1RIOS, INCLUINDO A GEST\u00c3O DOS SISTEMAS ORGANIZACIONAIS, A COMERCIALIZA\u00c7\u00c3O DOS PRODUTOS E SERVI\u00c7OS ENVOLVIDOS E O ATENDIMENTO AOS USU\u00c1RIOS, na AR\u00c9A DE CONCES\u00c3O<\/strong>, em car\u00e1ter de exclusividade, com fundamento no artigo 175 da Constitui\u00e7\u00e3o Federal, na Lei Federal 8.666\/93, Lei Federal n\u00ba. 8.987\/95, na Lei Federal n\u00ba. 11.445\/07, na Lei Federal n. \u00ba 12.527\/2011 e Lei Federal n. \u00ba 12.846\/2013, bem como na Lei Org\u00e2nica do Munic\u00edpio, Lei Complementar n 3.762\/2010, Lei n\u00ba 4010\/2014 e Lei Complementar Municipal n\u00ba. 25\/2017 e as disposi\u00e7\u00f5es deste EDITAL, a serem prestados pela CONCESSION\u00c1RIA aos USU\u00c1RIOS que se localizem na \u00c1REA DE CONCESS\u00c3O, conforme artigo 2\u00ba da Lei Complementar Municipal n. \u00ba 25\/2017 e mediante as condi\u00e7\u00f5es a seguir expostas:<\/p>\n<p>Referida Licita\u00e7\u00e3o, modalidade CONCORR\u00caNCIA, \u00e9 regida pela Lei Federal n\u00ba 8.666\/93 e suas altera\u00e7\u00f5es, pela Lei Org\u00e2nica deste Munic\u00edpio, pelas demais legisla\u00e7\u00f5es pertinentes \u00e0 mat\u00e9ria e pelas condi\u00e7\u00f5es estabelecidas neste Edital e nos Anexos que o integram, aplicando-se tamb\u00e9m os termos da Lei Federal 8.987\/95 e suas altera\u00e7\u00f5es.<\/p>\n<p>O TIPO da presente Licita\u00e7\u00e3o decorre da combina\u00e7\u00e3o de MAIOR OFERTA pela outorga com o e MELHOR T\u00c9CNICA, conforme disposto no artigo 15, inciso VI da Lei Federal n\u00ba 8.987\/95 e suas altera\u00e7\u00f5es.<\/p>\n<p>A licita\u00e7\u00e3o foi precedida de Audi\u00eancia e Consulta P\u00fablica, nos termos do art. 11, inciso IV da Lei Federal 11.445\/07 e, altera\u00e7\u00f5es posteriores, devidamente divulgadas no Di\u00e1rio Oficial do Munic\u00edpio no dia 23 de Novembro de 2017, e no Di\u00e1rio Oficial do Estado no dia 24 de Novembro de 2017, com Audi\u00eancia P\u00fablica realizada no dia 29 de Novembro de 2017, bem como da publica\u00e7\u00e3o no Di\u00e1rio Oficial do Munic\u00edpio em 02 de Fevereiro de 2018 de Ato de Justificativa da Concess\u00e3o, nos termos da Lei Federal n. \u00ba 8.987\/95.<\/p>\n<p>O Edital, poder\u00e1 ser consultado por qualquer interessado no s\u00edtio da Prefeitura Municipal de Orl\u00e2ndia &lt;https:\/\/www.orlandia.sp.gov.br&gt;, ou diretamente na sede da Prefeitura Municipal de Orl\u00e2ndia na Pra\u00e7a Coronel Francisco Orlando, n.\u00ba 652, centro, Orl\u00e2ndia \u2013SP, CEP: 14.620-000. Os licitantes poder\u00e3o ainda consultar junto a Divis\u00e3o de \u00c1gua e Esgoto de Orl\u00e2ndia os documentos referentes a presente CONSULTA P\u00daBLICA sobre a LICITA\u00c7\u00c3O e aos sistemas existentes, sempre por meio de requerimento escrito e assinado pelo respons\u00e1vel legal.<\/p>\n<p>Os envelopes dever\u00e3o ser entregues pelas licitantes, nos termos deste Edital, at\u00e9 \u00e0s <strong>10:00 horas<\/strong> do dia <strong>04 de Junho de 2018<\/strong>, na Prefeitura Municipal de Orl\u00e2ndia, na<strong> Pra\u00e7a Coronel Francisco Orlando, n.\u00ba 652, centro, Orl\u00e2ndia \u2013SP, CEP: 14.620-000.<\/strong><\/p>\n<p><a href=\"https:\/\/www.orlandia.sp.gov.br\/novo\/wp-content\/uploads\/2018\/04\/CP-05.2018-ANEXO-IV-A-PLANO-MUNICIPAL-DE-SANEAMENTO-B\u00c1SICO-DO-MUNIC\u00cdPIO-DE-ORL\u00c2NDIA.pdf\">CP 05.2018 &#8211; ANEXO IV A &#8211; PLANO MUNICIPAL DE SANEAMENTO B\u00c1SICO DO MUNIC\u00cdPIO DE ORL\u00c2NDIA<\/a><\/p>\n<p><a href=\"https:\/\/www.orlandia.sp.gov.br\/novo\/wp-content\/uploads\/2018\/04\/CP-05.2018-ANEXO-IV-B-Estudo-de-Viabilidade-Econ\u00f4mico-Financeira.pdf\">CP 05.2018 &#8211; ANEXO IV B &#8211; Estudo de Viabilidade Econ\u00f4mico Financeira<\/a><\/p>\n<p><a href=\"https:\/\/www.orlandia.sp.gov.br\/novo\/wp-content\/uploads\/2018\/04\/CP-05.2018-ANEXO-IV-D-Diagn\u00f3stico-e-Progn\u00f3stico-do-Sistema-de-Abastecimento-de-\u00c1gua-e-Esgotamento-Sanit\u00e1rio-do-Munic\u00edpio-de-Orl\u00e2ndia.pdf\">CP 05.2018 &#8211; ANEXO IV D &#8211; Diagn\u00f3stico e Progn\u00f3stico do Sistema de Abastecimento de \u00c1gua e Esgotamento Sanit\u00e1rio do Munic\u00edpio de Orl\u00e2ndia<\/a><\/p>\n<p><a href=\"https:\/\/www.orlandia.sp.gov.br\/novo\/wp-content\/uploads\/2018\/04\/N\u00ba-01-RESPOSTA-ESCLARECIMENTO-CONCESS\u00c3O-\u00c1GUA.pdf\">N\u00ba 01 &#8211; RESPOSTA &#8211; ESCLARECIMENTO &#8211; CONCESS\u00c3O \u00c1GUA<\/a><\/p>\n<p><a href=\"https:\/\/www.orlandia.sp.gov.br\/novo\/wp-content\/uploads\/2018\/04\/N\u00ba-02-RESPOSTA-ESCLARECIMENTO-CONCESS\u00c3O-\u00c1GUA.pdf\">N\u00ba 02 &#8211; RESPOSTA &#8211; ESCLARECIMENTO &#8211; CONCESS\u00c3O \u00c1GUA<\/a><\/p>\n<p><a href=\"https:\/\/www.orlandia.sp.gov.br\/novo\/wp-content\/uploads\/2018\/04\/N\u00ba-03-RESPOSTA-ESCLARECIMENTO-CONCESS\u00c3O-DA-\u00c1GUA.pdf\">N\u00ba 03 &#8211; RESPOSTA &#8211; ESCLARECIMENTO &#8211; CONCESS\u00c3O DA \u00c1GUA<\/a><\/p>\n<p><a href=\"https:\/\/www.orlandia.sp.gov.br\/novo\/wp-content\/uploads\/2018\/04\/N\u00ba-04-RESPOSTA-ESCLARECIMENTO-CONCESS\u00c3O-\u00c1GUA-1.pdf\">N\u00ba 04 &#8211; RESPOSTA &#8211; ESCLARECIMENTO &#8211; CONCESS\u00c3O \u00c1GUA 1<\/a><\/p>\n<p><a href=\"https:\/\/www.orlandia.sp.gov.br\/novo\/wp-content\/uploads\/2018\/04\/N\u00ba-05-RESPOSTA-ESCLARECIMENTO-CONCESSA\u0303O-A\u0301GUA.pdf\">N\u00ba 05 &#8211; RESPOSTA &#8211; ESCLARECIMENTO &#8211; CONCESSA\u0303O A\u0301GUA<\/a><\/p>\n<p><a href=\"https:\/\/www.orlandia.sp.gov.br\/novo\/wp-content\/uploads\/2018\/04\/PUBLICA\u00c7\u00c3O-07.05.2018-CONCORR\u00caNCIA-005.2017-ERRATA-CONCESS\u00c3O-\u00c1GUA.pdf\">PUBLICA\u00c7\u00c3O 07.05.2018 &#8211; CONCORR\u00caNCIA 005.2017 &#8211; ERRATA &#8211; CONCESS\u00c3O \u00c1GUA<\/a><\/p>\n<p><a href=\"https:\/\/www.orlandia.sp.gov.br\/novo\/wp-content\/uploads\/2018\/04\/N\u00ba-06-RESPOSTA-ESCLARECIMENTO-CONCESS\u00c3O-\u00c1GUA.pdf\">N\u00ba 06 &#8211; RESPOSTA &#8211; ESCLARECIMENTO &#8211; CONCESS\u00c3O \u00c1GUA<\/a><\/p>\n<p><a href=\"https:\/\/www.orlandia.sp.gov.br\/novo\/wp-content\/uploads\/2018\/04\/Tabela-da-Rede-de-Agu\u00e1-e-Esgoto-01-2018.pdf\">Tabela da Rede de Agu\u00e1 e Esgoto 01-2018<\/a><\/p>\n<p><a href=\"https:\/\/www.orlandia.sp.gov.br\/novo\/wp-content\/uploads\/2018\/04\/Tabela-da-Rede-de-Agu\u00e1-e-Esgoto-02-2018.pdf\">Tabela da Rede de Agu\u00e1 e Esgoto 02-2018<\/a><\/p>\n<p><a href=\"https:\/\/www.orlandia.sp.gov.br\/novo\/wp-content\/uploads\/2018\/04\/Tabela-da-Rede-de-Agu\u00e1-e-Esgoto-03-2018.pdf\">Tabela da Rede de Agu\u00e1 e Esgoto 03-2018<\/a><\/p>\n<p><a href=\"https:\/\/www.orlandia.sp.gov.br\/novo\/wp-content\/uploads\/2018\/04\/Tabela-da-Rede-de-Agu\u00e1-e-Esgoto-04-2017.pdf\">Tabela da Rede de Agu\u00e1 e Esgoto 04-2017<\/a><\/p>\n<p><a href=\"https:\/\/www.orlandia.sp.gov.br\/novo\/wp-content\/uploads\/2018\/04\/Tabela-da-Rede-de-Agu\u00e1-e-Esgoto-05-2017.pdf\">Tabela da Rede de Agu\u00e1 e Esgoto 05-2017<\/a><\/p>\n<p><a href=\"https:\/\/www.orlandia.sp.gov.br\/novo\/wp-content\/uploads\/2018\/04\/Tabela-da-Rede-de-Agu\u00e1-e-Esgoto-06-2017.pdf\">Tabela da Rede de Agu\u00e1 e Esgoto 06-2017<\/a><\/p>\n<p><a href=\"https:\/\/www.orlandia.sp.gov.br\/novo\/wp-content\/uploads\/2018\/04\/Tabela-da-Rede-de-Agu\u00e1-e-Esgoto-07-2017.pdf\">Tabela da Rede de Agu\u00e1 e Esgoto 07-2017<\/a><\/p>\n<p><a href=\"https:\/\/www.orlandia.sp.gov.br\/novo\/wp-content\/uploads\/2018\/04\/Tabela-da-Rede-de-Agu\u00e1-e-Esgoto-08-2017.pdf\">Tabela da Rede de Agu\u00e1 e Esgoto 08-2017<\/a><\/p>\n<p><a href=\"https:\/\/www.orlandia.sp.gov.br\/novo\/wp-content\/uploads\/2018\/04\/Tabela-da-Rede-de-Agu\u00e1-e-Esgoto-09-2017.pdf\">Tabela da Rede de Agu\u00e1 e Esgoto 09-2017<\/a><\/p>\n<p><a href=\"https:\/\/www.orlandia.sp.gov.br\/novo\/wp-content\/uploads\/2018\/04\/Tabela-da-Rede-de-Agu\u00e1-e-Esgoto-10-2017.pdf\">Tabela da Rede de Agu\u00e1 e Esgoto 10-2017<\/a><\/p>\n<p><a href=\"https:\/\/www.orlandia.sp.gov.br\/novo\/wp-content\/uploads\/2018\/04\/Tabela-da-Rede-de-Agu\u00e1-e-Esgoto-11-2017.pdf\">Tabela da Rede de Agu\u00e1 e Esgoto 11-2017<\/a><\/p>\n<p><a href=\"https:\/\/www.orlandia.sp.gov.br\/novo\/wp-content\/uploads\/2018\/04\/Tabela-da-Rede-de-Agu\u00e1-e-Esgoto-12-2017.pdf\">Tabela da Rede de Agu\u00e1 e Esgoto 12-2017<\/a><\/p>\n<p><a href=\"https:\/\/www.orlandia.sp.gov.br\/novo\/wp-content\/uploads\/2018\/04\/N\u00ba-07-RESPOSTA-ESCLARECIMENTO-CONCESSA\u0303O-A\u0301GUA.pdf\">N\u00ba 07 &#8211; RESPOSTA &#8211; ESCLARECIMENTO &#8211; CONCESSA\u0303O A\u0301GUA<\/a><\/p>\n<p><a href=\"https:\/\/www.orlandia.sp.gov.br\/novo\/wp-content\/uploads\/2018\/04\/N\u00ba-08-RESPOSTA-ESCLARECIMENTO-CONCESSA\u0303O-A\u0301GUA.pdf\">N\u00ba 08 &#8211; RESPOSTA &#8211; ESCLARECIMENTO &#8211; CONCESSA\u0303O A\u0301GUA<\/a><\/p>\n<p><a href=\"https:\/\/www.orlandia.sp.gov.br\/novo\/wp-content\/uploads\/2018\/04\/N\u00ba-09-RESPOSTA-ESCLARECIMENTO-CONCESSA\u0303O-A\u0301GUA.pdf\">N\u00ba 09 &#8211; RESPOSTA &#8211; ESCLARECIMENTO &#8211; CONCESSA\u0303O A\u0301GUA<\/a><\/p>\n<p><a href=\"https:\/\/www.orlandia.sp.gov.br\/novo\/wp-content\/uploads\/2018\/04\/PUBLICA\u00c7\u00c3O-17.05.2018-CONCORR\u00caNCIA-005.2017-ERRATA-CONCESS\u00c3O-\u00c1GUA.pdf\">PUBLICA\u00c7\u00c3O 17.05.2018 &#8211; CONCORR\u00caNCIA 005.2017 &#8211; ERRATA &#8211; CONCESS\u00c3O \u00c1GUA<\/a><\/p>\n<p><a href=\"https:\/\/www.orlandia.sp.gov.br\/novo\/wp-content\/uploads\/2018\/04\/N\u00ba-10-RESPOSTA-ESCLARECIMENTO-CONCESSA\u0303O-A\u0301GUA.pdf\">N\u00ba 10 &#8211; RESPOSTA &#8211; ESCLARECIMENTO &#8211; CONCESSA\u0303O A\u0301GUA<\/a><\/p>\n<p><a href=\"https:\/\/www.orlandia.sp.gov.br\/novo\/wp-content\/uploads\/2018\/04\/N\u00ba-11-RESPOSTA-ESCLARECIMENTO-CONCESSA\u0303O-A\u0301GUA.pdf\">N\u00ba 11 &#8211; RESPOSTA &#8211; ESCLARECIMENTO &#8211; CONCESSA\u0303O A\u0301GUA<\/a><\/p>\n<p><a href=\"https:\/\/www.orlandia.sp.gov.br\/novo\/wp-content\/uploads\/2018\/04\/N\u00ba-12-RESPOSTA-ESCLARECIMENTO-CONCESSA\u0303O-A\u0301GUA.pdf\">N\u00ba 12 &#8211; RESPOSTA &#8211; ESCLARECIMENTO &#8211; CONCESSA\u0303O A\u0301GUA<\/a><\/p>\n<p><a href=\"https:\/\/www.orlandia.sp.gov.br\/novo\/wp-content\/uploads\/2018\/04\/N\u00ba-13-RESPOSTA-ESCLARECIMENTO-CONCESSA\u0303O-A\u0301GUA.pdf\">N\u00ba 13 &#8211; RESPOSTA &#8211; ESCLARECIMENTO &#8211; CONCESSA\u0303O A\u0301GUA<\/a><\/p>\n<p><a href=\"https:\/\/www.orlandia.sp.gov.br\/novo\/wp-content\/uploads\/2018\/04\/N\u00ba-14-RESPOSTA-ESCLARECIMENTO-CONCESSA\u0303O-A\u0301GUA.pdf\">N\u00ba 14 &#8211; RESPOSTA &#8211; ESCLARECIMENTO &#8211; CONCESSA\u0303O A\u0301GUA<\/a><\/p>\n<p><a href=\"https:\/\/www.orlandia.sp.gov.br\/novo\/wp-content\/uploads\/2018\/04\/DESPACHO-IMPUGNA\u00c7\u00c3O-A-EDITAL-DE-LICITA\u00c7\u00c3O-CP-005-2018-.pdf\">DESPACHO &#8211; IMPUGNA\u00c7\u00c3O A EDITAL DE LICITA\u00c7\u00c3O &#8211; CP 005-2018<\/a><\/p>\n<p><a href=\"https:\/\/www.orlandia.sp.gov.br\/novo\/wp-content\/uploads\/2018\/04\/N\u00ba-15-RESPOSTA-IMPUGNA\u00c7\u00c3O-CONCESS\u00c3O-\u00c1GUA.pdf\">N\u00ba 15 &#8211; RESPOSTA &#8211; IMPUGNA\u00c7\u00c3O &#8211; CONCESS\u00c3O \u00c1GUA<\/a><\/p>\n<p><a href=\"https:\/\/www.orlandia.sp.gov.br\/novo\/wp-content\/uploads\/2018\/04\/N\u00ba-16-RESPOSTA-ESCLARECIMENTO-CONCESSA\u0303O-A\u0301GUA.pdf\">N\u00ba 16 &#8211; RESPOSTA &#8211; ESCLARECIMENTO &#8211; CONCESSA\u0303O A\u0301GUA<\/a><\/p>\n<p><a href=\"https:\/\/www.orlandia.sp.gov.br\/novo\/wp-content\/uploads\/2018\/04\/N\u00ba-17-RESPOSTA-ESCLARECIMENTO-CONCESSA\u0303O-A\u0301GUA.pdf\">N\u00ba 17 &#8211; RESPOSTA &#8211; ESCLARECIMENTO &#8211; CONCESSA\u0303O A\u0301GUA<\/a><\/p>\n<p><a href=\"https:\/\/www.orlandia.sp.gov.br\/novo\/wp-content\/uploads\/2018\/04\/N\u00ba-18-RESPOSTA-ESCLARECIMENTO-CONCESSA\u0303O-A\u0301GUA.pdf\">N\u00ba 18 &#8211; RESPOSTA &#8211; ESCLARECIMENTO &#8211; CONCESSA\u0303O A\u0301GUA<\/a><\/p>\n<p><a href=\"https:\/\/www.orlandia.sp.gov.br\/novo\/wp-content\/uploads\/2018\/04\/N\u00ba-19-RESPOSTA-ESCLARECIMENTO-CONCESSA\u0303O-A\u0301GUA.pdf\">N\u00ba 19 &#8211; RESPOSTA &#8211; ESCLARECIMENTO &#8211; CONCESSA\u0303O A\u0301GUA<\/a><\/p>\n<p><a href=\"https:\/\/www.orlandia.sp.gov.br\/novo\/wp-content\/uploads\/2018\/04\/N\u00ba-20-RESPOSTA-ESCLARECIMENTO-CONCESSA\u0303O-A\u0301GUA.pdf\">N\u00ba 20 &#8211; RESPOSTA &#8211; ESCLARECIMENTO &#8211; CONCESSA\u0303O A\u0301GUA<\/a><\/p>\n<p><a href=\"https:\/\/www.orlandia.sp.gov.br\/novo\/wp-content\/uploads\/2018\/04\/PREFEITO-DESPACHO-IMPUGNA\u00c7\u00c3O-A-EDITAL-DE-LICITA\u00c7\u00c3O-CP-005-2018-AEGEA.pdf\">PREFEITO &#8211; DESPACHO &#8211; IMPUGNA\u00c7\u00c3O A EDITAL DE LICITA\u00c7\u00c3O &#8211; CP 005-2018 &#8211; AEGEA<\/a><\/p>\n<p><a href=\"https:\/\/www.orlandia.sp.gov.br\/novo\/wp-content\/uploads\/2018\/04\/N\u00ba-21-RESPOSTA-IMPUGNA\u00c7\u00c3O-CONCESS\u00c3O-\u00c1GUA.pdf\">N\u00ba 21 &#8211; RESPOSTA &#8211; IMPUGNA\u00c7\u00c3O &#8211; CONCESS\u00c3O \u00c1GUA<\/a><\/p>\n<p><a href=\"https:\/\/www.orlandia.sp.gov.br\/novo\/wp-content\/uploads\/2018\/04\/PREFEITO-DESPACHO-PEDIDO-DE-SUSPENS\u00c3O-RELATIVO-A-GREVE-DOS-CAMINHONEIROS-CP-005-2018-.pdf\">PREFEITO &#8211; DESPACHO &#8211; PEDIDO DE SUSPENS\u00c3O RELATIVO A GREVE DOS CAMINHONEIROS &#8211; CP 005-2018<\/a><\/p>\n<p><a href=\"https:\/\/www.orlandia.sp.gov.br\/novo\/wp-content\/uploads\/2018\/04\/AVISO-DE-SUSPENS\u00c3O-DE-LICITA\u00c7\u00c3O.pdf\">AVISO DE SUSPENS\u00c3O DE LICITA\u00c7\u00c3O<\/a><\/p>\n","protected":false},"excerpt":{"rendered":"<p>PROCESSO N\u00ba 59\/2018<br \/>\nOBJETO: CONCESS\u00c3O COMUM PARA EXPLORA\u00c7\u00c3O DOS SERVI\u00c7OS P\u00daBLICOS DE ABASTECIMENTO DE \u00c1GUA E DE ESGOTAMENTO SANIT\u00c1RIO NO MUNIC\u00cdPIO DE ORL\u00c2NDIA, QUE COMPREENDEM A CONSTRU\u00c7\u00c3O, A OPERA\u00c7\u00c3O E A MANUTEN\u00c7\u00c3O DAS UNIDADES INTEGRANTES DOS SISTEMAS F\u00cdSICOS, OPERACIONAIS E GERENCIAIS DE PRODU\u00c7\u00c3O E DISTRIBUI\u00c7\u00c3O DE \u00c1GUA, BEM COMO A COLETA, O AFASTAMENTO, O TRATAMENTO E A DISPOSI\u00c7\u00c3O DE ESGOTOS SANIT\u00c1RIOS, INCLUINDO A GEST\u00c3O DOS SISTEMAS ORGANIZACIONAIS, A COMERCIALIZA\u00c7\u00c3O DOS PRODUTOS E SERVI\u00c7OS ENVOLVIDOS E O ATENDIMENTO AOS USU\u00c1RIOS.<br \/>\nDATA DA REALIZA\u00c7\u00c3O: xx\/xx\/xxxx.<br \/>\nHOR\u00c1RIO: xx:xx horas.<br \/>\nLOCAL: Pra\u00e7a Coronel Francisco Orlando, n\u00ba 652 &#8211; Centro. <\/p>\n","protected":false},"author":10,"featured_media":0,"comment_status":"open","ping_status":"open","sticky":false,"template":"","format":"standard","meta":{"ngg_post_thumbnail":0,"footnotes":""},"categories":[34],"tags":[],"magazineBlocksPostFeaturedMedia":{"thumbnail":false,"medium":false,"medium_large":false,"large":false,"1536x1536":false,"2048x2048":false,"colormag-highlighted-post":false,"colormag-featured-post-medium":false,"colormag-featured-post-small":false,"colormag-featured-image":false,"colormag-default-news":false,"colormag-featured-image-large":false},"magazineBlocksPostAuthor":{"name":"Licita\u00e7\u00e3o","avatar":"https:\/\/secure.gravatar.com\/avatar\/510039dcf0c0f298820adcefb2dc032d?s=96&d=mm&r=g"},"magazineBlocksPostCommentsNumber":false,"magazineBlocksPostExcerpt":"PROCESSO N\u00ba 59\/2018\r\nOBJETO: CONCESS\u00c3O COMUM PARA EXPLORA\u00c7\u00c3O DOS SERVI\u00c7OS P\u00daBLICOS DE ABASTECIMENTO DE \u00c1GUA E DE ESGOTAMENTO SANIT\u00c1RIO NO MUNIC\u00cdPIO DE ORL\u00c2NDIA, QUE COMPREENDEM A CONSTRU\u00c7\u00c3O, A OPERA\u00c7\u00c3O E A MANUTEN\u00c7\u00c3O DAS UNIDADES INTEGRANTES DOS SISTEMAS F\u00cdSICOS, OPERACIONAIS E GERENCIAIS DE PRODU\u00c7\u00c3O E DISTRIBUI\u00c7\u00c3O DE \u00c1GUA, BEM COMO A COLETA, O AFASTAMENTO, O TRATAMENTO E A DISPOSI\u00c7\u00c3O DE ESGOTOS SANIT\u00c1RIOS, INCLUINDO A GEST\u00c3O DOS SISTEMAS ORGANIZACIONAIS, A COMERCIALIZA\u00c7\u00c3O DOS PRODUTOS E SERVI\u00c7OS ENVOLVIDOS E O ATENDIMENTO AOS USU\u00c1RIOS.\r\nDATA DA REALIZA\u00c7\u00c3O: xx\/xx\/xxxx. \r\nHOR\u00c1RIO: xx:xx horas. \r\nLOCAL: Pra\u00e7a Coronel Francisco Orlando, n\u00ba 652 - Centro. ","magazineBlocksPostCategories":["Concorr\u00eancia P\u00fablica"],"magazine_blocks_featured_image_url":{"full":false,"medium":false,"thumbnail":false},"magazine_blocks_author":{"display_name":"Licita\u00e7\u00e3o","author_link":"https:\/\/www.orlandia.sp.gov.br\/novo\/author\/licitacao"},"magazine_blocks_comment":0,"magazine_blocks_author_image":"https:\/\/secure.gravatar.com\/avatar\/510039dcf0c0f298820adcefb2dc032d?s=96&d=mm&r=g","magazine_blocks_category":"<a href=\"https:\/\/www.orlandia.sp.gov.br\/novo\/category\/publicacoes\/concorrencia-publica\" rel=\"category tag\">Concorr\u00eancia P\u00fablica<\/a>","_links":{"self":[{"href":"https:\/\/www.orlandia.sp.gov.br\/novo\/wp-json\/wp\/v2\/posts\/11788"}],"collection":[{"href":"https:\/\/www.orlandia.sp.gov.br\/novo\/wp-json\/wp\/v2\/posts"}],"about":[{"href":"https:\/\/www.orlandia.sp.gov.br\/novo\/wp-json\/wp\/v2\/types\/post"}],"author":[{"embeddable":true,"href":"https:\/\/www.orlandia.sp.gov.br\/novo\/wp-json\/wp\/v2\/users\/10"}],"replies":[{"embeddable":true,"href":"https:\/\/www.orlandia.sp.gov.br\/novo\/wp-json\/wp\/v2\/comments?post=11788"}],"version-history":[{"count":17,"href":"https:\/\/www.orlandia.sp.gov.br\/novo\/wp-json\/wp\/v2\/posts\/11788\/revisions"}],"predecessor-version":[{"id":12059,"href":"https:\/\/www.orlandia.sp.gov.br\/novo\/wp-json\/wp\/v2\/posts\/11788\/revisions\/12059"}],"wp:attachment":[{"href":"https:\/\/www.orlandia.sp.gov.br\/novo\/wp-json\/wp\/v2\/media?parent=11788"}],"wp:term":[{"taxonomy":"category","embeddable":true,"href":"https:\/\/www.orlandia.sp.gov.br\/novo\/wp-json\/wp\/v2\/categories?post=11788"},{"taxonomy":"post_tag","embeddable":true,"href":"https:\/\/www.orlandia.sp.gov.br\/novo\/wp-json\/wp\/v2\/tags?post=11788"}],"curies":[{"name":"wp","href":"https:\/\/api.w.org\/{rel}","templated":true}]}}