{"id":11318,"date":"2017-12-26T10:19:07","date_gmt":"2017-12-26T13:19:07","guid":{"rendered":"https:\/\/www.orlandia.sp.gov.br\/novo\/?p=11318"},"modified":"2018-01-03T07:54:09","modified_gmt":"2018-01-03T10:54:09","slug":"pregao-presencial-no-1202017","status":"publish","type":"post","link":"https:\/\/www.orlandia.sp.gov.br\/novo\/publicacoes\/pregao-presencial\/pregao-presencial-no-1202017","title":{"rendered":"PREG\u00c3O PRESENCIAL 120\/2017 (NOVO EDITAL ATUALIZADO)"},"content":{"rendered":"<p>O MUNIC\u00cdPIO DE ORL\u00c2NDIA, pessoa jur\u00eddica de direito p\u00fablico interno, com sede na cidade de Orl\u00e2ndia, Estado de S\u00e3o Paulo, na Pra\u00e7a Coronel Orlando n\u00ba 600, centro, CEP 14620-000, telefone (16) 3820-8000, inscrita no CNPJ\/MF sob n\u00ba 45.351.749\/0001\u201311, inscrita na I.E491.040.101.110 por determina\u00e7\u00e3o do Excelent\u00edssimo Senhor Prefeito Municipal, OSWALDO RIBEIRO JUNQUEIRA NETO, torna p\u00fablico que se acha aberta \u00e0 licita\u00e7\u00e3o na modalidade PREG\u00c3O &#8211; PRESENCIAL, do tipo MENOR VALOR GLOBAL \u2013 Processo n\u00ba 170\/2017 \u2013 objetivando a <strong>CONTRATA\u00c7\u00c3O DE EMPRESA ESPECIALIZADA NA LOCA\u00c7\u00c3O DE ESTRUTURA E M\u00c3O DE OBRA PARA MONTAGEM, MANUTEN\u00c7\u00c3O E DESMONTAGEM. PARA ATENDIMENTO DO EVENTO CARNAVAL 2018 A SER REALIZADO EM PRA\u00c7A P\u00daBLICA PELA PREFEITURA MUNICIPAL DE ORL\u00c2NDIA\/SP<\/strong>, que ser\u00e1 regida pela Lei Federal n\u00ba 10.520, de 17 de julho de 2002, Decreto Municipal n\u00ba 3373, de 30 de maio de 2005, aplicando-se subsidiariamente, no que couberem, as disposi\u00e7\u00f5es contidas na Lei Federal n\u00ba 8.666, de 21 de junho de 1993, e demais normas regulamentares aplic\u00e1veis \u00e0 esp\u00e9cie.<\/p>\n<p><a id=\"linkEdital\"onclick=\"validaDownload();\"onmouseover=\"carrega();\"href=\"https:\/\/www.orlandia.sp.gov.br\/novo\/wp-content\/uploads\/2017\/12\/EDITAL-PREG\u00c3O-120-2017-Contrata\u00e7\u00e3o-de-empresa-para-loca\u00e7\u00e3o-de-estrutura-para-o-Carnaval-2018-NOVO.pdf\">Download Edital <\/a><\/p>\n","protected":false},"excerpt":{"rendered":"<p>PROCESSO n\u00b0 170\/2017<br \/>\nOBJETO: CONTRATA\u00c7\u00c3O DE EMPRESA ESPECIALIZADA NA LOCA\u00c7\u00c3O DE ESTRUTURA E M\u00c3O DE OBRA PARA MONTAGEM, MANUTEN\u00c7\u00c3O E DESMONTAGEM. PARA ATENDIMENTO DO EVENTO CARNAVAL 2018 A SER REALIZADO EM PRA\u00c7A P\u00daBLICA PELA PREFEITURA MUNICIPAL DE ORL\u00c2NDIA\/SP.<br \/>\nDATA DA REALIZA\u00c7\u00c3O: 15\/01\/2018<br \/>\nHOR\u00c1RIO: 09:00 horas<br \/>\nLOCAL: Pra\u00e7a Coronel Orlando n\u00ba 652, centro.<\/p>\n","protected":false},"author":10,"featured_media":0,"comment_status":"open","ping_status":"open","sticky":false,"template":"","format":"standard","meta":{"ngg_post_thumbnail":0,"footnotes":""},"categories":[42],"tags":[],"magazineBlocksPostFeaturedMedia":{"thumbnail":false,"medium":false,"medium_large":false,"large":false,"1536x1536":false,"2048x2048":false,"colormag-highlighted-post":false,"colormag-featured-post-medium":false,"colormag-featured-post-small":false,"colormag-featured-image":false,"colormag-default-news":false,"colormag-featured-image-large":false},"magazineBlocksPostAuthor":{"name":"Licita\u00e7\u00e3o","avatar":"https:\/\/secure.gravatar.com\/avatar\/510039dcf0c0f298820adcefb2dc032d?s=96&d=mm&r=g"},"magazineBlocksPostCommentsNumber":false,"magazineBlocksPostExcerpt":"PROCESSO n\u00b0 170\/2017\r\nOBJETO: CONTRATA\u00c7\u00c3O DE EMPRESA ESPECIALIZADA NA LOCA\u00c7\u00c3O DE ESTRUTURA E M\u00c3O DE OBRA PARA MONTAGEM, MANUTEN\u00c7\u00c3O E DESMONTAGEM. PARA ATENDIMENTO DO EVENTO CARNAVAL 2018 A SER REALIZADO EM PRA\u00c7A P\u00daBLICA PELA PREFEITURA MUNICIPAL DE ORL\u00c2NDIA\/SP.\r\nDATA DA REALIZA\u00c7\u00c3O: 15\/01\/2018\r\nHOR\u00c1RIO: 09:00 horas \r\nLOCAL: Pra\u00e7a Coronel Orlando n\u00ba 652, centro.","magazineBlocksPostCategories":["Preg\u00e3o Presencial"],"magazine_blocks_featured_image_url":{"full":false,"medium":false,"thumbnail":false},"magazine_blocks_author":{"display_name":"Licita\u00e7\u00e3o","author_link":"https:\/\/www.orlandia.sp.gov.br\/novo\/author\/licitacao"},"magazine_blocks_comment":0,"magazine_blocks_author_image":"https:\/\/secure.gravatar.com\/avatar\/510039dcf0c0f298820adcefb2dc032d?s=96&d=mm&r=g","magazine_blocks_category":"<a href=\"https:\/\/www.orlandia.sp.gov.br\/novo\/category\/publicacoes\/pregao-presencial\" rel=\"category tag\">Preg\u00e3o Presencial<\/a>","_links":{"self":[{"href":"https:\/\/www.orlandia.sp.gov.br\/novo\/wp-json\/wp\/v2\/posts\/11318"}],"collection":[{"href":"https:\/\/www.orlandia.sp.gov.br\/novo\/wp-json\/wp\/v2\/posts"}],"about":[{"href":"https:\/\/www.orlandia.sp.gov.br\/novo\/wp-json\/wp\/v2\/types\/post"}],"author":[{"embeddable":true,"href":"https:\/\/www.orlandia.sp.gov.br\/novo\/wp-json\/wp\/v2\/users\/10"}],"replies":[{"embeddable":true,"href":"https:\/\/www.orlandia.sp.gov.br\/novo\/wp-json\/wp\/v2\/comments?post=11318"}],"version-history":[{"count":5,"href":"https:\/\/www.orlandia.sp.gov.br\/novo\/wp-json\/wp\/v2\/posts\/11318\/revisions"}],"predecessor-version":[{"id":11360,"href":"https:\/\/www.orlandia.sp.gov.br\/novo\/wp-json\/wp\/v2\/posts\/11318\/revisions\/11360"}],"wp:attachment":[{"href":"https:\/\/www.orlandia.sp.gov.br\/novo\/wp-json\/wp\/v2\/media?parent=11318"}],"wp:term":[{"taxonomy":"category","embeddable":true,"href":"https:\/\/www.orlandia.sp.gov.br\/novo\/wp-json\/wp\/v2\/categories?post=11318"},{"taxonomy":"post_tag","embeddable":true,"href":"https:\/\/www.orlandia.sp.gov.br\/novo\/wp-json\/wp\/v2\/tags?post=11318"}],"curies":[{"name":"wp","href":"https:\/\/api.w.org\/{rel}","templated":true}]}}